{"id":22092,"date":"2021-02-17T14:03:30","date_gmt":"2021-02-17T11:03:30","guid":{"rendered":"http:\/\/chpantalya.com\/?p=22092"},"modified":"2021-02-17T14:03:30","modified_gmt":"2021-02-17T11:03:30","slug":"zeybek-burokraside-atama-ve-terfi-akp-teskilatindan-mi-geciyor","status":"publish","type":"post","link":"https:\/\/chpantalya.com\/?p=22092","title":{"rendered":"ZEYBEK: B\u00dcROKRAS\u0130DE ATAMA VE TERF\u0130, AKP TE\u015eK\u0130LATINDAN MI GE\u00c7\u0130YOR?"},"content":{"rendered":"<p>CHP Antalya Milletvekili ve TBMM Adalet Komisyonu \u00dcyesi Rafet Zeybek, Antalya Gen\u00e7lik ve Spor M\u00fcd\u00fcrl\u00fc\u011f\u00fc\u2019ne 12 \u015eubat 2021\u2019de atamas\u0131 yap\u0131lan ve 13 \u015eubat 2021 tarihli Resmi Gazetede yay\u0131nlanan atama sonras\u0131 \u0130l M\u00fcd\u00fcr\u00fc Yavuz G\u00fcrhan\u2019\u0131n sosyal medya hesab\u0131ndan AKP \u0130l Ba\u015fkan\u0131 ve Milletvekillerine te\u015fekk\u00fcr etmesini, verdi\u011fi soru \u00f6nergesi ile TBMM g\u00fcndemine ta\u015f\u0131d\u0131.<\/p>\n<p><strong>AKP \u0130L BA\u015eKANINA TE\u015eEKK\u00dcR EDEN M\u00dcD\u00dcR TBMM G\u00dcNDEM\u0130NDE<\/strong><\/p>\n<p>CHP\u2019li Zeybek, Gen\u00e7lik ve Spor Bakan\u0131 Mehmet Muharrem Kasapo\u011flu\u2019nun yan\u0131tlamas\u0131 istemiyle verdi\u011fi soru \u00f6nergesinde, Antalya Gen\u00e7lik ve Spor M\u00fcd\u00fcrl\u00fc\u011f\u00fc\u2019ne asaleten atanan G\u00fcrhan\u2019\u0131n sosyal medya \u00fczerinden neden AKP \u0130l Ba\u015fkan\u0131 ve Milletvekillerine te\u015fekk\u00fcr etti\u011fini, bu atamada AKP \u0130l Ba\u015fkan\u0131 ve Milletvekillerinin talep ve g\u00f6r\u00fc\u015flerinin mi al\u0131nd\u0131\u011f\u0131n\u0131 sordu.<\/p>\n<p>CHP Antalya Milletvekili Zeybek, soru \u00f6nergesi sonras\u0131 yapt\u0131\u011f\u0131 a\u00e7\u0131klamada \u015fu ifadeleri kulland\u0131; \u201cAKP d\u00f6neminde atanan b\u00fcrokratlar\u0131n \u0130l Ba\u015fkanlar\u0131na te\u015fekk\u00fcr etti\u011fi sisteme \u201cpartili Cumhurba\u015fkanl\u0131\u011f\u0131 sistemi\u201d diyoruz. Antalya \u0130l Gen\u00e7lik ve Spor M\u00fcd\u00fcrl\u00fc\u011f\u00fcne atanan b\u00fcrokrat neden AKP \u0130l Ba\u015fkan\u0131na ve Milletvekillerine te\u015fekk\u00fcr etme gere\u011fi duyar anlamak m\u00fcmk\u00fcn de\u011fil. Devletin b\u00fcrokrasisi, AKP\u2019nin b\u00fcrokrasisine teslim edilmi\u015f durumdad\u0131r.\u201d dedi.<\/p>\n<p><strong>B\u00dcROKRAS\u0130DE ATAMA VE TERF\u0130, AKP TE\u015eK\u0130LATINDAN MI GE\u00c7\u0130YOR?<\/strong><\/p>\n<p>CHP\u2019li Zeybek, AKP\u2019nin Gen\u00e7lik ve Spor M\u00fcd\u00fcrl\u00fc\u011f\u00fcnde referansl\u0131 bu ataman\u0131n \u00f6rneklerinin ne yaz\u0131k ki yarg\u0131 ba\u015fta olmak \u00fczere kamunun bir\u00e7ok alan\u0131nda oldu\u011funu da ifade etti. CHP Antalya Milletvekili Zeybek a\u00e7\u0131klamas\u0131n\u0131n devam\u0131nda \u201cB\u00fcrokraside atama ve terfilerde AKP \u0130l Ba\u015fkanlar\u0131 ve Milletvekillerinin referans oldu\u011fu, i\u015fe al\u0131mlarda da bu kriterlerin kabul g\u00f6rd\u00fc\u011f\u00fc iddialar\u0131na da \u00f6nergemizde yer verdik. \u00dclkemizde y\u00fczbinlerce gencimiz i\u015f ve atama beklerken, bu umutla s\u0131navlara girerken, AKP\u2019nin b\u00fcrokrasiye m\u00fcdahale etmesi adaletsizliktir. Atanan m\u00fcd\u00fcr\u00fcn devletin m\u00fcd\u00fcr\u00fc m\u00fc, AKP\u2019nin m\u00fcd\u00fcr\u00fc m\u00fc olaca\u011f\u0131n\u0131 dikkatle takip edece\u011fiz. Liyakatin yok say\u0131ld\u0131\u011f\u0131, parti referans\u0131n\u0131n kabul g\u00f6rd\u00fc\u011f\u00fc bu d\u00fczen mutlaka de\u011fi\u015fecektir.\u201d dedi.<\/p>\n","protected":false},"excerpt":{"rendered":"<p>CHP Antalya Milletvekili ve TBMM Adalet Komisyonu \u00dcyesi Rafet Zeybek, Antalya Gen\u00e7lik ve Spor M\u00fcd\u00fcrl\u00fc\u011f\u00fc\u2019ne 12 \u015eubat 2021\u2019de atamas\u0131 yap\u0131lan ve 13 \u015eubat 2021 tarihli Resmi Gazetede yay\u0131nlanan atama sonras\u0131 \u0130l M\u00fcd\u00fcr\u00fc Yavuz G\u00fcrhan\u2019\u0131n sosyal medya hesab\u0131ndan AKP \u0130l Ba\u015fkan\u0131 ve Milletvekillerine te\u015fekk\u00fcr etmesini, verdi\u011fi soru \u00f6nergesi ile TBMM g\u00fcndemine ta\u015f\u0131d\u0131. AKP \u0130L BA\u015eKANINA TE\u015eEKK\u00dcR [&hellip;]<\/p>\n","protected":false},"author":1,"featured_media":21808,"comment_status":"closed","ping_status":"open","sticky":false,"template":"","format":"standard","meta":[],"categories":[35,62],"tags":[],"amp_enabled":true,"_links":{"self":[{"href":"https:\/\/chpantalya.com\/index.php?rest_route=\/wp\/v2\/posts\/22092"}],"collection":[{"href":"https:\/\/chpantalya.com\/index.php?rest_route=\/wp\/v2\/posts"}],"about":[{"href":"https:\/\/chpantalya.com\/index.php?rest_route=\/wp\/v2\/types\/post"}],"author":[{"embeddable":true,"href":"https:\/\/chpantalya.com\/index.php?rest_route=\/wp\/v2\/users\/1"}],"replies":[{"embeddable":true,"href":"https:\/\/chpantalya.com\/index.php?rest_route=%2Fwp%2Fv2%2Fcomments&post=22092"}],"version-history":[{"count":0,"href":"https:\/\/chpantalya.com\/index.php?rest_route=\/wp\/v2\/posts\/22092\/revisions"}],"wp:featuredmedia":[{"embeddable":true,"href":"https:\/\/chpantalya.com\/index.php?rest_route=\/wp\/v2\/media\/21808"}],"wp:attachment":[{"href":"https:\/\/chpantalya.com\/index.php?rest_route=%2Fwp%2Fv2%2Fmedia&parent=22092"}],"wp:term":[{"taxonomy":"category","embeddable":true,"href":"https:\/\/chpantalya.com\/index.php?rest_route=%2Fwp%2Fv2%2Fcategories&post=22092"},{"taxonomy":"post_tag","embeddable":true,"href":"https:\/\/chpantalya.com\/index.php?rest_route=%2Fwp%2Fv2%2Ftags&post=22092"}],"curies":[{"name":"wp","href":"https:\/\/api.w.org\/{rel}","templated":true}]}}