{"id":22094,"date":"2021-02-17T14:04:53","date_gmt":"2021-02-17T11:04:53","guid":{"rendered":"http:\/\/chpantalya.com\/?p=22094"},"modified":"2021-02-17T14:04:53","modified_gmt":"2021-02-17T11:04:53","slug":"kepez-kentsel-donusum-projesindeki-hak-sahiplerinin-kira-yardimi-cilesi-ne-zaman-bitecek","status":"publish","type":"post","link":"https:\/\/chpantalya.com\/?p=22094","title":{"rendered":"\u201cKEPEZ KENTSEL D\u00d6N\u00dc\u015e\u00dcM PROJES\u0130NDEK\u0130 HAK SAH\u0130PLER\u0130N\u0130N K\u0130RA YARDIMI \u00c7\u0130LES\u0130 NE ZAMAN B\u0130TECEK?\u201d"},"content":{"rendered":"<p>TBMM Plan ve B\u00fct\u00e7e Komisyonu \u00fcyesi CHP Antalya Milletvekili Av.Cavit Ar\u0131,<\/p>\n<p>\u201cAntalya ili Kepez il\u00e7esinin Kepez ve Santral mahallesinde ger\u00e7ekle\u015ftirilen kentsel d\u00f6n\u00fc\u015f\u00fcm projesindeki hak sahiplerinin s\u00f6z verilmesine ra\u011fmen halen \u00f6denmeyen 5 ayl\u0131k kira yard\u0131m\u0131 \u00e7ilesi ne zaman bitecek?\u201d diye sorarak tepkisini bir kez daha dile getirdi.<\/p>\n<p>&nbsp;<\/p>\n<p>CHP Antalya Milletvekili Av.Cavit ARI, \u201cKepez kentsel d\u00f6n\u00fc\u015f\u00fcm projesinin zaman\u0131nda bitirilemeyen ve halen in\u015faat\u0131 devam eden konutlar\u0131ndan ma\u011fdur olan vatanda\u015flar\u0131m\u0131z\u0131n ma\u011fduriyetlerinin \u00fczerine adeta tuzu biberi olan \u00f6denmeyen kira yard\u0131m\u0131 \u00e7ilesi, bizzat \u00c7evre ve \u015eehircilik Bakan\u0131 taraf\u0131ndan gecikmi\u015f kira yard\u0131m\u0131 \u00f6demeleri yap\u0131lacak diye s\u00f6z vermesine ra\u011fmen devam etmektedir. 2658 vatanda\u015f\u0131m\u0131z\u0131n Bakanl\u0131k taraf\u0131ndan yap\u0131lmas\u0131 gereken 5 ayl\u0131k gecikmi\u015f kira yard\u0131m\u0131 \u00f6demesi halen yap\u0131lmam\u0131\u015ft\u0131r. Vatanda\u015flar\u0131m\u0131z\u0131n bu \u00e7ilesine ne zaman nihai olarak son verilecektir? Buradan ba\u015fta \u00c7evre ve \u015eehircilik Bakan\u0131 Murat Kurum olmak \u00fczere Bakanl\u0131k yetkililerine bir kez daha sesleniyorum, bu ma\u011fduriyete derhal bir son verin.\u201d dedi.<\/p>\n<p>&nbsp;<\/p>\n","protected":false},"excerpt":{"rendered":"<p>TBMM Plan ve B\u00fct\u00e7e Komisyonu \u00fcyesi CHP Antalya Milletvekili Av.Cavit Ar\u0131, \u201cAntalya ili Kepez il\u00e7esinin Kepez ve Santral mahallesinde ger\u00e7ekle\u015ftirilen kentsel d\u00f6n\u00fc\u015f\u00fcm projesindeki hak sahiplerinin s\u00f6z verilmesine ra\u011fmen halen \u00f6denmeyen 5 ayl\u0131k kira yard\u0131m\u0131 \u00e7ilesi ne zaman bitecek?\u201d diye sorarak tepkisini bir kez daha dile getirdi. &nbsp; CHP Antalya Milletvekili Av.Cavit ARI, \u201cKepez kentsel d\u00f6n\u00fc\u015f\u00fcm [&hellip;]<\/p>\n","protected":false},"author":1,"featured_media":22095,"comment_status":"closed","ping_status":"open","sticky":false,"template":"","format":"standard","meta":[],"categories":[63,35],"tags":[],"amp_enabled":true,"_links":{"self":[{"href":"https:\/\/chpantalya.com\/index.php?rest_route=\/wp\/v2\/posts\/22094"}],"collection":[{"href":"https:\/\/chpantalya.com\/index.php?rest_route=\/wp\/v2\/posts"}],"about":[{"href":"https:\/\/chpantalya.com\/index.php?rest_route=\/wp\/v2\/types\/post"}],"author":[{"embeddable":true,"href":"https:\/\/chpantalya.com\/index.php?rest_route=\/wp\/v2\/users\/1"}],"replies":[{"embeddable":true,"href":"https:\/\/chpantalya.com\/index.php?rest_route=%2Fwp%2Fv2%2Fcomments&post=22094"}],"version-history":[{"count":0,"href":"https:\/\/chpantalya.com\/index.php?rest_route=\/wp\/v2\/posts\/22094\/revisions"}],"wp:featuredmedia":[{"embeddable":true,"href":"https:\/\/chpantalya.com\/index.php?rest_route=\/wp\/v2\/media\/22095"}],"wp:attachment":[{"href":"https:\/\/chpantalya.com\/index.php?rest_route=%2Fwp%2Fv2%2Fmedia&parent=22094"}],"wp:term":[{"taxonomy":"category","embeddable":true,"href":"https:\/\/chpantalya.com\/index.php?rest_route=%2Fwp%2Fv2%2Fcategories&post=22094"},{"taxonomy":"post_tag","embeddable":true,"href":"https:\/\/chpantalya.com\/index.php?rest_route=%2Fwp%2Fv2%2Ftags&post=22094"}],"curies":[{"name":"wp","href":"https:\/\/api.w.org\/{rel}","templated":true}]}}