{"id":22101,"date":"2021-02-17T17:28:52","date_gmt":"2021-02-17T14:28:52","guid":{"rendered":"http:\/\/chpantalya.com\/?p=22101"},"modified":"2021-02-17T17:28:52","modified_gmt":"2021-02-17T14:28:52","slug":"narenciye-bahcesinde-neler-oluyor","status":"publish","type":"post","link":"https:\/\/chpantalya.com\/?p=22101","title":{"rendered":"NARENC\u0130YE BAH\u00c7ES\u0130NDE NELER OLUYOR?"},"content":{"rendered":"<p>Zerdalilik Mahallesindeki Narenciye Bah\u00e7esi\u2019nin kiraya verilmesi sonras\u0131 kamuoyundan \u201cNarenciye a\u011fa\u00e7lar\u0131 kesiliyor\u201d ihbar\u0131 ald\u0131klar\u0131n\u0131 ifade eden CHP Antalya \u0130l Ba\u015fkan\u0131 Nusret Bayar, b\u00f6lgeye giderek incelemelerde bulundu. Ba\u015fkan Bayar, \u201cBizler gibi y\u00fczbinlerce Antalya sevdal\u0131s\u0131 vatanda\u015f bu konunun yak\u0131ndan takip\u00e7isi olacakt\u0131r. Ranta ve talana m\u00fcsaade etmeyiz\u201d dedi<\/p>\n<p>Cumhuriyet Halk Partisi Antalya \u0130l Ba\u015fkan\u0131 Nusret Bayar, Zerdalilik Mahallesinde bulunan 60 bin metrekarelik Narenciye Bah\u00e7esi\u2019nin Antalya Vak\u0131flar B\u00f6lge M\u00fcd\u00fcrl\u00fc\u011f\u00fc taraf\u0131ndan kiraya verilmesi sonras\u0131, \u0130l Y\u00f6neticileri ile birlikte b\u00f6lgeye giderek incelemelerde bulundu. Kamuoyundan \u201cNarenciye a\u011fa\u00e7lar\u0131n\u0131n kesildi\u011fi\u201d y\u00f6n\u00fcnde ihbar geldi\u011fini belirten Ba\u015fkan Bayar, bah\u00e7eyi kiralayan \u015fah\u0131sla g\u00f6r\u00fc\u015ft\u00fckten sonra a\u00e7\u0131klamalarda bulundu. CHP Antalya \u0130l Ba\u015fkan\u0131 Nusret Bayar\u2019\u0131n a\u00e7\u0131klamas\u0131nda \u015fu ifadeler yer ald\u0131;<\/p>\n<p>\u201cAntalya\u2019n\u0131n kalbinde bulunan, \u015fehrin en g\u00fczide ye\u015fil alanlar\u0131ndan Zerdalilik Mahallesindeki 60 bin metrekarelik Narenciye Bah\u00e7esi, Antalya Vak\u0131flar B\u00f6lge M\u00fcd\u00fcrl\u00fc\u011f\u00fc taraf\u0131ndan ayl\u0131k 45 bin TL\u2019lik bedelle kiraya verildi.<\/p>\n<p>\u0130l Y\u00f6neticilerimiz ile birlikte, kamuoyundan gelen; \u201cNarenciye bah\u00e7esindeki a\u011fa\u00e7lar\u0131n kesildi\u011fi, b\u00f6lgede hal\u0131 saha ve \u00e7ay bah\u00e7esi in\u015fa edilmek \u00fczere haz\u0131rl\u0131k oldu\u011fu\u201d ihbarlar\u0131 do\u011frultusunda kiralanan alana giderek incelemelerde bulunduk.<\/p>\n<p>Baz\u0131 alanlardan a\u011fa\u00e7lar\u0131n kesilip yerine \u00e7im ekildi\u011fini, baz\u0131 alanlar\u0131n ise yeniden d\u00fczenlenmek \u00fczere kaz\u0131ld\u0131\u011f\u0131n\u0131 g\u00f6rd\u00fck. Bah\u00e7eyi kiralayan \u015fah\u0131s ile yapt\u0131\u011f\u0131m\u0131z g\u00f6r\u00fc\u015fmede kendisine, \u2018Alanda ne gibi bir \u00e7al\u0131\u015fma olaca\u011f\u0131n\u0131, bah\u00e7enin ne ama\u00e7la kiraland\u0131\u011f\u0131n\u0131?\u2019 sorduk. Bah\u00e7eyi kiralayan \u015fah\u0131s; burada \u00e7ay bah\u00e7esi konseptinde, kafe ve pastane \u00fcr\u00fcnlerinin sat\u0131ld\u0131\u011f\u0131, bir tarafta spor yap\u0131lacak alanlar bulunan g\u00fcn\u00fcbirlik sosyal bir tesis alan\u0131 yap\u0131m\u0131n\u0131n planland\u0131\u011f\u0131n\u0131 taraf\u0131m\u0131za iletti.<\/p>\n<p>Cumhuriyet Halk Partisi Antalya \u0130l Ba\u015fkan\u0131 \u00fcnvan\u0131m\u0131 bir kenara b\u0131rak\u0131p; bu \u015fehrin do\u011fas\u0131na, havas\u0131na, suyuna sevdal\u0131 bir Antalyal\u0131 vatanda\u015f olarak Antalya Valili\u011fine ve Vak\u0131flar B\u00f6lge M\u00fcd\u00fcrl\u00fc\u011f\u00fc\u2019ne soruyorum;<\/p>\n<p>\u015eehrin merkezindeki en b\u00fcy\u00fck ye\u015fil alanlardan biri olan Narenciye Bah\u00e7esi, \u2018Neden? Ne \u015fekilde? Ne ama\u00e7la kiralaya verilmi\u015ftir? Kiralanmadan \u00f6nce kimlerin fikri al\u0131nm\u0131\u015ft\u0131r? Bah\u00e7ede bulunan narenciye a\u011fa\u00e7lar\u0131 ba\u015fta olmak \u00fczere di\u011fer do\u011fal g\u00fczellikler ne denli koruma alt\u0131na al\u0131nm\u0131\u015ft\u0131r? Y\u0131ll\u0131k kira bedeli 500 bin TL\u2019nin \u00fczerine olan bu devasa alanda, kira bedelinin kar\u015f\u0131lanabilmesi ad\u0131na ne gibi \u00e7al\u0131\u015fmalar yap\u0131lmas\u0131na m\u00fcsaade edilmi\u015ftir?<\/p>\n<p>Antalya kamuoyu ad\u0131na Antalya Valili\u011fi ve Vak\u0131flar B\u00f6lge M\u00fcd\u00fcrl\u00fc\u011f\u00fc\u2019nden bu sorular\u0131n cevab\u0131n\u0131 bekliyoruz.<\/p>\n<p>\u00c7ok iyi bilinmelidir ki; bizler gibi y\u00fczbinlerce Antalya sevdal\u0131s\u0131 vatanda\u015f bu konunun yak\u0131ndan takip\u00e7isi olacakt\u0131r. Ba\u015fta Antalyam\u0131z olmak \u00fczere; elimizin uzand\u0131\u011f\u0131, g\u00fcc\u00fcm\u00fcz\u00fcn yetti\u011fi her yerde do\u011fan\u0131n ve do\u011fal g\u00fczelliklerin savunucusu olacak, bu g\u00fczelliklerin ranta ve talana kurban gitmelerine asla m\u00fcsaade etmeyece\u011fiz!\u201d<\/p>\n<p><a href=\"https:\/\/chpantalya.com\/?attachment_id=22102\" rel=\"attachment wp-att-22102\"><img loading=\"lazy\" class=\"alignleft size-full wp-image-22102\" src=\"https:\/\/chpantalya.com\/wp-content\/uploads\/2021\/02\/1-1.jpeg\" alt=\"\" width=\"1590\" height=\"1079\" srcset=\"https:\/\/chpantalya.com\/wp-content\/uploads\/2021\/02\/1-1.jpeg 1590w, https:\/\/chpantalya.com\/wp-content\/uploads\/2021\/02\/1-1-300x204.jpeg 300w, https:\/\/chpantalya.com\/wp-content\/uploads\/2021\/02\/1-1-768x521.jpeg 768w, https:\/\/chpantalya.com\/wp-content\/uploads\/2021\/02\/1-1-1024x695.jpeg 1024w, https:\/\/chpantalya.com\/wp-content\/uploads\/2021\/02\/1-1-696x472.jpeg 696w, https:\/\/chpantalya.com\/wp-content\/uploads\/2021\/02\/1-1-1392x945.jpeg 1392w, https:\/\/chpantalya.com\/wp-content\/uploads\/2021\/02\/1-1-1068x725.jpeg 1068w, https:\/\/chpantalya.com\/wp-content\/uploads\/2021\/02\/1-1-619x420.jpeg 619w, https:\/\/chpantalya.com\/wp-content\/uploads\/2021\/02\/1-1-1238x840.jpeg 1238w\" sizes=\"(max-width: 1590px) 100vw, 1590px\" \/><\/a> <a href=\"https:\/\/chpantalya.com\/?attachment_id=22103\" rel=\"attachment wp-att-22103\"><img loading=\"lazy\" class=\"alignleft size-full wp-image-22103\" src=\"https:\/\/chpantalya.com\/wp-content\/uploads\/2021\/02\/2-1.jpeg\" alt=\"\" width=\"1590\" height=\"1076\" srcset=\"https:\/\/chpantalya.com\/wp-content\/uploads\/2021\/02\/2-1.jpeg 1590w, https:\/\/chpantalya.com\/wp-content\/uploads\/2021\/02\/2-1-300x203.jpeg 300w, https:\/\/chpantalya.com\/wp-content\/uploads\/2021\/02\/2-1-768x520.jpeg 768w, https:\/\/chpantalya.com\/wp-content\/uploads\/2021\/02\/2-1-1024x693.jpeg 1024w, https:\/\/chpantalya.com\/wp-content\/uploads\/2021\/02\/2-1-696x471.jpeg 696w, https:\/\/chpantalya.com\/wp-content\/uploads\/2021\/02\/2-1-1392x942.jpeg 1392w, https:\/\/chpantalya.com\/wp-content\/uploads\/2021\/02\/2-1-1068x723.jpeg 1068w, https:\/\/chpantalya.com\/wp-content\/uploads\/2021\/02\/2-1-621x420.jpeg 621w, https:\/\/chpantalya.com\/wp-content\/uploads\/2021\/02\/2-1-1241x840.jpeg 1241w\" sizes=\"(max-width: 1590px) 100vw, 1590px\" \/><\/a> <a href=\"https:\/\/chpantalya.com\/?attachment_id=22104\" rel=\"attachment wp-att-22104\"><img loading=\"lazy\" class=\"alignleft size-full wp-image-22104\" src=\"https:\/\/chpantalya.com\/wp-content\/uploads\/2021\/02\/3-1.jpeg\" alt=\"\" width=\"1589\" height=\"1063\" srcset=\"https:\/\/chpantalya.com\/wp-content\/uploads\/2021\/02\/3-1.jpeg 1589w, https:\/\/chpantalya.com\/wp-content\/uploads\/2021\/02\/3-1-300x201.jpeg 300w, https:\/\/chpantalya.com\/wp-content\/uploads\/2021\/02\/3-1-768x514.jpeg 768w, https:\/\/chpantalya.com\/wp-content\/uploads\/2021\/02\/3-1-1024x685.jpeg 1024w, https:\/\/chpantalya.com\/wp-content\/uploads\/2021\/02\/3-1-696x466.jpeg 696w, https:\/\/chpantalya.com\/wp-content\/uploads\/2021\/02\/3-1-1392x931.jpeg 1392w, https:\/\/chpantalya.com\/wp-content\/uploads\/2021\/02\/3-1-1068x714.jpeg 1068w, https:\/\/chpantalya.com\/wp-content\/uploads\/2021\/02\/3-1-628x420.jpeg 628w, https:\/\/chpantalya.com\/wp-content\/uploads\/2021\/02\/3-1-1256x840.jpeg 1256w\" sizes=\"(max-width: 1589px) 100vw, 1589px\" \/><\/a><\/p>\n","protected":false},"excerpt":{"rendered":"<p>Zerdalilik Mahallesindeki Narenciye Bah\u00e7esi\u2019nin kiraya verilmesi sonras\u0131 kamuoyundan \u201cNarenciye a\u011fa\u00e7lar\u0131 kesiliyor\u201d ihbar\u0131 ald\u0131klar\u0131n\u0131 ifade eden CHP Antalya \u0130l Ba\u015fkan\u0131 Nusret Bayar, b\u00f6lgeye giderek incelemelerde bulundu. Ba\u015fkan Bayar, \u201cBizler gibi y\u00fczbinlerce Antalya sevdal\u0131s\u0131 vatanda\u015f bu konunun yak\u0131ndan takip\u00e7isi olacakt\u0131r. Ranta ve talana m\u00fcsaade etmeyiz\u201d dedi Cumhuriyet Halk Partisi Antalya \u0130l Ba\u015fkan\u0131 Nusret Bayar, Zerdalilik Mahallesinde bulunan [&hellip;]<\/p>\n","protected":false},"author":1,"featured_media":22104,"comment_status":"closed","ping_status":"open","sticky":false,"template":"","format":"standard","meta":[],"categories":[58],"tags":[],"amp_enabled":true,"_links":{"self":[{"href":"https:\/\/chpantalya.com\/index.php?rest_route=\/wp\/v2\/posts\/22101"}],"collection":[{"href":"https:\/\/chpantalya.com\/index.php?rest_route=\/wp\/v2\/posts"}],"about":[{"href":"https:\/\/chpantalya.com\/index.php?rest_route=\/wp\/v2\/types\/post"}],"author":[{"embeddable":true,"href":"https:\/\/chpantalya.com\/index.php?rest_route=\/wp\/v2\/users\/1"}],"replies":[{"embeddable":true,"href":"https:\/\/chpantalya.com\/index.php?rest_route=%2Fwp%2Fv2%2Fcomments&post=22101"}],"version-history":[{"count":0,"href":"https:\/\/chpantalya.com\/index.php?rest_route=\/wp\/v2\/posts\/22101\/revisions"}],"wp:featuredmedia":[{"embeddable":true,"href":"https:\/\/chpantalya.com\/index.php?rest_route=\/wp\/v2\/media\/22104"}],"wp:attachment":[{"href":"https:\/\/chpantalya.com\/index.php?rest_route=%2Fwp%2Fv2%2Fmedia&parent=22101"}],"wp:term":[{"taxonomy":"category","embeddable":true,"href":"https:\/\/chpantalya.com\/index.php?rest_route=%2Fwp%2Fv2%2Fcategories&post=22101"},{"taxonomy":"post_tag","embeddable":true,"href":"https:\/\/chpantalya.com\/index.php?rest_route=%2Fwp%2Fv2%2Ftags&post=22101"}],"curies":[{"name":"wp","href":"https:\/\/api.w.org\/{rel}","templated":true}]}}