{"id":22106,"date":"2021-02-18T16:57:22","date_gmt":"2021-02-18T13:57:22","guid":{"rendered":"http:\/\/chpantalya.com\/?p=22106"},"modified":"2021-02-18T16:57:22","modified_gmt":"2021-02-18T13:57:22","slug":"ozerden-istihdam-icin-meclis-arastirmasi","status":"publish","type":"post","link":"https:\/\/chpantalya.com\/?p=22106","title":{"rendered":"\u00d6ZER\u2019DEN \u0130ST\u0130HDAM \u0130\u00c7\u0130N MECL\u0130S ARA\u015eTIRMASI"},"content":{"rendered":"<p>CHP\u2019li \u00d6zer, ger\u00e7ek\u00e7i bir istihdam politikas\u0131n\u0131n olu\u015fturulmas\u0131 i\u00e7in TBMM\u2019de bir ara\u015ft\u0131rma komisyonu kurulmas\u0131n\u0131 teklif etti. \u00d6zer, \u201cEkonomik y\u00f6nden g\u00fc\u00e7s\u00fcz t\u00fcm kesimlerin ayakta kalmas\u0131 ve toplumun maddi ve manevi gelece\u011finin g\u00fcvenceye al\u0131nmas\u0131 sa\u011flanmal\u0131d\u0131r\u201d dedi.<\/p>\n<p>&nbsp;<\/p>\n<p>&nbsp;<\/p>\n<p>Covid-19 salg\u0131n\u0131n ba\u015fta ekonomi olmak \u00fczere yaratt\u0131\u011f\u0131 ve yaratmaya devam edece\u011fi muhtemel olumsuzluklar\u0131n giderilmesi i\u00e7in T\u00fcrkiye\u2019de ger\u00e7ek\u00e7i ve do\u011fru ad\u0131mlar\u0131 i\u00e7eren bir istihdam politikas\u0131na ihtiya\u00e7 oldu\u011funu s\u00f6yleyen CHP Antalya Milletvekili Ayd\u0131n \u00d6zer, konuyla ilgili bir ara\u015ft\u0131rma \u00f6nergesi verdi. T\u00fcrkiye\u2019nin g\u00f6z g\u00f6re g\u00f6re u\u00e7uruma s\u00fcr\u00fcklendi\u011fini belirten \u00d6zer, \u00f6nergesine gerek\u00e7e olarak da \u015fu ifadeleri s\u0131ralad\u0131:<\/p>\n<p>&nbsp;<\/p>\n<p><strong>H\u00dcK\u00dcMET KEND\u0130N\u0130 DE KANDIRIYOR<\/strong><\/p>\n<p>&nbsp;<\/p>\n<p>\u201cH\u00fck\u00fcmet ger\u00e7ek\u00e7i olmayan i\u015fsizlik ve istihdam oranlar\u0131yla kendini de kand\u0131r\u0131yor. Mevcuttaki istihdam politikas\u0131n\u0131n olumsuzluklar\u0131n\u0131n resmi olarak ortaya konulmas\u0131 gerek. \u0130\u015fsizlikle m\u00fccadelede \u2018i\u015fe yaramayanlar\u2019 yerine \u2018i\u015fe yarayan\u2019 acil yard\u0131mlar\u0131n tespiti ile uzun vadede tedaviye y\u00f6nelik uygulamalar\u0131n planlanmas\u0131 gerek. \u00d6ncelikle hangi alanlarda \u00fcretim fakt\u00f6rlerinin art\u0131r\u0131laca\u011f\u0131n\u0131n ve bunun i\u00e7in hangi destek ve te\u015fviklerin gerekti\u011finin belirlenmesi gerek. \u0130\u015fsizler d\u0131\u015f\u0131nda kalan ekonomik y\u00f6nden g\u00fc\u00e7s\u00fcz kesimlerin; esnaf\u0131m\u0131z\u0131n, \u00e7it\u00e7imizin, ayakta kalmas\u0131n\u0131 sa\u011flayacak uygulamalara ge\u00e7ilmesi gerek. Neticede \u00fclkenin yarar\u0131na olacak bir istihdam politikas\u0131na ge\u00e7ilerek toplumun maddi ve manevi gelece\u011finin g\u00fcvenceye al\u0131nmas\u0131 gerek. Bu nedenlerle, h\u00fck\u00fcmete yol g\u00f6sterici olmak ad\u0131na, ger\u00e7ek\u00e7i bir istihdam politikas\u0131n\u0131n belirlenmesi i\u00e7in Meclis Ara\u015ft\u0131rma Komisyonu kurulmas\u0131n\u0131 teklif ettik.\u201d<\/p>\n<p>&nbsp;<\/p>\n<p><strong>B\u0130NLERCE GEN\u00c7 \u0130ST\u0130HDAM BEKL\u0130YOR<\/strong><\/p>\n<p>&nbsp;<\/p>\n<p>\u0130\u00e7inde bulundu\u011fumuz d\u00f6nemde \u00fclke kaynaklar\u0131n\u0131n istihdam\u0131 art\u0131r\u0131c\u0131 kanallara aktar\u0131lmas\u0131 ve toplumsal uzla\u015fman\u0131n sa\u011flanmas\u0131 i\u00e7in konunun TBMM taraf\u0131ndan ele al\u0131nmas\u0131 gerekti\u011fini belirten \u00d6zer, kamu istihdam\u0131ndaki yetersizli\u011fe de dikkat \u00e7ekti.<\/p>\n<p>\u201cHer meslek grubundan ve alan\u0131ndan binlerce gen\u00e7, hemen her g\u00fcn sosyal medyadan istihdam beklentisini ve talebini duyurmaya \u00e7al\u0131\u015f\u0131yor. Biz de Bakanlara istihdam planlar\u0131n\u0131 soruyoruz ama yan\u0131t veremiyorlar \u00e7\u00fcnk\u00fc onlar da yan\u0131t\u0131 bilmiyor, \u00e7\u00fcnk\u00fc al\u0131mlara Cumhurba\u015fkanl\u0131\u011f\u0131 Strateji ve B\u00fct\u00e7e Ba\u015fkanl\u0131\u011f\u0131 karar veriyor. Bu do\u011frultuda Cumhurba\u015fkan\u0131 Yard\u0131mc\u0131s\u0131 Fuat Oktay\u2019a 27 Kas\u0131m 2020\u2019de bir soru \u00f6nergesi y\u00f6nelttik. \u0130stihdam politikas\u0131 ve planlamas\u0131n\u0131 sorduk. Ama tek sat\u0131r bile olsa, bir yan\u0131t gelmedi! Bu da bizim h\u00fck\u00fcmetin buna dair bir politikas\u0131 olmad\u0131\u011f\u0131n\u0131 d\u00fc\u015f\u00fcnmemize sebep oluyor haliyle! \u00d6yleyse h\u00fck\u00fcmet, toplumun maddi ve manevi gelece\u011fini tehlikeye at\u0131yor!\u201d<\/p>\n<p><strong>\u0130THALAT KAFASINDAN \u00c7IKILMALIDIR<\/strong><\/p>\n<p>TBMM\u2019ye sundu\u011fu ara\u015ft\u0131rma \u00f6nergesinde T\u00dc\u0130K\u2019in dar tan\u0131ml\u0131 i\u015fsizlik oranlar\u0131na kar\u015f\u0131l\u0131k, D\u0130SK-AR\u2019\u0131n geni\u015f tan\u0131ml\u0131 i\u015fsizlik oranlar\u0131n\u0131n Covid-19 nedenli i\u015f kay\u0131plar\u0131n\u0131 da ortaya koydu\u011funu vurgulayan CHP\u2019li \u00d6zer, \u201cVeriler ger\u00e7ek\u00e7i de\u011filse, istihdam\u0131n da ger\u00e7ek\u00e7ili\u011fi tart\u0131\u015f\u0131l\u0131r\u201d diyerek \u015f\u00f6yle devam etti:<\/p>\n<p>\u201cH\u00fck\u00fcmetin bir istihdam politikas\u0131 var m\u0131d\u0131r? Varsa \u00e7er\u00e7evesi nedir, \u00fclkenin yarar\u0131na m\u0131d\u0131r? E\u011fer y\u00fcz\u00fcm\u00fcz\u00fc t\u00fcketimden \u00fcretime \u00e7evirerek istihdam kanallar\u0131 a\u00e7\u0131lmas\u0131na \u00e7aba harcarsak ekonomi de i\u015fleyecektir. \u0130thalat kafas\u0131ndan \u00e7\u0131k\u0131p \u00fcretim kafas\u0131na girmek gerek. Yerli ve milli \u00fcretim diye alg\u0131 yarat\u0131yorlar ama asl\u0131nda tarladan sanayiye kadar ithalat s\u00f6z konusu. Tarlada tohum veya g\u00fcbre ithal, sanayide motordan cevhere kadar her par\u00e7a. En basitinden vatanda\u015f \u015funu g\u00f6rmelidir; e\u011fer h\u00fck\u00fcmetin dedi\u011fi gibi yerli ve milli \u00fcretim \u00fczerine kurulu bir politikalar\u0131 olsayd\u0131, bug\u00fcn \u00fclkede 10 milyondan fazla insan i\u015fsiz kalmazd\u0131.\u201d<\/p>\n","protected":false},"excerpt":{"rendered":"<p>CHP\u2019li \u00d6zer, ger\u00e7ek\u00e7i bir istihdam politikas\u0131n\u0131n olu\u015fturulmas\u0131 i\u00e7in TBMM\u2019de bir ara\u015ft\u0131rma komisyonu kurulmas\u0131n\u0131 teklif etti. \u00d6zer, \u201cEkonomik y\u00f6nden g\u00fc\u00e7s\u00fcz t\u00fcm kesimlerin ayakta kalmas\u0131 ve toplumun maddi ve manevi gelece\u011finin g\u00fcvenceye al\u0131nmas\u0131 sa\u011flanmal\u0131d\u0131r\u201d dedi. &nbsp; &nbsp; Covid-19 salg\u0131n\u0131n ba\u015fta ekonomi olmak \u00fczere yaratt\u0131\u011f\u0131 ve yaratmaya devam edece\u011fi muhtemel olumsuzluklar\u0131n giderilmesi i\u00e7in T\u00fcrkiye\u2019de ger\u00e7ek\u00e7i ve do\u011fru ad\u0131mlar\u0131 [&hellip;]<\/p>\n","protected":false},"author":1,"featured_media":21764,"comment_status":"closed","ping_status":"open","sticky":false,"template":"","format":"standard","meta":[],"categories":[60,35],"tags":[],"amp_enabled":true,"_links":{"self":[{"href":"https:\/\/chpantalya.com\/index.php?rest_route=\/wp\/v2\/posts\/22106"}],"collection":[{"href":"https:\/\/chpantalya.com\/index.php?rest_route=\/wp\/v2\/posts"}],"about":[{"href":"https:\/\/chpantalya.com\/index.php?rest_route=\/wp\/v2\/types\/post"}],"author":[{"embeddable":true,"href":"https:\/\/chpantalya.com\/index.php?rest_route=\/wp\/v2\/users\/1"}],"replies":[{"embeddable":true,"href":"https:\/\/chpantalya.com\/index.php?rest_route=%2Fwp%2Fv2%2Fcomments&post=22106"}],"version-history":[{"count":0,"href":"https:\/\/chpantalya.com\/index.php?rest_route=\/wp\/v2\/posts\/22106\/revisions"}],"wp:featuredmedia":[{"embeddable":true,"href":"https:\/\/chpantalya.com\/index.php?rest_route=\/wp\/v2\/media\/21764"}],"wp:attachment":[{"href":"https:\/\/chpantalya.com\/index.php?rest_route=%2Fwp%2Fv2%2Fmedia&parent=22106"}],"wp:term":[{"taxonomy":"category","embeddable":true,"href":"https:\/\/chpantalya.com\/index.php?rest_route=%2Fwp%2Fv2%2Fcategories&post=22106"},{"taxonomy":"post_tag","embeddable":true,"href":"https:\/\/chpantalya.com\/index.php?rest_route=%2Fwp%2Fv2%2Ftags&post=22106"}],"curies":[{"name":"wp","href":"https:\/\/api.w.org\/{rel}","templated":true}]}}