{"id":22122,"date":"2021-02-26T14:49:05","date_gmt":"2021-02-26T11:49:05","guid":{"rendered":"http:\/\/chpantalya.com\/?p=22122"},"modified":"2021-02-26T14:49:05","modified_gmt":"2021-02-26T11:49:05","slug":"zeybek-kum-hirsizliginda-adi-gecen-meclis-uyeleri-istifa-etmeli","status":"publish","type":"post","link":"https:\/\/chpantalya.com\/?p=22122","title":{"rendered":"ZEYBEK: KUM HIRSIZLI\u011eINDA ADI GE\u00c7EN MECL\u0130S \u00dcYELER\u0130 \u0130ST\u0130FA ETMEL\u0130"},"content":{"rendered":"<p>CHP Antalya Milletvekili ve TBMM Adalet Komisyonu \u00dcyesi Rafet Zeybek, Antalya\u2019n\u0131n Ka\u015f il\u00e7esi Ova Mahallesinde ge\u00e7ti\u011fimiz hafta orman arazisinde i\u015f makineleri ile izinsiz kum \u00e7\u0131kartan ve ticaretini yapan aralar\u0131nda Ka\u015f Belediyesi\u2019nin AKP\u2019li Belediye Meclis \u00fcyelerinin de oldu\u011fu iddia edilen \u00e7ok say\u0131da ki\u015finin g\u00f6zalt\u0131na al\u0131nmas\u0131n\u0131 verdi\u011fi soru \u00f6nergesi ile TBMM g\u00fcndemine ta\u015f\u0131d\u0131.<\/p>\n<p>CHP\u2019li Zeybek, Cumhurba\u015fkan\u0131 Yard\u0131mc\u0131s\u0131 Fuat Oktay\u2019\u0131n yan\u0131tlamas\u0131 istemiyle verdi\u011fi \u00f6nergede, Ka\u015f il\u00e7esinde ya\u015fanan kum h\u0131rs\u0131zl\u0131\u011f\u0131 ve bu h\u0131rs\u0131zl\u0131\u011fa AKP\u2019li meclis \u00fcyelerinin de kar\u0131\u015ft\u0131\u011f\u0131 iddialar\u0131n\u0131 ve s\u00fcrecin hangi a\u015famada oldu\u011funu sordu.<\/p>\n<p><strong>KUM HIRSIZLI\u011eINDA ADI GE\u00c7EN MECL\u0130S \u00dcYELER\u0130 \u0130ST\u0130FA ETMEL\u0130<\/strong><\/p>\n<p>CHP Antalya Milletvekili Rafet Zeybek, verdi\u011fi \u00f6nerge ile birlikte yapt\u0131\u011f\u0131 yaz\u0131l\u0131 a\u00e7\u0131klamada \u015fu ifadeleri kulland\u0131; \u201cAKP iktidar\u0131nda rant ve talan\u0131n en \u00e7ok zarar g\u00f6rd\u00fc\u011f\u00fc kentlerin ba\u015f\u0131nda Antalya gelmektedir. En son ya\u015fanan talan haberi, Ka\u015f il\u00e7emizde aralar\u0131nda AKP\u2019li meclis \u00fcyelerinin de oldu\u011fu iddia edilen ki\u015filerin kum h\u0131rs\u0131zl\u0131\u011f\u0131 yapt\u0131\u011f\u0131d\u0131r. Ka\u015f\u2019ta siyasilerin kar\u0131\u015ft\u0131\u011f\u0131 rant\u0131n, talan\u0131n ve ya\u011fman\u0131n \u00f6n\u00fcne bu sefer yarg\u0131 ge\u00e7ti. \u0130ddia edilen su\u00e7a kar\u0131\u015fanlar hakk\u0131nda ba\u015flat\u0131lan soru\u015fturmay\u0131 yak\u0131ndan takip edece\u011fiz ve TBMM g\u00fcndemine getirece\u011fiz. \u0130smi ge\u00e7en AKP\u2019li meclis \u00fcyelerini istifaya davet ediyorum, \u00e7\u00fcnk\u00fc siyasi etik bunu gerektirir.<\/p>\n<p><strong>KA\u015e\u2019IN VE ANTALYA\u2019NIN DO\u011eASINI SAVUNMAK, YURTTA\u015eLIK G\u00d6REV\u0130D\u0130R<\/strong><\/p>\n<p>Ka\u015f\u2019ta sahillerin, ormanlar\u0131n talan edilmesinin \u00f6n\u00fcne ge\u00e7ilmesi gerekirken, bu seferde kumunun ya\u011fmalanmas\u0131 ile kar\u015f\u0131 kar\u015f\u0131yay\u0131z. Ya\u011fmalanmad\u0131k bir kar\u0131\u015f toprak b\u0131rakmak istemeyen bir zihniyetin iktidar\u0131nda, Ka\u015f\u2019\u0131n ve Antalya\u2019n\u0131n do\u011fas\u0131n\u0131 savunmak bir yurtta\u015fl\u0131k g\u00f6revidir.\u201d<\/p>\n","protected":false},"excerpt":{"rendered":"<p>CHP Antalya Milletvekili ve TBMM Adalet Komisyonu \u00dcyesi Rafet Zeybek, Antalya\u2019n\u0131n Ka\u015f il\u00e7esi Ova Mahallesinde ge\u00e7ti\u011fimiz hafta orman arazisinde i\u015f makineleri ile izinsiz kum \u00e7\u0131kartan ve ticaretini yapan aralar\u0131nda Ka\u015f Belediyesi\u2019nin AKP\u2019li Belediye Meclis \u00fcyelerinin de oldu\u011fu iddia edilen \u00e7ok say\u0131da ki\u015finin g\u00f6zalt\u0131na al\u0131nmas\u0131n\u0131 verdi\u011fi soru \u00f6nergesi ile TBMM g\u00fcndemine ta\u015f\u0131d\u0131. CHP\u2019li Zeybek, Cumhurba\u015fkan\u0131 Yard\u0131mc\u0131s\u0131 [&hellip;]<\/p>\n","protected":false},"author":1,"featured_media":22123,"comment_status":"closed","ping_status":"open","sticky":false,"template":"","format":"standard","meta":[],"categories":[35,62],"tags":[],"amp_enabled":true,"_links":{"self":[{"href":"https:\/\/chpantalya.com\/index.php?rest_route=\/wp\/v2\/posts\/22122"}],"collection":[{"href":"https:\/\/chpantalya.com\/index.php?rest_route=\/wp\/v2\/posts"}],"about":[{"href":"https:\/\/chpantalya.com\/index.php?rest_route=\/wp\/v2\/types\/post"}],"author":[{"embeddable":true,"href":"https:\/\/chpantalya.com\/index.php?rest_route=\/wp\/v2\/users\/1"}],"replies":[{"embeddable":true,"href":"https:\/\/chpantalya.com\/index.php?rest_route=%2Fwp%2Fv2%2Fcomments&post=22122"}],"version-history":[{"count":0,"href":"https:\/\/chpantalya.com\/index.php?rest_route=\/wp\/v2\/posts\/22122\/revisions"}],"wp:featuredmedia":[{"embeddable":true,"href":"https:\/\/chpantalya.com\/index.php?rest_route=\/wp\/v2\/media\/22123"}],"wp:attachment":[{"href":"https:\/\/chpantalya.com\/index.php?rest_route=%2Fwp%2Fv2%2Fmedia&parent=22122"}],"wp:term":[{"taxonomy":"category","embeddable":true,"href":"https:\/\/chpantalya.com\/index.php?rest_route=%2Fwp%2Fv2%2Fcategories&post=22122"},{"taxonomy":"post_tag","embeddable":true,"href":"https:\/\/chpantalya.com\/index.php?rest_route=%2Fwp%2Fv2%2Ftags&post=22122"}],"curies":[{"name":"wp","href":"https:\/\/api.w.org\/{rel}","templated":true}]}}