{"id":22229,"date":"2021-03-17T17:28:14","date_gmt":"2021-03-17T14:28:14","guid":{"rendered":"http:\/\/chpantalya.com\/?p=22229"},"modified":"2021-03-17T17:28:14","modified_gmt":"2021-03-17T14:28:14","slug":"zeybek-akpye-lebaleb-kongre-serbest-barolara-secimler-yasak","status":"publish","type":"post","link":"https:\/\/chpantalya.com\/?p=22229","title":{"rendered":"ZEYBEK: AKP\u2019YE LEBALEB KONGRE SERBEST,  BAROLARA SE\u00c7\u0130MLER YASAK"},"content":{"rendered":"<p>CHP Antalya Milletvekili ve TBMM Adalet Komisyonu \u00dcyesi Rafet Zeybek, Antalya Barosu\u2019nun genel kurul yapma talebinin Muratpa\u015fa 1. \u0130l\u00e7e Se\u00e7im Kurulu taraf\u0131ndan reddedilmesi ve parti kongreleri ile kurultaylar\u0131n\u0131n yap\u0131ld\u0131\u011f\u0131 ortamda baro se\u00e7imlerinin engellenmesine dair a\u00e7\u0131klamada bulundu.<\/p>\n<p>&nbsp;<\/p>\n<p><strong>AKP\u2019YE LEBALEB KONGRE SERBEST,\u00a0 BAROLARA SE\u00c7\u0130MLER YASAK<\/strong><\/p>\n<p><strong>\u00a0<\/strong><\/p>\n<p>CHP\u2019li Zeybek a\u00e7\u0131klamas\u0131nda \u015fu ifadeleri kulland\u0131; \u201cEkim ay\u0131ndan bug\u00fcne kadar Barolar, yasada belirtilen duruma g\u00f6re genel kurullar\u0131n\u0131 yapmak i\u00e7in resmi ba\u015fvurularda bulunuyor ancak AKP iktidar\u0131, pandemiyi bahane g\u00f6stererek barolar\u0131n kendi demokratik s\u00fcre\u00e7lerini engellemeye devam ediyor. Son olarak Antalya Barosu\u2019nun genel kurul talebi Muratpa\u015fa 1. \u0130l\u00e7e Se\u00e7im Kurulu taraf\u0131ndan reddedildi. \u00dc\u00e7\u00fcnc\u00fc kez ertelenen ve ucu a\u00e7\u0131k olan bu son erteleme ile avukatlar\u0131n demokrasi m\u00fccadelesi engellenmek isteniyor.<\/p>\n<p>Lebaleb dolu AKP kongre ve kurultaylar\u0131na izin verilen salg\u0131n s\u00fcrecinde, barolara reva g\u00f6r\u00fclen yasak\u00e7\u0131 yakla\u015f\u0131m\u0131 kabul etmek m\u00fcmk\u00fcn de\u011fildir. Demokrasi, siyasal iktidar\u0131n tekelinde de\u011fildir, barolar\u0131n genel kurullar\u0131n\u0131 yapmalar\u0131 sa\u011flanmal\u0131d\u0131r, Antalya Barosu ve bir\u00e7ok baro s\u00fcre\u00e7 i\u00e7inde m\u00fccadelelerini s\u00fcrd\u00fcr\u00fcyor ve talepleri yasada belirtilen genel kurullar\u0131n\u0131 biran \u00f6nce yapmak.\u201d<\/p>\n<p>&nbsp;<\/p>\n<p><strong>\u00c7OKLU BARO D\u00dcZENLEMES\u0130NE KAR\u015eI \u00c7IKAN BAROLAR CEZALANDIRILIYOR<\/strong><\/p>\n<p><strong>\u00a0<\/strong><\/p>\n<p>CHP Antalya Milletvekili ve TBMM Adalet Komisyonu \u00dcyesi Zeybek a\u00e7\u0131klamas\u0131n\u0131n devam\u0131nda, temmuz ay\u0131nda yasala\u015fan \u201c\u00c7oklu Baro\u201d d\u00fczenlemesine kar\u015f\u0131 \u00e7\u0131kan barolar\u0131n genel kurullar\u0131n\u0131n s\u00fcrekli engellenmesinin bir cezaland\u0131rma oldu\u011funu belirtti. CHP\u2019li Zeybek a\u00e7\u0131klamas\u0131n\u0131n devam\u0131nda \u015funlar\u0131 s\u00f6yledi;<\/p>\n<p>\u201cAKP\u2019nin \u201cyarg\u0131 reformu\u201d ve \u201cileri demokrasi\u201d s\u00f6ylemleri uygulamada yarg\u0131ya m\u00fcdahale ve baro se\u00e7imlerinin ertelenmesi olarak kar\u015f\u0131m\u0131za \u00e7\u0131kmaya devam ediyor. Barolar\u0131n genel kurullar\u0131n\u0131 engelleyen, yarg\u0131y\u0131 siyasalla\u015ft\u0131rmak i\u00e7in savunmay\u0131 \u00e7oklu barolar ile b\u00f6lmek isteyen AKP iktidar\u0131, salg\u0131n s\u00fcrecini istismar etmektedir. Yasaklar\u0131n yasalla\u015ft\u0131\u011f\u0131 AKP demokrasisi ve hukukunun ola\u011fanla\u015fmas\u0131n\u0131 kabul etmiyoruz. Demokrasi ve adaleti, siyasal iktidar\u0131n insaf\u0131na b\u0131rakmayaca\u011f\u0131z.\u201d<\/p>\n","protected":false},"excerpt":{"rendered":"<p>CHP Antalya Milletvekili ve TBMM Adalet Komisyonu \u00dcyesi Rafet Zeybek, Antalya Barosu\u2019nun genel kurul yapma talebinin Muratpa\u015fa 1. \u0130l\u00e7e Se\u00e7im Kurulu taraf\u0131ndan reddedilmesi ve parti kongreleri ile kurultaylar\u0131n\u0131n yap\u0131ld\u0131\u011f\u0131 ortamda baro se\u00e7imlerinin engellenmesine dair a\u00e7\u0131klamada bulundu. &nbsp; AKP\u2019YE LEBALEB KONGRE SERBEST,\u00a0 BAROLARA SE\u00c7\u0130MLER YASAK \u00a0 CHP\u2019li Zeybek a\u00e7\u0131klamas\u0131nda \u015fu ifadeleri kulland\u0131; \u201cEkim ay\u0131ndan bug\u00fcne kadar [&hellip;]<\/p>\n","protected":false},"author":1,"featured_media":22123,"comment_status":"closed","ping_status":"open","sticky":false,"template":"","format":"standard","meta":[],"categories":[35,62],"tags":[],"amp_enabled":true,"_links":{"self":[{"href":"https:\/\/chpantalya.com\/index.php?rest_route=\/wp\/v2\/posts\/22229"}],"collection":[{"href":"https:\/\/chpantalya.com\/index.php?rest_route=\/wp\/v2\/posts"}],"about":[{"href":"https:\/\/chpantalya.com\/index.php?rest_route=\/wp\/v2\/types\/post"}],"author":[{"embeddable":true,"href":"https:\/\/chpantalya.com\/index.php?rest_route=\/wp\/v2\/users\/1"}],"replies":[{"embeddable":true,"href":"https:\/\/chpantalya.com\/index.php?rest_route=%2Fwp%2Fv2%2Fcomments&post=22229"}],"version-history":[{"count":0,"href":"https:\/\/chpantalya.com\/index.php?rest_route=\/wp\/v2\/posts\/22229\/revisions"}],"wp:featuredmedia":[{"embeddable":true,"href":"https:\/\/chpantalya.com\/index.php?rest_route=\/wp\/v2\/media\/22123"}],"wp:attachment":[{"href":"https:\/\/chpantalya.com\/index.php?rest_route=%2Fwp%2Fv2%2Fmedia&parent=22229"}],"wp:term":[{"taxonomy":"category","embeddable":true,"href":"https:\/\/chpantalya.com\/index.php?rest_route=%2Fwp%2Fv2%2Fcategories&post=22229"},{"taxonomy":"post_tag","embeddable":true,"href":"https:\/\/chpantalya.com\/index.php?rest_route=%2Fwp%2Fv2%2Ftags&post=22229"}],"curies":[{"name":"wp","href":"https:\/\/api.w.org\/{rel}","templated":true}]}}