{"id":22232,"date":"2021-03-18T15:16:58","date_gmt":"2021-03-18T12:16:58","guid":{"rendered":"http:\/\/chpantalya.com\/?p=22232"},"modified":"2021-03-18T15:16:58","modified_gmt":"2021-03-18T12:16:58","slug":"ozumuz-canakkale-sozumuz-andimizdir","status":"publish","type":"post","link":"https:\/\/chpantalya.com\/?p=22232","title":{"rendered":"\u00d6Z\u00dcM\u00dcZ \u00c7ANAKKALE S\u00d6Z\u00dcM\u00dcZ ANDIMIZDIR!"},"content":{"rendered":"<p style=\"font-weight: 400;\">Cumhuriyet Halk Partisi Antalya \u0130l Ba\u015fkan\u0131 Nusret Bayar, Attalos Meydan\u0131\u2019nda 18 Mart \u00c7anakkale Zaferi ve And\u0131m\u0131z\u0131n kald\u0131r\u0131lmas\u0131 ile alakal\u0131 bir bas\u0131n a\u00e7\u0131klamas\u0131 ger\u00e7ekle\u015ftirdi. Ba\u015fkan Bayar, \u201cAKP iktidar\u0131n\u0131n \u2018And\u0131m\u0131z\u2019 ile ne al\u0131p veremedi\u011fi var anlam\u0131\u015f de\u011filiz\u201d dedi<\/p>\n<p style=\"font-weight: 400;\">Cumhuriyet Halk Partisi Antalya \u0130l Ba\u015fkan\u0131 Nusret Bayar, 18 Mart \u00c7anakkale Zaferi ve And\u0131m\u0131z\u0131n kald\u0131r\u0131lmas\u0131n\u0131 konu alan bir bas\u0131n a\u00e7\u0131klamas\u0131 ger\u00e7ekle\u015ftirdi. Ba\u015fkan Nusret Bayar\u2019a Attalos Meydan\u0131\u2019ndaki a\u00e7\u0131klamas\u0131nda CHP Antalya Milletvekili Rafet Zeybek ve Atat\u00fcrk\u00e7\u00fc D\u00fc\u015f\u00fcnce Derne\u011fi Ba\u015fkan\u0131 \u0130brahim Da\u015f\u2019\u0131n yan\u0131 s\u0131ra \u0130l\u00e7e Ba\u015fkanlar\u0131, \u0130l ve \u0130l\u00e7e Y\u00f6neticileri, Kad\u0131n Kollar\u0131 ve Gen\u00e7lik Kollar\u0131 Ba\u015fkanlar\u0131 ile y\u00f6netimleri, \u00f6nceki d\u00f6nem milletvekilleri, il ve il\u00e7e ba\u015fkanlar\u0131 ile \u00e7ok say\u0131da partiliden olu\u015fan kalabal\u0131k bir grup e\u015flik etti. Ger\u00e7ekle\u015fen etkinlikte hep bir a\u011f\u0131zdan And\u0131m\u0131z okunurken; And\u0131m\u0131z\u0131n kald\u0131r\u0131lmas\u0131 ile alakal\u0131 AKP\u2019ye sert s\u00f6zlerle y\u00fcklenen Ba\u015fkan Nusret Bayar\u2019\u0131n a\u00e7\u0131klamas\u0131nda \u015fu ifadeler yer ald\u0131;<\/p>\n<p style=\"font-weight: 400;\">\u201c18 Mart \u00c7anakkale Zaferi, Mustafa Kemal Atat\u00fcrk&#8217;\u00fcn askerlerine &#8220;Ben size taarruzu emretmiyorum, \u00f6lmeyi emrediyorum. Biz \u00f6l\u00fcnceye kadar ge\u00e7ecek zaman zarf\u0131nda yerimize ba\u015fka kuvvetler gelir, ba\u015fka komutanlar h\u00e2kim olabilir.&#8221; dedi\u011fi unutulmaz zaferdir!<\/p>\n<p style=\"font-weight: 400;\">Tarihimize alt\u0131n harflerle yaz\u0131lan \u00c7anakkale destan\u0131, Cumhuriyetimizin kurucusu Gazi Mustafa Kemal Atat\u00fcrk gibi, b\u00fcy\u00fck bir komutan ve lideri de ortaya \u00e7\u0131karm\u0131\u015ft\u0131r. Yine bu sava\u015flarda g\u00f6sterilen azim ve irade milletimizin kendine olan g\u00fcvenini art\u0131rm\u0131\u015f, ba\u011f\u0131ms\u0131zl\u0131\u011fa olan inanc\u0131n\u0131 per\u00e7inlemi\u015f, \u0130stiklal Sava\u015f\u0131&#8217;n\u0131n kazan\u0131lma zeminini sa\u011flayarak, T\u00fcrkiye Cumhuriyeti&#8217;nin kurulmas\u0131n\u0131n yolunu a\u00e7m\u0131\u015ft\u0131r.<\/p>\n<p style=\"font-weight: 400;\">Bu destan\u0131n ard\u0131ndan, Mustafa Kemal Atat\u00fcrk\u2019\u00fcn rehberli\u011finde, emperyalizme kar\u015f\u0131 kurtulu\u015f m\u00fccadelesini ba\u015flatan ve ba\u011f\u0131ms\u0131z bir devlet kurmay\u0131 ba\u015farm\u0131\u015f olan halk\u0131m\u0131z, t\u00fcm d\u00fcnyan\u0131n ezilen, mazlum ve ma\u011fdur halklar\u0131na \u00f6rnek olmu\u015ftur.<\/p>\n<p style=\"font-weight: 400;\">\u00c7anakkale zaferini bize ya\u015fatm\u0131\u015f olan, Ulu \u00d6nderimiz ve Ebedi Ba\u015fkomutan\u0131m\u0131z Mustafa Kemal Atat\u00fcrk\u2019\u00fc, silah arkada\u015flar\u0131n\u0131 ve t\u00fcm \u015fehitlerimizi, 18 Mart \u015eehitleri Anma G\u00fcn\u00fc ve \u00c7anakkale Deniz Zaferi&#8217;nin 106. y\u0131ld\u00f6n\u00fcm\u00fcnde sayg\u0131, rahmet ve minnetle an\u0131yorum.<\/p>\n<p style=\"font-weight: 400;\">Bu vesile ile, bir konuya daha e\u011filmek istiyorum.<\/p>\n<p style=\"font-weight: 400;\">A\u011f\u0131zlar\u0131n\u0131 her a\u00e7t\u0131klar\u0131nda yurtseverlikten s\u00f6z eden, kendilerinin d\u0131\u015f\u0131nda herkesi gayri-milli ilan eden AKP iktidar\u0131n\u0131n \u201cANDIMIZ\u201d ile ne al\u0131p veremedi\u011fini biz hala anlam\u0131\u015f de\u011filiz!\u00a0And\u0131m\u0131z&#8217;\u0131\u00a0Cumhur \u0130ttifak\u0131 kald\u0131rd\u0131. Tarih bunu yazs\u0131n!<\/p>\n<p style=\"font-weight: 400;\">Soruyoruz kendilerine:<\/p>\n<p style=\"font-weight: 400;\">T\u00fcrk\u2019\u00fcm demekten mi korkuyorsunuz!<\/p>\n<p style=\"font-weight: 400;\">Do\u011fruyum demekten mi \u00e7ekiniyorsunuz!<\/p>\n<p style=\"font-weight: 400;\">Ey B\u00fcy\u00fck Atat\u00fcrk diyemiyor musunuz!<\/p>\n<p style=\"font-weight: 400;\">\nHani biz yerli ve milliyiz diyorsunuz ya YERL\u0130L\u0130\u011e\u0130N VE M\u0130LL\u0130L\u0130\u011e\u0130N yegane g\u00f6stergesi ANDIMIZ\u2019dan niye utan\u0131yorsunuz!<\/p>\n<p style=\"font-weight: 400;\">\nNe Mutlu T\u00fcrk\u00fcm Diyene demek sizin i\u00e7in \u00e7ok mu zor!<\/p>\n<p style=\"font-weight: 400;\">\nTakke d\u00fc\u015ft\u00fc bir kez daha kel g\u00f6r\u00fcnd\u00fc. Siz yerli ve milli olamazs\u0131n\u0131z!<\/p>\n<p style=\"font-weight: 400;\">Sizlere inat, bu meydandakilerle birlikte, hep bir a\u011f\u0131zdan and\u0131m\u0131z\u0131 hayk\u0131r\u0131yoruz!\u201d<\/p>\n\r\n                <style type=\"text\/css\">\r\n                    \r\n                    #tdi_1  .td-doubleSlider-2 .td-item1 {\r\n                        background: url(https:\/\/chpantalya.com\/wp-content\/uploads\/2021\/03\/DSC_0115-160x120.jpg) 0 0 no-repeat;\r\n                    }\r\n                    #tdi_1  .td-doubleSlider-2 .td-item2 {\r\n                        background: url(https:\/\/chpantalya.com\/wp-content\/uploads\/2021\/03\/DSC_0127-160x120.jpg) 0 0 no-repeat;\r\n                    }\r\n                    #tdi_1  .td-doubleSlider-2 .td-item3 {\r\n                        background: url(https:\/\/chpantalya.com\/wp-content\/uploads\/2021\/03\/DSC_0136-160x120.jpg) 0 0 no-repeat;\r\n                    }\r\n                <\/style>\r\n\r\n                <div id=\"tdi_1\" class=\"td-gallery td-slide-on-2-columns\">\r\n                    <div class=\"post_td_gallery\">\r\n                        <div class=\"td-gallery-slide-top\">\r\n                           <div class=\"td-gallery-title\"><\/div>\r\n\r\n                            <div class=\"td-gallery-controls-wrapper\">\r\n                                <div class=\"td-gallery-slide-count\"><span class=\"td-gallery-slide-item-focus\">1<\/span> - 3<\/div>\r\n                                <div class=\"td-gallery-slide-prev-next-but\">\r\n                                    <i class = \"td-icon-left doubleSliderPrevButton\"><\/i>\r\n                                    <i class = \"td-icon-right doubleSliderNextButton\"><\/i>\r\n                                <\/div>\r\n                            <\/div>\r\n                        <\/div>\r\n\r\n                        <div class = \"td-doubleSlider-1 \">\r\n                            <div class = \"td-slider\">\r\n                                \r\n                    <div class = \"td-slide-item td-item1\">\r\n                        <figure class=\"td-slide-galery-figure td-slide-popup-gallery\">\r\n                            <a class=\"slide-gallery-image-link\" href=\"https:\/\/chpantalya.com\/wp-content\/uploads\/2021\/03\/DSC_0115.jpg\" title=\"DSC_0115\"  data-caption=\"\"  data-description=\"\">\r\n                                <img src=\"https:\/\/chpantalya.com\/wp-content\/uploads\/2021\/03\/DSC_0115-631x420.jpg\" srcset=\"https:\/\/chpantalya.com\/wp-content\/uploads\/2021\/03\/DSC_0115-631x420.jpg 420w, https:\/\/chpantalya.com\/wp-content\/uploads\/2021\/03\/DSC_0115.jpg 840w\" sizes=\"(-webkit-min-device-pixel-ratio: 2) 840px, (min-resolution: 192dpi) 840px, 420px\" alt=\"\">\r\n                            <\/a>\r\n                            \r\n                        <\/figure>\r\n                    <\/div>\r\n                    <div class = \"td-slide-item td-item2\">\r\n                        <figure class=\"td-slide-galery-figure td-slide-popup-gallery\">\r\n                            <a class=\"slide-gallery-image-link\" href=\"https:\/\/chpantalya.com\/wp-content\/uploads\/2021\/03\/DSC_0127.jpg\" title=\"DSC_0127\"  data-caption=\"\"  data-description=\"\">\r\n                                <img src=\"https:\/\/chpantalya.com\/wp-content\/uploads\/2021\/03\/DSC_0127-631x420.jpg\" srcset=\"https:\/\/chpantalya.com\/wp-content\/uploads\/2021\/03\/DSC_0127-631x420.jpg 420w, https:\/\/chpantalya.com\/wp-content\/uploads\/2021\/03\/DSC_0127.jpg 840w\" sizes=\"(-webkit-min-device-pixel-ratio: 2) 840px, (min-resolution: 192dpi) 840px, 420px\" alt=\"\">\r\n                            <\/a>\r\n                            \r\n                        <\/figure>\r\n                    <\/div>\r\n                    <div class = \"td-slide-item td-item3\">\r\n                        <figure class=\"td-slide-galery-figure td-slide-popup-gallery\">\r\n                            <a class=\"slide-gallery-image-link\" href=\"https:\/\/chpantalya.com\/wp-content\/uploads\/2021\/03\/DSC_0136.jpg\" title=\"DSC_0136\"  data-caption=\"\"  data-description=\"\">\r\n                                <img src=\"https:\/\/chpantalya.com\/wp-content\/uploads\/2021\/03\/DSC_0136-631x420.jpg\" srcset=\"https:\/\/chpantalya.com\/wp-content\/uploads\/2021\/03\/DSC_0136-631x420.jpg 420w, https:\/\/chpantalya.com\/wp-content\/uploads\/2021\/03\/DSC_0136.jpg 840w\" sizes=\"(-webkit-min-device-pixel-ratio: 2) 840px, (min-resolution: 192dpi) 840px, 420px\" alt=\"\">\r\n                            <\/a>\r\n                            \r\n                        <\/figure>\r\n                    <\/div>\r\n                            <\/div>\r\n                        <\/div>\r\n\r\n                        <div class = \"td-doubleSlider-2\">\r\n                            <div class = \"td-slider\">\r\n                                \r\n                    <div class = \"td-button td-item1\">\r\n                        <div class = \"td-border\"><\/div>\r\n                    <\/div>\r\n                    <div class = \"td-button td-item2\">\r\n                        <div class = \"td-border\"><\/div>\r\n                    <\/div>\r\n                    <div class = \"td-button td-item3\">\r\n                        <div class = \"td-border\"><\/div>\r\n                    <\/div>\r\n                            <\/div>\r\n                        <\/div>\r\n\r\n                    <\/div>\r\n\r\n                <\/div>\r\n                \n","protected":false},"excerpt":{"rendered":"<p>Cumhuriyet Halk Partisi Antalya \u0130l Ba\u015fkan\u0131 Nusret Bayar, Attalos Meydan\u0131\u2019nda 18 Mart \u00c7anakkale Zaferi ve And\u0131m\u0131z\u0131n kald\u0131r\u0131lmas\u0131 ile alakal\u0131 bir bas\u0131n a\u00e7\u0131klamas\u0131 ger\u00e7ekle\u015ftirdi. Ba\u015fkan Bayar, \u201cAKP iktidar\u0131n\u0131n \u2018And\u0131m\u0131z\u2019 ile ne al\u0131p veremedi\u011fi var anlam\u0131\u015f de\u011filiz\u201d dedi Cumhuriyet Halk Partisi Antalya \u0130l Ba\u015fkan\u0131 Nusret Bayar, 18 Mart \u00c7anakkale Zaferi ve And\u0131m\u0131z\u0131n kald\u0131r\u0131lmas\u0131n\u0131 konu alan bir bas\u0131n [&hellip;]<\/p>\n","protected":false},"author":1,"featured_media":22233,"comment_status":"closed","ping_status":"open","sticky":false,"template":"","format":"standard","meta":[],"categories":[58],"tags":[],"amp_enabled":true,"_links":{"self":[{"href":"https:\/\/chpantalya.com\/index.php?rest_route=\/wp\/v2\/posts\/22232"}],"collection":[{"href":"https:\/\/chpantalya.com\/index.php?rest_route=\/wp\/v2\/posts"}],"about":[{"href":"https:\/\/chpantalya.com\/index.php?rest_route=\/wp\/v2\/types\/post"}],"author":[{"embeddable":true,"href":"https:\/\/chpantalya.com\/index.php?rest_route=\/wp\/v2\/users\/1"}],"replies":[{"embeddable":true,"href":"https:\/\/chpantalya.com\/index.php?rest_route=%2Fwp%2Fv2%2Fcomments&post=22232"}],"version-history":[{"count":0,"href":"https:\/\/chpantalya.com\/index.php?rest_route=\/wp\/v2\/posts\/22232\/revisions"}],"wp:featuredmedia":[{"embeddable":true,"href":"https:\/\/chpantalya.com\/index.php?rest_route=\/wp\/v2\/media\/22233"}],"wp:attachment":[{"href":"https:\/\/chpantalya.com\/index.php?rest_route=%2Fwp%2Fv2%2Fmedia&parent=22232"}],"wp:term":[{"taxonomy":"category","embeddable":true,"href":"https:\/\/chpantalya.com\/index.php?rest_route=%2Fwp%2Fv2%2Fcategories&post=22232"},{"taxonomy":"post_tag","embeddable":true,"href":"https:\/\/chpantalya.com\/index.php?rest_route=%2Fwp%2Fv2%2Ftags&post=22232"}],"curies":[{"name":"wp","href":"https:\/\/api.w.org\/{rel}","templated":true}]}}