{"id":22237,"date":"2021-03-18T16:59:59","date_gmt":"2021-03-18T13:59:59","guid":{"rendered":"http:\/\/chpantalya.com\/?p=22237"},"modified":"2021-03-18T16:59:59","modified_gmt":"2021-03-18T13:59:59","slug":"ari-milli-egitim-diyanete-emanet","status":"publish","type":"post","link":"https:\/\/chpantalya.com\/?p=22237","title":{"rendered":"ARI: \u201cM\u0130LL\u0130 E\u011e\u0130T\u0130M D\u0130YANET\u2019E EMANET\u201d"},"content":{"rendered":"<p>TBMM Plan ve B\u00fct\u00e7e Komisyonu \u00fcyesi CHP Antalya Milletvekili Av.Cavit Ar\u0131, \u201c\u00dclkemizde y\u00fczbinlerce atama bekleyen \u00f6\u011fretmen varken Antalya\u2019n\u0131n Finike il\u00e7esinde 4 mahalle okuluna \u0130l\u00e7e Milli E\u011fitim M\u00fcd\u00fcr\u00fc taraf\u0131ndan pedagojik formasyonu olamayan imam ve e\u015flerinin g\u00f6revlendirilmesi, ayr\u0131ca bir imam e\u015finin t\u00fcm y\u00fcz\u00fcn\u00fc kapatan \u00e7ar\u015fafla derslere girmesi kabul edilemez, bu durum AKP iktidar\u0131n\u0131n Milli E\u011fitim\u2019e bak\u0131\u015f a\u00e7\u0131s\u0131n\u0131n a\u00e7\u0131k bir g\u00f6stergesidir.\u201d dedi.<\/p>\n<p>Antalya Finike \u0130l\u00e7e Milli E\u011fitim M\u00fcd\u00fcrl\u00fc\u011f\u00fc taraf\u0131ndan y\u00fcz y\u00fcze e\u011fitim verilen Arifk\u00f6y, Ye\u015filk\u00f6y, G\u00f6kb\u00fck ve Yaz\u0131r mahallerindeki okullardan ikisinde imam, ikisinde ise e\u015flerinin ders vermek i\u00e7in g\u00f6revlendirildi\u011fi, okullar\u0131ndan birinde derse giren imam e\u015finin derslere \u00e7ar\u015fafla ve y\u00fcz\u00fc tamamen kapal\u0131 \u015fekilde girdi\u011fi ve ki\u015filerin pedagojik formasyonu olmad\u0131\u011f\u0131 bilgisi bas\u0131nda yer alm\u0131\u015ft\u0131r. \u00dclkemizde \u00f6\u011fretmen olmak i\u00e7in bu i\u015fin e\u011fitimini alm\u0131\u015f ve atama bekleyen y\u00fczbinlerce gencimiz varken, Finike \u0130l\u00e7e Milli E\u011fitim M\u00fcd\u00fcrl\u00fc\u011f\u00fc taraf\u0131ndan \u201c\u0130l\u00e7e milli e\u011fitim m\u00fcd\u00fcr\u00fcm\u00fcz\u00fcn iyi niyetli kulland\u0131\u011f\u0131 bir tasarruf var. \u0130mam\u0131n e\u015fi ilahiyat mezunu, \u00fcniversite mezunu denilerek g\u00f6revlendirildi.\u201d diye bilgilendirme yap\u0131lmas\u0131 asla kabul edilebilecek bir mazeret olamaz diyen CHP Antalya Milletvekili Cavit Ar\u0131 \u201cT\u00fcm bunlar\u0131n kabul edilmesi m\u00fcmk\u00fcn de\u011fildir, konuyu Milli E\u011fitim Bakan\u0131na cevaplamas\u0131 istemiyle verdi\u011fim soru \u00f6nergesiyle meclis g\u00fcndemine de ta\u015f\u0131d\u0131m. Gerekli soru\u015fturma bir an evvel a\u00e7\u0131lmal\u0131 ve b\u00f6yle bir olay\u0131n yeniden ya\u015fanmamas\u0131 i\u00e7in ba\u015fta il\u00e7e milli e\u011fitim m\u00fcd\u00fcr\u00fc olmak \u00fczere sorumlular derhal g\u00f6revden al\u0131nmal\u0131d\u0131r. AKP iktidar\u0131nda yaz boza d\u00f6nen milli e\u011fitim sisteminin geldi\u011fi noktada maalesef \u00fclkemizin e\u011fitimdeki ba\u015far\u0131s\u0131 bir\u00e7ok \u00fclkenin gerisinde kalm\u0131\u015ft\u0131r. D\u00fcnya \u00e7ap\u0131nda s\u00f6z sahibi olacak yeti\u015fmi\u015f vatanda\u015flar\u0131m\u0131z da ba\u015fka \u00fclkelere kapt\u0131r\u0131yoruz. E\u011fitimde ileri de\u011fil geriye gitmemize neden olan bu yanl\u0131\u015f uygulamalardan derhal vazge\u00e7ilmelidir.\u201d dedi.<\/p>\n<p>Milletvekili Ar\u0131, Milli E\u011fitim Bakan\u0131 Ziya Sel\u00e7uk\u2019a\u00a0 cevaplamas\u0131 istemiyle verdi\u011fi yaz\u0131l\u0131 soru \u00f6nergesinde a\u015fa\u011f\u0131daki sorulara yer verdi.<\/p>\n<ul>\n<li>Bahse konu okullara pedagojik formasyonu olmayan ki\u015filer, \u00fccretli \u00f6\u011fretmen olarak neden g\u00f6revlendirilmi\u015ftir?<\/li>\n<li>Bu g\u00f6revlendirme yasal olarak m\u00fcmk\u00fcn m\u00fcd\u00fcr?<\/li>\n<li>G\u00f6revlendirilen ki\u015finin \u00e7ar\u015fafl\u0131 olarak derse girmesi devlet memurlar\u0131 k\u0131l\u0131k k\u0131yafet y\u00f6netmeli\u011fine uygun mudur?<\/li>\n<li>Uygun de\u011filse kendisi hakk\u0131nda herhangi bir soru\u015fturma a\u00e7\u0131lm\u0131\u015f m\u0131d\u0131r? A\u00e7\u0131lmad\u0131ysa soru\u015fturma a\u00e7may\u0131 d\u00fc\u015f\u00fcn\u00fcyor musunuz?<\/li>\n<li>K\u00f6y imam\u0131 ve ilahiyat fak\u00fcltesi\/\u00fcniversite mezunu diye pedagojik formasyonu olmayan imam e\u015flerinin s\u00f6z konusu k\u00f6y okullar\u0131na g\u00f6revlendiren ve ayr\u0131ca bir imam e\u015finin derslere y\u00fcz\u00fcn\u00fc tamamen kapatacak \u015fekilde \u00e7ar\u015fafla girmesine neden olan Finike \u0130l\u00e7e Milli E\u011fitim M\u00fcd\u00fcr\u00fc ve ilgililer hakk\u0131nda a\u00e7\u0131lm\u0131\u015f bir soru\u015fturma var m\u0131d\u0131r? Yoksa a\u00e7may\u0131 d\u00fc\u015f\u00fcn\u00fcyor musunuz?<\/li>\n<li>Atama bekleyen y\u00fczbinlerce bran\u015f \u00f6\u011fretmeni olmas\u0131na ra\u011fmen imam ve e\u015flerini g\u00f6revlendiren \u0130l\u00e7e Milli E\u011fitim M\u00fcd\u00fcr\u00fcn\u00fc ve di\u011fer g\u00f6revlileri g\u00f6revden alacak m\u0131s\u0131n\u0131z?<\/li>\n<\/ul>\n","protected":false},"excerpt":{"rendered":"<p>TBMM Plan ve B\u00fct\u00e7e Komisyonu \u00fcyesi CHP Antalya Milletvekili Av.Cavit Ar\u0131, \u201c\u00dclkemizde y\u00fczbinlerce atama bekleyen \u00f6\u011fretmen varken Antalya\u2019n\u0131n Finike il\u00e7esinde 4 mahalle okuluna \u0130l\u00e7e Milli E\u011fitim M\u00fcd\u00fcr\u00fc taraf\u0131ndan pedagojik formasyonu olamayan imam ve e\u015flerinin g\u00f6revlendirilmesi, ayr\u0131ca bir imam e\u015finin t\u00fcm y\u00fcz\u00fcn\u00fc kapatan \u00e7ar\u015fafla derslere girmesi kabul edilemez, bu durum AKP iktidar\u0131n\u0131n Milli E\u011fitim\u2019e bak\u0131\u015f a\u00e7\u0131s\u0131n\u0131n [&hellip;]<\/p>\n","protected":false},"author":1,"featured_media":22238,"comment_status":"closed","ping_status":"open","sticky":false,"template":"","format":"standard","meta":[],"categories":[63,35],"tags":[],"amp_enabled":true,"_links":{"self":[{"href":"https:\/\/chpantalya.com\/index.php?rest_route=\/wp\/v2\/posts\/22237"}],"collection":[{"href":"https:\/\/chpantalya.com\/index.php?rest_route=\/wp\/v2\/posts"}],"about":[{"href":"https:\/\/chpantalya.com\/index.php?rest_route=\/wp\/v2\/types\/post"}],"author":[{"embeddable":true,"href":"https:\/\/chpantalya.com\/index.php?rest_route=\/wp\/v2\/users\/1"}],"replies":[{"embeddable":true,"href":"https:\/\/chpantalya.com\/index.php?rest_route=%2Fwp%2Fv2%2Fcomments&post=22237"}],"version-history":[{"count":0,"href":"https:\/\/chpantalya.com\/index.php?rest_route=\/wp\/v2\/posts\/22237\/revisions"}],"wp:featuredmedia":[{"embeddable":true,"href":"https:\/\/chpantalya.com\/index.php?rest_route=\/wp\/v2\/media\/22238"}],"wp:attachment":[{"href":"https:\/\/chpantalya.com\/index.php?rest_route=%2Fwp%2Fv2%2Fmedia&parent=22237"}],"wp:term":[{"taxonomy":"category","embeddable":true,"href":"https:\/\/chpantalya.com\/index.php?rest_route=%2Fwp%2Fv2%2Fcategories&post=22237"},{"taxonomy":"post_tag","embeddable":true,"href":"https:\/\/chpantalya.com\/index.php?rest_route=%2Fwp%2Fv2%2Ftags&post=22237"}],"curies":[{"name":"wp","href":"https:\/\/api.w.org\/{rel}","templated":true}]}}