{"id":22240,"date":"2021-03-19T16:17:19","date_gmt":"2021-03-19T13:17:19","guid":{"rendered":"http:\/\/chpantalya.com\/?p=22240"},"modified":"2021-03-19T16:17:19","modified_gmt":"2021-03-19T13:17:19","slug":"kasta-bir-buharlastirma-operasyonu","status":"publish","type":"post","link":"https:\/\/chpantalya.com\/?p=22240","title":{"rendered":"\u201cKA\u015e\u2019TA B\u0130R BUHARLA\u015eTIRMA OPERASYONU\u201d"},"content":{"rendered":"<p>TBMM Plan ve B\u00fct\u00e7e Komisyonu \u00fcyesi CHP Antalya Milletvekili Av. Cavit Ar\u0131, 17 Mart 2021 \u00c7ar\u015famba g\u00fcn\u00fc TBMM\u2019de d\u00fczenledi\u011fi bas\u0131n toplant\u0131s\u0131nda; ilk duyuldu\u011funda kamuoyunun tepkisine neden olan Antalya\u2019n\u0131n Ka\u015f il\u00e7esindeki Kaymakaml\u0131k Lojmanlar\u0131n\u0131n Ka\u015f \u00c7ukurba\u011f Yar\u0131madas\u0131\u2019nda bulunan 2 adet villa ile takas\u0131 ve sonras\u0131nda artan tepkiler \u00fczerine villalar\u0131n sat\u0131\u015f\u0131na karar verilmesine ili\u015fkin a\u00e7\u0131klamalarda bulundu. Milletvekili Ar\u0131, <strong>\u201cSize <\/strong><strong>Antalya ilimizin \u015firin bir il\u00e7esi Ka\u015f\u2019ta ya\u015fanmakta olan bir buharla\u015ft\u0131rma operasyonundan bahsetmek istiyorum. Ba\u015fta <\/strong><strong>yap\u0131lan takas yanl\u0131\u015f iken \u015fimdi villalar\u0131n sat\u0131lmas\u0131 daha da yanl\u0131\u015ft\u0131r. Onun yerine, lojman alan\u0131n\u0131n geri nas\u0131l al\u0131naca\u011f\u0131na dair idari ve adli soru\u015fturma a\u00e7\u0131lmas\u0131 i\u00e7in gerekli giri\u015fimler ba\u015flat\u0131lmald\u0131r.\u201d <\/strong>dedi.<\/p>\n<p>&nbsp;<\/p>\n<p><strong>\u201cKA\u015e KAYMAKAMLIK LOJMANLARINA SATI\u015e, TAKAS ONAYI ALINIR\u201d<\/strong><\/p>\n<p>CHP Antalya Milletvekili Cavit Ar\u0131, \u201cKa\u015f il\u00e7esi bildi\u011finiz gibi T\u00fcrkiye&#8217;nin en g\u00fczel il\u00e7elerinden birisidir. Denizle do\u011fas\u0131 i\u00e7 i\u00e7e girmi\u015f Antalya\u2019m\u0131z\u0131n k\u00fc\u00e7\u00fck ama bir o kadar da g\u00fczel il\u00e7elerinden. Do\u011fas\u0131 gere\u011fince yap\u0131la\u015fma s\u0131k\u0131nt\u0131s\u0131 olan bir b\u00f6lgemizdir ve yeni konut \u00fcretmenin de zor oldu\u011fu bir b\u00f6lgedir. O nedenle de y\u0131llard\u0131r b\u00fcrokratlar\u0131n, memurlar\u0131n Ka\u015f il\u00e7esine tayin oldu\u011funda konaklayaca\u011f\u0131 yer s\u0131k\u0131nt\u0131s\u0131 olur ve bu nedenle de Ka\u015f\u2019ta g\u00f6rev yapmaktan \u00e7ekinirler. \u00c7\u00fcnk\u00fc konut s\u0131k\u0131nt\u0131s\u0131 vard\u0131r. \u0130\u015fte memurlar\u0131n bu s\u0131k\u0131nt\u0131s\u0131n\u0131 ciddi \u00f6l\u00e7\u00fcde gideren bir lojman vard\u0131, Kaymakaml\u0131k lojman\u0131. \u00d6zel \u0130dare\u2019ye ait Kaymakaml\u0131k lojman\u0131 vard\u0131. Hem Kaymakaml\u0131\u011f\u0131n evinin bulundu\u011fu hem de \u00d6zel \u0130dare&#8217;ye ait 6 daireden ibaret bir lojman binas\u0131. \u015eimdi bu lojman binas\u0131na ne oldu dersek; 12 \u015eubat 2020\u2019de ba\u015flayan bir s\u00fcre\u00e7le o d\u00f6nemde g\u00f6rev yapan Ka\u015f Kaymakam\u0131, bu yap\u0131lar\u0131n bir anlamda art\u0131k eskidi\u011fini, y\u0131prand\u0131\u011f\u0131n\u0131 ve bu \u015fekliyle kullanman\u0131n maliyetli olaca\u011f\u0131n\u0131 ileri s\u00fcrerek bu ta\u015f\u0131nmazlar\u0131n sat\u0131lmas\u0131n\u0131 ya da takas edilmesini \u00f6nerir. Nereye? Antalya Yat\u0131r\u0131m \u0130zleme ve Koordinasyon Ba\u015fkanl\u0131\u011f\u0131na. Buras\u0131 da h\u0131zl\u0131 bir \u015fekilde Bakanl\u0131\u011fa sorarak b\u00f6yle bir sat\u0131\u015f\u0131 yap\u0131lmas\u0131 m\u00fcmk\u00fcn m\u00fc de\u011fil mi, takas yap\u0131labilir mi diye onay i\u00e7in sorar ve Bakanl\u0131kta bu onay\u0131 verir.\u201d dedi.<\/p>\n<p>&nbsp;<\/p>\n<p><strong>\u201cLOJMANLAR \u0130HALES\u0130Z VE USULS\u00dcZ OLARAK \u0130K\u0130 V\u0130LLA \u0130LE TAKAS ED\u0130L\u0130R\u201d<\/strong><\/p>\n<p>Peki bu arada ne olur? Bu arada k\u0131ymet takdirleri yap\u0131l\u0131r. Bu ta\u015f\u0131nmazlar y\u00f6n\u00fcnden, ilgili ve yetkili kurullardan rakamlar al\u0131n\u0131r ve sonu\u00e7 itibariyle bu ta\u015f\u0131nmazlara bir bedel bi\u00e7ilir. Bu bedeller \u00fczerinden sat\u0131\u015f i\u015flemleri yap\u0131lmas\u0131 beklenirken sat\u0131\u015f yap\u0131lmaz ve bir takas i\u015flemine giri\u015filir diyen Ar\u0131, \u201cTakas i\u015fleminde yine Ka\u015f il\u00e7esinde bulunan yar\u0131mada diye ge\u00e7en b\u00f6lgede iki tane villa nas\u0131lsa g\u00f6zlerine \u00e7arpar ve bu iki villa ile bu \u00d6zel \u0130dareye ait ve \u015fu an Valili\u011fe ait olan bu iki ta\u015f\u0131nmaz takas i\u015flemine tabi tutulmak istenir. \u0130ki ta\u015f\u0131nmaz y\u00f6n\u00fcnden de bedel tespitleri yap\u0131l\u0131r ve sonu\u00e7ta lojmanlar y\u00f6n\u00fcnden 8 milyon 70 bin TL bir bedel, iki villa y\u00f6n\u00fcnden ise 6 milyon 807 bin TL&#8217;lik bir bedel takdir edilir. \u015eimdi bu kadar lojman s\u0131k\u0131nt\u0131s\u0131n\u0131n, konut s\u0131k\u0131nt\u0131s\u0131n\u0131n oldu\u011fu bir yerde \u00f6ncelikle bu sat\u0131\u015f veya takas i\u015flemine neden ihtiya\u00e7 duyulmu\u015ftur, anla\u015f\u0131l\u0131r gibi de\u011fil. Kald\u0131 ki bir ta\u015f\u0131nmaz\u0131n e\u011fer sat\u0131lmas\u0131na karar verilirse de bunu sat\u0131\u015f\u0131yla ilgili prosed\u00fcrler vard\u0131r ve bu prosed\u00fcrler kapsam\u0131nda bedeli takdir edilir ve ihaleyle sat\u0131l\u0131r. Ama burada o yol izlenmemi\u015f ihalesiz ve usuls\u00fcz bir \u015fekilde i\u015flem yap\u0131lm\u0131\u015ft\u0131r.\u201d diye konu\u015ftu.<\/p>\n<p>&nbsp;<\/p>\n<p><strong>\u201cTEPK\u0130LER \u00dcZER\u0130NE V\u0130LLALAR SATI\u015eA \u00c7IKARILIR\u201d<\/strong><\/p>\n<p>Milletvekili Ar\u0131, \u201cBu iki villay\u0131 s\u00fcre\u00e7 i\u00e7erisinde bir \u015fah\u0131s peyderpey sat\u0131n al\u0131r. Lojman alan\u0131na yine Ka\u015f&#8217;ta ya\u015fayan bir vatanda\u015f sat\u0131n almak \u00fczere teklifte bulunur. 12 milyon TL&#8217;ye ben sat\u0131n alabilir der. Ancak bu teklifi kabul g\u00f6rmez ve k\u0131sa bir s\u00fcre sonra teklifinden vazge\u00e7mesi herhalde s\u00f6ylenir ki yine noterden vermi\u015f oldu\u011fu bu teklifi yine noterden geri \u00e7eker. Bak\u0131n bu a\u015famada eski y\u0131pranm\u0131\u015f iki villa ile \u00d6zel \u0130darenin memurlar\u0131n\u0131n kald\u0131\u011f\u0131 bu ta\u015f\u0131nmaz s\u00fcre\u00e7te takas i\u015flemine tabi tutulur ve arada sadece bir bedel fark\u0131 olarak nakit olarak 1 milyon 310 bin TL ayr\u0131ca \u00f6deme yap\u0131l\u0131r. \u015eimdi bu takas ger\u00e7ekle\u015fmi\u015f tapulardan tescil i\u015flemleri yap\u0131lm\u0131\u015f. Bu durum kamuoyu taraf\u0131ndan \u00f6\u011frenilince do\u011fal olarak ciddi bir tepki g\u00f6sterildi. Yani ihtiya\u00e7 olan bir ta\u015f\u0131nmaz neden sat\u0131l\u0131r. Burada gelen memurlar\u0131n kalaca\u011f\u0131 bir lojman neden sat\u0131l\u0131r veya hatta neden takas edilir diye tepkiler do\u011fdu. Bu tepkiler \u00fczerine yine Antalya Valili\u011fi Yat\u0131r\u0131m \u0130zleme Koordinasyon Ba\u015fkanl\u0131\u011f\u0131 alelacele takasla alm\u0131\u015f oldu\u011fu bu iki villay\u0131 sat\u0131\u015fa \u00e7\u0131kar\u0131r. \u015eimdi iki villay\u0131 takasla alm\u0131\u015fs\u0131n\u0131z ve \u00fcstelik de al\u0131\u015f a\u015famas\u0131nda ciddi bir bedel fark\u0131 oldu\u011fu Ka\u015f\u2019ta \u00e7al\u0131\u015fan i\u015f yapan emlak\u00e7\u0131lar oradaki gayrimenkullerin de\u011ferlerini bilen ki\u015filer taraf\u0131ndan iki ta\u015f\u0131nmaz aras\u0131nda ciddi bir bedel farkl\u0131 oldu\u011fu ifade edilen bu ta\u015f\u0131nmazlar \u015fimdi al\u0131nm\u0131\u015f ve \u00fcstelik ihaleyle 500 bin TL&#8217;lik bir tadilata tabi tutulmak \u00fczere ve bu a\u015famada da \u015fimdi sat\u0131\u015fa \u00e7\u0131kar\u0131lm\u0131\u015f. Yani ne oluyor? Siz \u00d6zel \u0130darenin ta\u015f\u0131nmaz\u0131n\u0131 \u00f6nce takasa tabi tutup iki tane eski villa ile takas ediyorsunuz. \u015eimdi tadilat i\u00e7in ihale yap\u0131p 500 bin liral\u0131k bir tadilat masraf\u0131na giriyorsunuz ama kamuoyu tepkisi bu \u015fekilde g\u00fcndeme gelince bu sefer \u015fimdi bu villalar\u0131 alelacele sat\u0131yorsunuz.\u201d dedi.<\/p>\n<p>&nbsp;<\/p>\n<p><strong>\u201cBU SARAY ANLAYI\u015eININ DEVAMIDIR\u201d<\/strong><\/p>\n<p>\u015eimdi bu villalar\u0131n takas amac\u0131na \u00f6nce geleyim diyen Ar\u0131, \u201cBak\u0131n bu villalar\u0131n bir tanesi kaymakaml\u0131k evi olarak kullan\u0131lmak \u00fczere, di\u011feri de vali veya \u00fcst d\u00fczey b\u00fcrokratlar\u0131n Ka\u015f&#8217;a geldi\u011finde kullanaca\u011f\u0131 bir ama\u00e7 i\u00e7in al\u0131nd\u0131\u011f\u0131 ifade edilmekte. Yani ben daha \u00f6nce de s\u00f6yledim, yani bir kaymakam\u0131n veya bir vali veya b\u00fcrokrat\u0131n, \u00fcst d\u00fczey b\u00fcrokrat\u0131n Ka\u015f&#8217;ta b\u00f6yle bir villaya neden ihtiyac\u0131 olur diye. Yani bu ortamda \u015fimdi buna ihtiya\u00e7 m\u0131 vard\u0131? Tabii bu anlay\u0131\u015f, saray anlay\u0131\u015f\u0131n\u0131n bir devam\u0131 oldu\u011funu ben daha \u00f6nce de ifade ettim. Yani bu kadar kamuoyunda insanlar\u0131n ihtiyac\u0131 olan bir ta\u015f\u0131nmaz villalarla takas edilmesi, sadece saray anlay\u0131\u015f\u0131n\u0131n devam\u0131 niteli\u011finde oldu\u011funu ifade etmek istiyorum.\u201d diye konu\u015ftu.<\/p>\n<p>&nbsp;<\/p>\n<p><strong>\u201cKA\u015e\u2019I EL\u0130NDEK\u0130 DE\u011eER BUHARLA\u015eACAK\u201d<\/strong><\/p>\n<p>\u00d6ncelikle bu takas i\u015flemi yanl\u0131\u015ft\u0131r diye s\u00f6yleyen Ar\u0131, \u201cYap\u0131lmamas\u0131 gereken bir i\u015flemdir ve iki ta\u015f\u0131nmaz aras\u0131nda neredeyse biraz \u00f6nce de s\u00f6yledim iki kat\u0131 fark vard\u0131r. Bir kere b\u00f6yle bir kamu zarar\u0131 s\u00f6z konusudur. \u0130kincisi bu villalar\u0131 sat\u0131lmas\u0131yla para genel b\u00fct\u00e7eye girecektir ve art\u0131k bir \u015fekilde kullan\u0131l\u0131p harcan\u0131p gidecektir. B\u00f6ylelikle ne olacakt\u0131r? Ka\u015f&#8217;\u0131n elindeki de\u011ferler u\u00e7up gitmi\u015f, buharla\u015fm\u0131\u015f olacakt\u0131r.\u201d dedi.<\/p>\n<p>&nbsp;<\/p>\n<p><strong>\u201cTAKASI NE KADAR YANLI\u015eSA SATILMASI DA B\u0130R O KADAR YANLI\u015e\u201d<\/strong><\/p>\n<p>\u015eimdi biz buradan \u015funu ifade etmek istiyoruz diyen Ar\u0131, \u201cVillalar\u0131n takas\u0131 ne kadar yanl\u0131\u015fsa \u015fimdi sat\u0131lmas\u0131 da bir o kadar yanl\u0131\u015f. Bu a\u015famada yap\u0131lmas\u0131 gereken \u00f6ncelikle bu usule ayk\u0131r\u0131 sat\u0131\u015f ve takas i\u015flemlerini yapan b\u00fcrokratlar hakk\u0131nda biran evvel soru\u015fturma a\u00e7\u0131lmal\u0131. Biran evvel 12 milyon TL direkt bedel teklif edildi\u011fi halde bak\u0131n 8 milyon 70 bin TL&#8217;lik bir bedel ile takas i\u015flemini yap\u0131p kamu zarar\u0131na yol a\u00e7an b\u00fcrokratlar kimler ise onlar hakk\u0131nda soru\u015fturma a\u00e7\u0131lmal\u0131. \u0130kincisi bu ta\u015f\u0131nmazlar\u0131n sat\u0131lmas\u0131 de\u011fil tam tersi burada iki beden aras\u0131nda bir afaki fark oldu\u011fu, yap\u0131lan i\u015flemlerin tamamen usuls\u00fcz oldu\u011fu, o nedenle de \u0130\u00e7i\u015fleri Bakanl\u0131\u011f\u0131 taraf\u0131ndan biran evvel burada bir iptal i\u015flemine giri\u015fmeli ve gerekirse de dava a\u00e7\u0131lmal\u0131. \u00d6zel \u0130dare\u2019ye ve Valili\u011fe ait olan lojmanlar\u0131n yine kamuya geriye al\u0131nmas\u0131 gerekmekte.\u201d diye konu\u015ftu.<\/p>\n<p>&nbsp;<\/p>\n<p><strong>\u201cUSULS\u00dcZL\u00dcK VAR, KAMU ZARARI VAR\u201d<\/strong><\/p>\n<p>Milletvekili Ar\u0131 \u201c\u0130\u015fin enteresan\u0131 bak\u0131n 12 milyon TL teklif eden \u015fah\u0131s \u015fimdi bu takas i\u015flemleri ger\u00e7ekle\u015fip, villalar\u0131 Valili\u011fe ald\u0131ktan sonra takasla lojman alan\u0131n\u0131n bir ki\u015fiye ge\u00e7mesinden sonra daha \u00f6nce 12 milyon TL teklif eden \u015fah\u0131s bu ta\u015f\u0131nmaz\u0131 sat\u0131n alm\u0131\u015ft\u0131r. Yani b\u00f6yle bir enteresanl\u0131k vard\u0131r. Daha \u00f6nce 12 milyon teklif etmi\u015f alamam\u0131\u015f ama \u015fimdi 8 milyon 70 bin TL \u00fczerinden takaslar ger\u00e7ekle\u015ftikten sonra ayn\u0131 \u015fah\u0131s bu ta\u015f\u0131nmaz\u0131 sat\u0131n alm\u0131\u015f. Bak\u0131n aradaki dolamba\u00e7l\u0131 i\u015flere bak\u0131n. Bu aradaki paralar\u0131 kimler yedi? Bu arada ka\u00e7 paralar d\u00f6nd\u00fc? Kald\u0131 ki biraz \u00f6nce de tekrar s\u00f6yledim, oradaki emlak\u00e7\u0131lar\u0131n beyan\u0131na g\u00f6re, o gayrimenkulleri bilenlerin beyanlar\u0131na g\u00f6re, lojman alan\u0131 Ka\u015f&#8217;\u0131n meydan\u0131na ve liman\u0131n en g\u00fczel g\u00f6ren yer oldu\u011fu i\u00e7in en az 25-30 milyon gibi rakamlardan bahsedilmekte. \u0130\u015fte b\u00f6yle bir usuls\u00fczl\u00fck vard\u0131r. Kamu zarar\u0131 vard\u0131r.\u201d dedi.<\/p>\n<p>&nbsp;<\/p>\n<p><strong>\u201cLOJMAN ALANININ GER\u0130YE KAZANILMASI \u0130\u00c7\u0130N GEREKL\u0130 YASAL \u0130\u015eLEMLER\u0130 BA\u015eLATIN\u201d<\/strong><\/p>\n<p>Ar\u0131 konu\u015fmas\u0131n\u0131n sonunda, \u201cSay\u0131n \u0130\u00e7i\u015fleri Bakan\u0131 da buradan seslenmek istiyorum. Bu onay verdi\u011finiz villalar\u0131n sat\u0131\u015f\u0131 i\u015flemini l\u00fctfen durdurun. Sat\u0131\u015f i\u015flemine m\u00fcsaade etmeyin. Bu sat\u0131\u015f i\u015fleminden vazge\u00e7ilerek lojman alan\u0131n\u0131n geriye kazan\u0131lmas\u0131, kamuya mal edilmesi i\u00e7in gerekli yasal giri\u015fimlerde bulunulmal\u0131 ve bu ta\u015f\u0131nmazlar tekrar Ka\u015f halk\u0131na geriye kazand\u0131rmal\u0131 diyorum. Aksi halde Ka\u015f&#8217;\u0131n elindeki bu de\u011ferler bu \u015fekilde u\u00e7up gidecektir. Biran evvel bu i\u015flemleri ger\u00e7ekle\u015ftiren ki\u015filer kimse, b\u00fcrokratlar kimse bunlar hakk\u0131nda biran evvel soru\u015fturma a\u00e7\u0131lmal\u0131 ve haklar\u0131nda yasal i\u015flemler ba\u015flat\u0131lmal\u0131 diyorum.\u201d diye konu\u015ftu.<\/p>\n<p>&nbsp;<\/p>\n<p>&nbsp;<\/p>\n<p>&nbsp;<\/p>\n<p>&nbsp;<\/p>\n","protected":false},"excerpt":{"rendered":"<p>TBMM Plan ve B\u00fct\u00e7e Komisyonu \u00fcyesi CHP Antalya Milletvekili Av. Cavit Ar\u0131, 17 Mart 2021 \u00c7ar\u015famba g\u00fcn\u00fc TBMM\u2019de d\u00fczenledi\u011fi bas\u0131n toplant\u0131s\u0131nda; ilk duyuldu\u011funda kamuoyunun tepkisine neden olan Antalya\u2019n\u0131n Ka\u015f il\u00e7esindeki Kaymakaml\u0131k Lojmanlar\u0131n\u0131n Ka\u015f \u00c7ukurba\u011f Yar\u0131madas\u0131\u2019nda bulunan 2 adet villa ile takas\u0131 ve sonras\u0131nda artan tepkiler \u00fczerine villalar\u0131n sat\u0131\u015f\u0131na karar verilmesine ili\u015fkin a\u00e7\u0131klamalarda bulundu. Milletvekili Ar\u0131, [&hellip;]<\/p>\n","protected":false},"author":1,"featured_media":22241,"comment_status":"closed","ping_status":"open","sticky":false,"template":"","format":"standard","meta":[],"categories":[63,35],"tags":[],"amp_enabled":true,"_links":{"self":[{"href":"https:\/\/chpantalya.com\/index.php?rest_route=\/wp\/v2\/posts\/22240"}],"collection":[{"href":"https:\/\/chpantalya.com\/index.php?rest_route=\/wp\/v2\/posts"}],"about":[{"href":"https:\/\/chpantalya.com\/index.php?rest_route=\/wp\/v2\/types\/post"}],"author":[{"embeddable":true,"href":"https:\/\/chpantalya.com\/index.php?rest_route=\/wp\/v2\/users\/1"}],"replies":[{"embeddable":true,"href":"https:\/\/chpantalya.com\/index.php?rest_route=%2Fwp%2Fv2%2Fcomments&post=22240"}],"version-history":[{"count":0,"href":"https:\/\/chpantalya.com\/index.php?rest_route=\/wp\/v2\/posts\/22240\/revisions"}],"wp:featuredmedia":[{"embeddable":true,"href":"https:\/\/chpantalya.com\/index.php?rest_route=\/wp\/v2\/media\/22241"}],"wp:attachment":[{"href":"https:\/\/chpantalya.com\/index.php?rest_route=%2Fwp%2Fv2%2Fmedia&parent=22240"}],"wp:term":[{"taxonomy":"category","embeddable":true,"href":"https:\/\/chpantalya.com\/index.php?rest_route=%2Fwp%2Fv2%2Fcategories&post=22240"},{"taxonomy":"post_tag","embeddable":true,"href":"https:\/\/chpantalya.com\/index.php?rest_route=%2Fwp%2Fv2%2Ftags&post=22240"}],"curies":[{"name":"wp","href":"https:\/\/api.w.org\/{rel}","templated":true}]}}