{"id":22246,"date":"2021-03-20T17:58:20","date_gmt":"2021-03-20T14:58:20","guid":{"rendered":"http:\/\/chpantalya.com\/?p=22246"},"modified":"2021-03-23T12:59:25","modified_gmt":"2021-03-23T09:59:25","slug":"deveci-sozlesmenin-feshi-ile-42-milyon-kadinin-hakki-elinden-alinmistir","status":"publish","type":"post","link":"https:\/\/chpantalya.com\/?p=22246","title":{"rendered":"Deveci: S\u00f6zle\u015fmenin Feshi \u0130le 42 Milyon Kad\u0131n\u0131n Hakk\u0131 Elinden Al\u0131nm\u0131\u015ft\u0131r"},"content":{"rendered":"<p>Antalya CHP Kad\u0131n Kollar\u0131 \u0130l Ba\u015fkan\u0131 Deveci: S\u00f6zle\u015fmenin Feshi \u0130le 42 Milyon Kad\u0131n\u0131n Hakk\u0131 Elinden Al\u0131nm\u0131\u015ft\u0131r<\/p>\n<p>CHP Kad\u0131n Kollar\u0131 Antalya \u0130l Ba\u015fkan\u0131 Nil\u00fcfer Deveci, \u0130stanbul S\u00f6zle\u015fmesi\u2019nin bir gecede bir genelge ile feshedilmesi kar\u015f\u0131s\u0131nda sert bir tepki g\u00f6stererek, \u201c\u00dclke ad\u0131na karanl\u0131k bir g\u00fcne uyand\u0131k.<\/p>\n<p>&nbsp;<\/p>\n<p>Kad\u0131nlar\u0131n can simidi olan \u0130stanbul S\u00f6zle\u015fmesi, bir gecede tek adam h\u00fck\u00fcmeti taraf\u0131ndan feshedildi! Bu kararla, koruma ve uzakla\u015ft\u0131rma kararlar\u0131na ra\u011fmen en g\u00fcvenli yer olan evlerinde hatta sokak ortas\u0131nda katledilen binlerce kad\u0131n;<\/p>\n<p>&nbsp;<\/p>\n<p>bir kez daha \u00f6ld\u00fcr\u00fclm\u00fc\u015ft\u00fcr. 42 milyon kad\u0131n\u0131n hakk\u0131 elinden al\u0131nm\u0131\u015ft\u0131r.<\/p>\n<p>&nbsp;<\/p>\n<p>Recep Tayyip Erdo\u011fan taraf\u0131n\u0131 bir kez daha belli ederek; kad\u0131nlar\u0131n ya\u015fam hakk\u0131na sahip \u00e7\u0131kan \u0130stanbul S\u00f6zle\u015fmesi\u2019ne destek \u00e7\u0131kaca\u011f\u0131na, zalimlerin yan\u0131nda saf tutmu\u015ftur\u201d<\/p>\n<p>&nbsp;<\/p>\n<p>Deveci yapt\u0131\u011f\u0131 yaz\u0131l\u0131 a\u00e7\u0131klamada \u015funlar\u0131 s\u00f6yledi: T\u00fcrkiye\u2019nin ilk imzac\u0131s\u0131 oldu\u011fu \u0130stanbul S\u00f6zle\u015fmesi, kad\u0131na y\u00f6nelik her t\u00fcrl\u00fc \u015fiddetin \u00f6nlenmesi i\u00e7in devlete sorumluluk y\u00fcklemektedir.<\/p>\n<p>&nbsp;<\/p>\n<p>Psikolojik \u015fiddet, \u0131srarl\u0131 takip, fiziksel \u015fiddet, zorla evlendirme, cinsel ve ekonomik \u015fiddet de dahil olmak \u00fczere kad\u0131nlar\u0131 her t\u00fcrl\u00fc \u015fiddetten koruyan en kapsaml\u0131 s\u00f6zle\u015fmedir.<\/p>\n<p>&nbsp;<\/p>\n<p>\u015eimdi AKP h\u00fck\u00fcmetine soruyoruz: \u201cBu s\u00f6zle\u015fmenin neyinden rahats\u0131z oldunuz?\u201d<\/p>\n<p>&nbsp;<\/p>\n<p>Kad\u0131n\u0131 yok sayan d\u00fczenden do\u011fan kad\u0131na y\u00f6nelik \u015fiddetin ate\u015fini harlamak, \u015fahs\u0131m h\u00fck\u00fcmetinin haddi de\u011fildir. Kad\u0131na kar\u015f\u0131 vah\u015fet ve aile i\u00e7i \u015fiddet vakalar\u0131nda ya\u015fanacak art\u0131\u015f\u0131n vebali, \u0130stanbul S\u00f6zle\u015fmesi\u2019ni feshedenlerin boynundad\u0131r.<\/p>\n<p>&nbsp;<\/p>\n<p>20 Temmuz sivil darbesinin failleri durmuyor, haks\u0131z, hukuksuz ve adaletsiz uygulamalar\u0131na devam ediyor. D\u00fcn gece TBMM\u2019ye bir darbe daha yap\u0131ld\u0131 ve kad\u0131nlar\u0131n uzun m\u00fccadeleler sonucunda elde etti\u011fi kazan\u0131mlar heba edildi, evrensel de\u011ferlerden uzakla\u015f\u0131ld\u0131.<\/p>\n<p>&nbsp;<\/p>\n<p>Meclis\u2019te oy birli\u011fiyle kabul edilmi\u015f olan \u0130stanbul S\u00f6zle\u015fmesi, milletin iradesi yok say\u0131larak feshedilemez. \u0130nsan haklar\u0131, temel hak ve \u00f6zg\u00fcrl\u00fckler alan\u0131ndaki s\u00f6zle\u015fmeler TBMM karar\u0131yla; yani kanunla al\u0131n\u0131r.<\/p>\n<p>&nbsp;<\/p>\n<p>Bu karar a\u00e7\u0131k\u00e7a Anayasam\u0131z\u0131 da yok saymakt\u0131r. Kad\u0131n cinayetleri politiktir. Biz, Erdo\u011fan\u2019\u0131n TBMM\u2019yi ve hukuku yok sayarak ald\u0131\u011f\u0131 \u0130stanbul S\u00f6zle\u015fmesi\u2019nden \u00e7ekilme karar\u0131n\u0131 tan\u0131m\u0131yoruz, tan\u0131mayaca\u011f\u0131z!<\/p>\n<p>&nbsp;<\/p>\n<p>Biz kad\u0131nlar korkmuyoruz, sinmiyoruz, zalimlere itaat etmiyoruz, geri durmuyoruz. Onlar korku yaymaya \u00e7al\u0131\u015ft\u0131k\u00e7a, bizim \u00f6rg\u00fctl\u00fc g\u00fcc\u00fcm\u00fcz her ge\u00e7en g\u00fcn b\u00fcy\u00fcyor. Onlar dallar\u0131m\u0131z\u0131 budamaya \u00e7al\u0131\u015ft\u0131k\u00e7a, bizim k\u00f6klerimiz g\u00fc\u00e7leniyor.<\/p>\n<p>&nbsp;<\/p>\n<p>Ba\u015fta TBMM olmak \u00fczere her platformda bu s\u00f6zle\u015fmenin gereklerinin yap\u0131lmas\u0131n\u0131 sa\u011flamak i\u00e7in kad\u0131n hareketiyle birlikte m\u00fccadelemize devam edece\u011fiz. Bundan sonra bulundu\u011fumuz her alan; sokaklar, mahalleler, meydanlar dahil bizim i\u00e7in m\u00fccadele alan\u0131d\u0131r.<\/p>\n<p>&nbsp;<\/p>\n<p>Vicdan sahibi her erke\u011fin annesi, e\u015fi, karde\u015fi, arkada\u015f\u0131 olan ve ya\u015fam\u0131n e\u015fit orta\u011f\u0131 olan kad\u0131nlarla beraber olaca\u011f\u0131n\u0131 biliyoruz. Biz, hep birlikte bu zulme dur diyece\u011fiz. T\u00fcrkiye\u2019ye ayd\u0131nl\u0131k g\u00fcnleri bizler getirece\u011fiz\u201d<\/p>\n","protected":false},"excerpt":{"rendered":"<p>Antalya CHP Kad\u0131n Kollar\u0131 \u0130l Ba\u015fkan\u0131 Deveci: S\u00f6zle\u015fmenin Feshi \u0130le 42 Milyon Kad\u0131n\u0131n Hakk\u0131 Elinden Al\u0131nm\u0131\u015ft\u0131r CHP Kad\u0131n Kollar\u0131 Antalya \u0130l Ba\u015fkan\u0131 Nil\u00fcfer Deveci, \u0130stanbul S\u00f6zle\u015fmesi\u2019nin bir gecede bir genelge ile feshedilmesi kar\u015f\u0131s\u0131nda sert bir tepki g\u00f6stererek, \u201c\u00dclke ad\u0131na karanl\u0131k bir g\u00fcne uyand\u0131k. &nbsp; Kad\u0131nlar\u0131n can simidi olan \u0130stanbul S\u00f6zle\u015fmesi, bir gecede tek adam h\u00fck\u00fcmeti [&hellip;]<\/p>\n","protected":false},"author":1,"featured_media":22247,"comment_status":"closed","ping_status":"open","sticky":false,"template":"","format":"standard","meta":[],"categories":[49],"tags":[],"amp_enabled":true,"_links":{"self":[{"href":"https:\/\/chpantalya.com\/index.php?rest_route=\/wp\/v2\/posts\/22246"}],"collection":[{"href":"https:\/\/chpantalya.com\/index.php?rest_route=\/wp\/v2\/posts"}],"about":[{"href":"https:\/\/chpantalya.com\/index.php?rest_route=\/wp\/v2\/types\/post"}],"author":[{"embeddable":true,"href":"https:\/\/chpantalya.com\/index.php?rest_route=\/wp\/v2\/users\/1"}],"replies":[{"embeddable":true,"href":"https:\/\/chpantalya.com\/index.php?rest_route=%2Fwp%2Fv2%2Fcomments&post=22246"}],"version-history":[{"count":0,"href":"https:\/\/chpantalya.com\/index.php?rest_route=\/wp\/v2\/posts\/22246\/revisions"}],"wp:featuredmedia":[{"embeddable":true,"href":"https:\/\/chpantalya.com\/index.php?rest_route=\/wp\/v2\/media\/22247"}],"wp:attachment":[{"href":"https:\/\/chpantalya.com\/index.php?rest_route=%2Fwp%2Fv2%2Fmedia&parent=22246"}],"wp:term":[{"taxonomy":"category","embeddable":true,"href":"https:\/\/chpantalya.com\/index.php?rest_route=%2Fwp%2Fv2%2Fcategories&post=22246"},{"taxonomy":"post_tag","embeddable":true,"href":"https:\/\/chpantalya.com\/index.php?rest_route=%2Fwp%2Fv2%2Ftags&post=22246"}],"curies":[{"name":"wp","href":"https:\/\/api.w.org\/{rel}","templated":true}]}}