{"id":22295,"date":"2021-03-31T17:40:17","date_gmt":"2021-03-31T14:40:17","guid":{"rendered":"http:\/\/chpantalya.com\/?p=22295"},"modified":"2021-03-31T17:40:17","modified_gmt":"2021-03-31T14:40:17","slug":"aridan-kemer-ralli-alani-icin-aciklama","status":"publish","type":"post","link":"https:\/\/chpantalya.com\/?p=22295","title":{"rendered":"ARI\u2019DAN KEMER RALL\u0130 ALANI \u0130\u00c7\u0130N A\u00c7IKLAMA"},"content":{"rendered":"<p>TBMM Plan ve B\u00fct\u00e7e Komisyonu \u00fcyesi CHP Antalya Milletvekili Av.Cavit ARI, Hazine ve Maliye Bakanl\u0131\u011f\u0131, \u00d6zelle\u015ftirme \u0130dari Ba\u015fkanl\u0131\u011f\u0131 ve K\u00fclt\u00fcr ve Turizm Bakanl\u0131\u011f\u0131na g\u00f6nderdi\u011fi yaz\u0131larla Kemer merkezde sosyal etkinliklerin d\u00fczenlendi\u011fi, adeta il\u00e7enin tek nefes alabildi\u011fi yer olan Ralli Alan\u0131\u2019ndaki 8.172 metrekarelik otel alan\u0131n\u0131n sat\u0131\u015f listesinden \u00e7\u0131kart\u0131lmas\u0131n\u0131 talep etti.<\/p>\n<p>&nbsp;<\/p>\n<p>Milletvekili Ar\u0131 g\u00f6nderdi\u011fi yaz\u0131larda, \u201cAntalya \u0130li Kemer \u0130l\u00e7esi 283 ada 8 parsel (4.000 m2) ve 9 parselde (4.178 m2) kay\u0131tl\u0131 ta\u015f\u0131nmazlar\u0131n imar durumu, \u00d6zelle\u015ftirme \u0130daresi Ba\u015fkanl\u0131\u011f\u0131nca haz\u0131rlanan imar plan\u0131 de\u011fi\u015fikli\u011fi talebine istinaden 31 A\u011fustos 2019 tarih ve 30874 say\u0131l\u0131 Resmi Gazetede yay\u0131nlanan 1485 say\u0131l\u0131 Cumhurba\u015fkanl\u0131\u011f\u0131 Karar\u0131 gere\u011fince \u201cOtel Alan\u0131\u201d olarak de\u011fi\u015ftirilmi\u015ftir. S\u00f6z konusu ta\u015f\u0131nmazlar\u0131n, \u00d6zelle\u015ftirme \u0130daresinin 18 Mart 2021 tarihli duyurunuz kapsam\u0131nda 28.04.2021 tarihinde yap\u0131lacak ihaleyle sat\u0131\u015fa \u00e7\u0131kar\u0131ld\u0131\u011f\u0131 ilan edilmi\u015ftir.<\/p>\n<p>&nbsp;<\/p>\n<p>Bahse konu parsellere otel yap\u0131m\u0131na izin veren imar plan\u0131 de\u011fi\u015fikli\u011finden sonra hem Turizm Bakanl\u0131\u011f\u0131 hem de \u00c7evre ve \u015eehircilik Bakanl\u0131\u011f\u0131na vermi\u015f oldu\u011fum soru \u00f6nergelerine gelen cevapta; s\u00f6z konusu parsellerin kentsel bir kullan\u0131m\u0131 olmayan, kentin i\u00e7inde bo\u015f ve at\u0131l durumda bulunan, g\u00fcvenlik a\u00e7\u0131s\u0131ndan zafiyet yaratan, i\u015fgal edilmi\u015f ya da i\u015flevsiz durumdaki ta\u015f\u0131nmazlar kapsam\u0131nda \u00f6zelle\u015ftireme kapsam\u0131na al\u0131nd\u0131\u011f\u0131 ve otel al\u0131n\u0131 olarak yap\u0131lan imar plan\u0131 de\u011fi\u015fikli\u011finin de de\u011fi\u015fen talepler, y\u00f6rede olu\u015fan hukuki ve filli durumlar ve yerel halk\u0131n beklenti ve talepleri ile mevcut ihtiya\u00e7lar ve gelece\u011fe y\u00f6nelik kestirimler dikkate al\u0131narak yap\u0131ld\u0131\u011f\u0131 a\u00e7\u0131klamas\u0131 yer alm\u0131\u015ft\u0131r.<\/p>\n<p>&nbsp;<\/p>\n<p>Ancak belirtilen gerek\u00e7eler alan\u0131n fiili durumunu kesinlikle yans\u0131tmamaktad\u0131r. S\u00f6z konusu parsellerin bu gerek\u00e7eler \u00f6ne s\u00fcr\u00fclerek \u00f6zelle\u015ftirme kapsam\u0131na al\u0131narak sat\u0131\u015f\u0131n\u0131n yap\u0131lmas\u0131 kesinlikle do\u011fru de\u011fildir. Sat\u0131\u015fa konu yerler Kemer halk\u0131 taraf\u0131ndan Ralli Alan\u0131 diye bilenen ralli yar\u0131\u015flar\u0131n\u0131n yap\u0131ld\u0131\u011f\u0131, turist otob\u00fcslerinin park etti\u011fi, halk pazar\u0131n\u0131n kuruldu\u011fu ve belediyelerimizin sanatsal ve k\u00fclt\u00fcrel faaliyetlerini yapt\u0131\u011f\u0131 Kemer&#8217;in nefes alaca\u011f\u0131 mevcut tek aland\u0131r. Buran\u0131n \u00f6zelle\u015ftirme kapsam\u0131ndan \u00e7\u0131kart\u0131larak il veya il\u00e7e belediyesinin kullan\u0131ma b\u0131rak\u0131lmas\u0131 Kemer\u2019in gelece\u011fi a\u00e7\u0131s\u0131ndan daha do\u011fru olacakt\u0131r.<\/p>\n<p>&nbsp;<\/p>\n<p>Kemer hakk\u0131nda al\u0131nan bu hatal\u0131 karardan d\u00f6n\u00fclmesi ve <strong>s\u00f6z konusu ta\u015f\u0131nmazlar\u0131n sat\u0131\u015f listesinden \u00e7\u0131kart\u0131lmas\u0131<\/strong> hususunun gere\u011fini bilgilerinize sunar\u0131m.\u201d dedi<\/p>\n<p>&nbsp;<\/p>\n","protected":false},"excerpt":{"rendered":"<p>TBMM Plan ve B\u00fct\u00e7e Komisyonu \u00fcyesi CHP Antalya Milletvekili Av.Cavit ARI, Hazine ve Maliye Bakanl\u0131\u011f\u0131, \u00d6zelle\u015ftirme \u0130dari Ba\u015fkanl\u0131\u011f\u0131 ve K\u00fclt\u00fcr ve Turizm Bakanl\u0131\u011f\u0131na g\u00f6nderdi\u011fi yaz\u0131larla Kemer merkezde sosyal etkinliklerin d\u00fczenlendi\u011fi, adeta il\u00e7enin tek nefes alabildi\u011fi yer olan Ralli Alan\u0131\u2019ndaki 8.172 metrekarelik otel alan\u0131n\u0131n sat\u0131\u015f listesinden \u00e7\u0131kart\u0131lmas\u0131n\u0131 talep etti. &nbsp; Milletvekili Ar\u0131 g\u00f6nderdi\u011fi yaz\u0131larda, \u201cAntalya \u0130li [&hellip;]<\/p>\n","protected":false},"author":1,"featured_media":22296,"comment_status":"closed","ping_status":"open","sticky":false,"template":"","format":"standard","meta":[],"categories":[63,35],"tags":[],"amp_enabled":true,"_links":{"self":[{"href":"https:\/\/chpantalya.com\/index.php?rest_route=\/wp\/v2\/posts\/22295"}],"collection":[{"href":"https:\/\/chpantalya.com\/index.php?rest_route=\/wp\/v2\/posts"}],"about":[{"href":"https:\/\/chpantalya.com\/index.php?rest_route=\/wp\/v2\/types\/post"}],"author":[{"embeddable":true,"href":"https:\/\/chpantalya.com\/index.php?rest_route=\/wp\/v2\/users\/1"}],"replies":[{"embeddable":true,"href":"https:\/\/chpantalya.com\/index.php?rest_route=%2Fwp%2Fv2%2Fcomments&post=22295"}],"version-history":[{"count":0,"href":"https:\/\/chpantalya.com\/index.php?rest_route=\/wp\/v2\/posts\/22295\/revisions"}],"wp:featuredmedia":[{"embeddable":true,"href":"https:\/\/chpantalya.com\/index.php?rest_route=\/wp\/v2\/media\/22296"}],"wp:attachment":[{"href":"https:\/\/chpantalya.com\/index.php?rest_route=%2Fwp%2Fv2%2Fmedia&parent=22295"}],"wp:term":[{"taxonomy":"category","embeddable":true,"href":"https:\/\/chpantalya.com\/index.php?rest_route=%2Fwp%2Fv2%2Fcategories&post=22295"},{"taxonomy":"post_tag","embeddable":true,"href":"https:\/\/chpantalya.com\/index.php?rest_route=%2Fwp%2Fv2%2Ftags&post=22295"}],"curies":[{"name":"wp","href":"https:\/\/api.w.org\/{rel}","templated":true}]}}