{"id":22299,"date":"2021-04-02T14:22:27","date_gmt":"2021-04-02T11:22:27","guid":{"rendered":"http:\/\/chpantalya.com\/?p=22299"},"modified":"2021-04-02T14:23:48","modified_gmt":"2021-04-02T11:23:48","slug":"budaktan-esnaflari-ve-imalatcilari-rahatlatacak-kanun-teklifi","status":"publish","type":"post","link":"https:\/\/chpantalya.com\/?p=22299","title":{"rendered":"BUDAK\u2019TAN ESNAFLARI VE \u0130MALAT\u00c7ILARI RAHATLATACAK KANUN TEKL\u0130F\u0130"},"content":{"rendered":"<p style=\"font-weight: 400;\"><strong>\u201cZ\u0130NC\u0130R MARKET TEKEL\u0130 KIRILMAZSA ESNAF BO\u011eULACAK\u201d<\/strong><\/p>\n<p style=\"font-weight: 400;\"><strong>CHP Antalya Milletvekili ve Sanayi, Ticaret, Enerji, Tabi Kaynaklar, Bilgi ve Teknoloji Komisyonu \u00dcyesi \u00c7etin Osman Budak, son y\u0131llarda astronomik say\u0131da artan g\u0131da perakende sekt\u00f6r\u00fcndeki ulusal zincir marketlerin faaliyetlerinin s\u0131n\u0131rland\u0131r\u0131lmas\u0131na y\u00f6nelik TBMM\u2019ye bir kanun teklifi verdi. Zincir marketlerin hafta sonu bir g\u00fcn ve dini-milli bayramlarda ve resm\u00ee tatillerde kapal\u0131 kalmas\u0131 istenen teklif ile k\u00fc\u00e7\u00fck esnafa destek olabilecek d\u00fczenlemeler \u00f6neriliyor. Budak, \u201cPandemide esnaf siftah bile yapamad\u0131 ama zincir marketler cirolar\u0131n\u0131 katlayarak art\u0131rd\u0131. E\u011fer bir an \u00f6nce bu alanda bir d\u00fczenleme yap\u0131lmaz, zincir market tekeli k\u0131r\u0131lmazsa esnaf nefes alamayacak\u201d dedi.<\/strong><\/p>\n<p style=\"font-weight: 400;\">Teklif ayr\u0131ca\u00a0indirimli sat\u0131\u015f ya da di\u011fer kampanyalar ad\u0131 alt\u0131nda\u00a0zincir marketlerin h\u0131zl\u0131 t\u00fcketim mallar\u0131 d\u0131\u015f\u0131nda \u00fcr\u00fcn satmalar\u0131n\u0131n engellenmesi, \u00fcreticiden ya da tedarik\u00e7iden raf bedeli veya liste bedeli gibi \u00fccretler talep etmesinin yasaklanmas\u0131 ile \u00f6zel markal\u0131 \u00fcr\u00fcnlerin s\u0131n\u0131rland\u0131r\u0131lmas\u0131 gibi k\u0131s\u0131tlamalar\u0131 da i\u00e7eriyor. Getirilen yeni k\u0131s\u0131tlamalara uymayan marketlere 10 bin ila 100 bin lira aras\u0131nda idari para cezas\u0131 \u00f6ng\u00f6r\u00fcl\u00fcyor.<\/p>\n<p style=\"font-weight: 400;\">Kanun teklifine ili\u015fkin g\u00f6r\u00fc\u015flerini dile getiren Budak \u015f\u00f6yle konu\u015ftu:<\/p>\n<p style=\"font-weight: 400;\">\u201cY\u00fcksek indirimli sat\u0131\u015f yapmak i\u00e7in kurulan bu marketler art\u0131k \u00f6yle bir noktaya geldi ki ilk d\u00f6rt b\u00fcy\u00fck firman\u0131n toplam ma\u011faza say\u0131s\u0131 30 bini a\u015ft\u0131. \u0130lk d\u00f6rt firman\u0131n cirosu, g\u0131da perakende sekt\u00f6r\u00fcn\u00fcn toplam cirosunun yar\u0131s\u0131na denk geliyor. Oysa pandemi ko\u015fullar\u0131nda kapanan esnaf siftah dahi yapamazken, bu \u015firketler cirolar\u0131n\u0131 y\u00fczde 25 ila y\u00fczde 40 aras\u0131 art\u0131rd\u0131. \u0130\u00e7lerinde bir y\u0131lda k\u00e2r\u0131n\u0131 y\u00fczde 113 art\u0131ran \u015firket var. Hi\u00e7bir d\u00fczenleme olmad\u0131\u011f\u0131 i\u00e7in bu firmalar haks\u0131z rekabetle tekel konumuna geldiler, art\u0131k piyasadaki fiyatlar\u0131 kendileri belirliyorlar.<\/p>\n<p style=\"font-weight: 400;\">Ad\u0131m ba\u015f\u0131 neredeyse her sokakta birka\u00e7 tane birden a\u00e7\u0131lan bu zincir marketler, k\u00f6y bakkal\u0131n\u0131 bile kapatt\u0131rd\u0131. Manav da kasap da k\u0131rtasiyeci de zincir marketlerden nasibini ald\u0131. Bunlar sadece k\u00fc\u00e7\u00fck esnaf\u0131 ortadan kald\u0131rmad\u0131, \u00f6zel ma\u011faza markal\u0131 \u00fcr\u00fcnleri nedeniyle g\u0131da sekt\u00f6r\u00fcnde \u00fcretim yapan imalat\u00e7\u0131lar\u0131 da zor durumda b\u0131rakt\u0131lar. Kendi markalar\u0131yla bu marketlere giremeyen imalat\u00e7\u0131lar zincir marketlerin fason \u00fcreticileri haline geldiler. Dolay\u0131s\u0131yla bir an \u00f6nce bu tekelle\u015fme k\u0131r\u0131lmal\u0131, k\u00fc\u00e7\u00fck esnaf\u0131 koruyacak tedbirlerin \u00e7ok acil al\u0131nmas\u0131 gerekiyor.\u201d<\/p>\n<p style=\"font-weight: 400;\"><strong>AVRUPA\u2019DA SINIRLAMA VAR<\/strong><\/p>\n<p style=\"font-weight: 400;\">Avrupa\u2019da \u00e7ok say\u0131da \u00fclkede \u00e7e\u015fitli d\u00fczenlemelerin bulundu\u011funa dikkat \u00e7eken Budak,\u00a0 \u015fu ifadelere yer verdi:<\/p>\n<p style=\"font-weight: 400;\">\u201cAvrupa\u2019da 30 \u00fclkeden 14\u2019\u00fcnde zincir ma\u011fazalar\u0131n \u00e7al\u0131\u015fma esaslar\u0131na y\u00f6nelik \u00fclkesel bazda \u00f6nlemler mevcuttur. Danimarka\u2019da pazar g\u00fcnleri yaln\u0131zca belli bir ciro limitinin (33 milyon Euro) alt\u0131nda olan zincir g\u0131da ma\u011fazalar\u0131 a\u00e7\u0131k, Norve\u00e7\u2019te pazar g\u00fcnleri yaln\u0131zca 100 m\u00b2 alandan daha d\u00fc\u015f\u00fck g\u0131da marketleri faaliyet g\u00f6steriyor. Birle\u015fik Krall\u0131k\u2019ta pazar g\u00fcnleri 280 m\u00b2\u2019den k\u00fc\u00e7\u00fck d\u00fckkanlar tam g\u00fcn, bu alandan daha b\u00fcy\u00fck d\u00fckkanlar yaln\u0131zca 6 saat a\u00e7\u0131k. Almanya\u2019da pazar g\u00fcnleri yaln\u0131zca f\u0131r\u0131nlar, \u00e7i\u00e7ek\u00e7iler, g\u00fcnl\u00fck t\u00fcketim mallar\u0131 satan ma\u011fazalar \u00e7al\u0131\u015fabiliyor. Bel\u00e7ika\u2019da da pazar g\u00fcnleri 5\u2019ten daha az \u00e7al\u0131\u015fan say\u0131s\u0131na sahip kasaplar, f\u0131r\u0131nlar, g\u0131da ma\u011fazalar\u0131 a\u00e7\u0131k. Biz de ise bu alanda hi\u00e7bir d\u00fczenleme olmad\u0131\u011f\u0131 i\u00e7in k\u00fc\u00e7\u00fck esnaf ayakta kalam\u0131yor. Gelin bu teklifimize destek verin esnaf\u0131m\u0131za bir nebze de olsa nefes ald\u0131ral\u0131m.\u201d<\/p>\n<p style=\"font-weight: 400;\">\n","protected":false},"excerpt":{"rendered":"<p>\u201cZ\u0130NC\u0130R MARKET TEKEL\u0130 KIRILMAZSA ESNAF BO\u011eULACAK\u201d CHP Antalya Milletvekili ve Sanayi, Ticaret, Enerji, Tabi Kaynaklar, Bilgi ve Teknoloji Komisyonu \u00dcyesi \u00c7etin Osman Budak, son y\u0131llarda astronomik say\u0131da artan g\u0131da perakende sekt\u00f6r\u00fcndeki ulusal zincir marketlerin faaliyetlerinin s\u0131n\u0131rland\u0131r\u0131lmas\u0131na y\u00f6nelik TBMM\u2019ye bir kanun teklifi verdi. Zincir marketlerin hafta sonu bir g\u00fcn ve dini-milli bayramlarda ve resm\u00ee tatillerde kapal\u0131 [&hellip;]<\/p>\n","protected":false},"author":1,"featured_media":22290,"comment_status":"closed","ping_status":"open","sticky":false,"template":"","format":"standard","meta":[],"categories":[52,35],"tags":[],"amp_enabled":true,"_links":{"self":[{"href":"https:\/\/chpantalya.com\/index.php?rest_route=\/wp\/v2\/posts\/22299"}],"collection":[{"href":"https:\/\/chpantalya.com\/index.php?rest_route=\/wp\/v2\/posts"}],"about":[{"href":"https:\/\/chpantalya.com\/index.php?rest_route=\/wp\/v2\/types\/post"}],"author":[{"embeddable":true,"href":"https:\/\/chpantalya.com\/index.php?rest_route=\/wp\/v2\/users\/1"}],"replies":[{"embeddable":true,"href":"https:\/\/chpantalya.com\/index.php?rest_route=%2Fwp%2Fv2%2Fcomments&post=22299"}],"version-history":[{"count":0,"href":"https:\/\/chpantalya.com\/index.php?rest_route=\/wp\/v2\/posts\/22299\/revisions"}],"wp:featuredmedia":[{"embeddable":true,"href":"https:\/\/chpantalya.com\/index.php?rest_route=\/wp\/v2\/media\/22290"}],"wp:attachment":[{"href":"https:\/\/chpantalya.com\/index.php?rest_route=%2Fwp%2Fv2%2Fmedia&parent=22299"}],"wp:term":[{"taxonomy":"category","embeddable":true,"href":"https:\/\/chpantalya.com\/index.php?rest_route=%2Fwp%2Fv2%2Fcategories&post=22299"},{"taxonomy":"post_tag","embeddable":true,"href":"https:\/\/chpantalya.com\/index.php?rest_route=%2Fwp%2Fv2%2Ftags&post=22299"}],"curies":[{"name":"wp","href":"https:\/\/api.w.org\/{rel}","templated":true}]}}