{"id":22308,"date":"2021-04-05T14:40:45","date_gmt":"2021-04-05T11:40:45","guid":{"rendered":"http:\/\/chpantalya.com\/?p=22308"},"modified":"2021-04-05T14:40:45","modified_gmt":"2021-04-05T11:40:45","slug":"antalyali-oldugunu-unutma-teklifi-geri-cek","status":"publish","type":"post","link":"https:\/\/chpantalya.com\/?p=22308","title":{"rendered":"\u201cANTALYALI OLDU\u011eUNU UNUTMA, TEKL\u0130F\u0130 GER\u0130 \u00c7EK!\u201d"},"content":{"rendered":"<p><strong>BA\u015eKAN BAYAR\u2019DAN VEK\u0130L USLU\u2019YA A\u00c7IK \u00c7A\u011eRI<\/p>\n<p><\/strong><\/p>\n<p>Cumhuriyet Halk Partisi Antalya \u0130l Ba\u015fkan\u0131 Nusret Bayar, AKP\u2019li Antalya milletvekili Atay Uslu\u2019ya, halka ait alanlar\u0131n sat\u0131\u015f\u0131na zemin haz\u0131rlayan meclise sundu\u011fu Turizmi Te\u015fvik Kanunu\u2019ndaki de\u011fi\u015fiklik teklifinden dolay\u0131 sert ele\u015ftirlerde bulundu. Ba\u015fkan Bayar, \u201cBu ihaneti Antalya unutmaz. Sen de Antalyal\u0131 oldu\u011funu unutma, teklifi geri \u00e7ek!\u201d \u00e7a\u011fr\u0131s\u0131 yapt\u0131<\/p>\n<p>AKP\u2019li Antalya milletvekili Atay Uslu\u2019nun meclise sundu\u011fu Turizmi Te\u015fvik Kanunu\u2019ndaki de\u011fi\u015fiklik teklifinde; halka ait kullan\u0131m alanlar\u0131n\u0131n do\u011frudan do\u011fruya pazarlanabilir hale gelmesine zemin haz\u0131rlan\u0131yor. Konuyla alakal\u0131 olduk\u00e7a sert ele\u015ftrilerde bulunan CHP Antalya \u0130l Ba\u015fkan\u0131 Nusret Bayar, AKP\u2019li vekil Atay Uslu\u2019ya; \u201cSaray\u0131n de\u011fil, milletin vekili ol!\u201d diyerek seslendi. Ba\u015fkan Nusret Bayar\u2019\u0131n bas\u0131nla ve kamuoyuyla payla\u015ft\u0131\u011f\u0131 yaz\u0131l\u0131 a\u00e7\u0131klamada \u015fu ifadeler yer ald\u0131;<\/p>\n<p>\u201cBu \u00fclkenin milyonlarca yoksulunu, emek\u00e7isini ezip un ufak ederken bir tarafta K\u00fcr\u015fat Ayvato\u011flu gibileri yaratan \u00e7\u0131kar d\u00fczeninin d\u00fcmenci ba\u015f\u0131 AKP; sahilleri, denizleri, ormanlar\u0131\u2026 k\u0131saca halka, yani bize ait ne varsa pazarlamak, satmak i\u00e7in d\u00fc\u011fmeye bast\u0131!<\/p>\n<p>Meclise sunulan ve ilgili komisyonunda g\u00f6r\u00fc\u015f\u00fclmeye ba\u015flanan Turizmi Te\u015fvik Kanunu\u2019nda de\u011fi\u015fiklik yap\u0131lmas\u0131na dair kanun teklifiyle AKP, \u2018bizim\u2019 olan her \u015feye el koyuyor, ba\u015fta belediyeler olmak \u00fczere kendi d\u0131\u015f\u0131ndaki t\u00fcm iradeleri kendisine ba\u011flayarak yok say\u0131yor.<\/p>\n<p>Sahillerimiz, milli parklar\u0131m\u0131z, orman alanlar\u0131m\u0131z, meralar\u0131m\u0131z ve daha bir\u00e7o\u011fu; do\u011frudan do\u011fruya pazarlanabilir hale getiriliyor.<\/p>\n<p>S\u00f6z konusu teklif; K\u00fclt\u00fcr ve Turizm Bakanl\u0131\u011f\u0131\u2019nca uygun g\u00f6r\u00fclen k\u00fclt\u00fcr ve turizm koruma ve geli\u015fim b\u00f6lgelerinde, \u00f6zel sekt\u00f6r\u00fcn kat\u0131l\u0131m\u0131yla turizm hizmetleri y\u00f6netim birlikleri kurulmas\u0131n\u0131n, orman vas\u0131fl\u0131 alanlar da dahil Hazine ta\u015f\u0131nmazlar\u0131n\u0131n, Cumhurba\u015fkan\u0131 karar\u0131yla k\u00fclt\u00fcr ve turizm koruma geli\u015ftirme ve geli\u015fim b\u00f6lgesi olarak tespit edilmesinin \u00f6n\u00fcn\u00fc a\u00e7\u0131yor.<\/p>\n<p>Bunlarla birlikte pazarlanmaya a\u00e7\u0131k hale getirilecek b\u00f6lgelerin tespitinde; \u00fclkemizin do\u011fal, tarihi ve arkeolojik de\u011ferleri ile turizm potansiyeli dikkate al\u0131naca\u011f\u0131 a\u00e7\u0131k\u00e7a ifade ediliyor!\u201d<\/p>\n<p>&nbsp;<\/p>\n<p><strong>\u201cMilletin De\u011fil SARAYIN Vekili Atay Uslu\u201d<\/strong><\/p>\n<p>\u201cE\u011fer teklif yasala\u015f\u0131rsa, 206 mavi bayrakl\u0131 plaj\u0131yla T\u00fcrkiye\u2019de birinci s\u0131rada olan Antalya\u2019da belediyelerce i\u015fletilen ve halk\u0131m\u0131z\u0131n \u00e7ok uygun fiyatlarla yararlanabildi\u011fi, giri\u015f \u00fccreti olmayan plajlar halka kapat\u0131labilecek.<\/p>\n<p>Belediyelerimizin m\u00fclkiyetinde olan ya da belediyeye tahsis sahiller, i\u015fletmeye verilece\u011fi zaman Bakanl\u0131ktan onay al\u0131nacak. Bakanl\u0131\u011f\u0131n onaylamad\u0131\u011f\u0131 hi\u00e7bir proje uygulanmayacak.<\/p>\n<p>Her biri do\u011fa harikas\u0131 olan ve hi\u00e7bir \u00fccret \u00f6demeden yararland\u0131\u011f\u0131m\u0131z \u201c\u00e7\u00fcnk\u00fc bizim olan\u201d o koylar, o masmavi deniz, yaylalar art\u0131k bizler i\u00e7in yasakl\u0131 yerler haline gelecek. Bakanl\u0131k eliyle \u00f6zelle\u015ftirilmesinin yolu a\u00e7\u0131lacak. Korunmas\u0131 gereken alanlar, sit alanlar\u0131 K\u00fclt\u00fcr ve Turizm Bakanl\u0131\u011f\u0131 eliyle \u00f6zel \u015firketlere devredilecek.<\/p>\n<p>B\u00f6ylesi bir kanun teklifi meclise 21 AKP\u2019li milletvekilinin imzas\u0131yla sunuldu. Buna \u015fa\u015f\u0131rmad\u0131k ama \u00fcz\u00fcc\u00fc olan ilk imzac\u0131s\u0131n\u0131n bir Antalya milletvekili olmas\u0131. Milletin de\u011fil AKP\u2019nin vekili Atay Uslu.<\/p>\n<p>Bir milletvekili d\u00fc\u015f\u00fcn\u00fcn ki, hem\u015ferisinin, kom\u015fusunun, belki de kendisinin rahatl\u0131kla gidip kulland\u0131\u011f\u0131 plajlar\u0131, Finike\u2019de G\u00f6kliman\u2019\u0131, Andrea Doria Koyu\u2019nu, \u00c7a\u011f\u0131ll\u0131\u2019y\u0131, Demre\u2019de Ta\u015fdibi\u2019ni, S\u00fcl\u00fckl\u00fc\u2019y\u00fc, Ka\u015f\u2019ta Kaputa\u015f\u2019\u0131, Patara\u2019y\u0131, Kumluca\u2019da Adsanan\u2019\u0131, \u00c7\u0131ral\u0131\u2019y\u0131 hem\u015ferilerine kapatmak i\u00e7in kanun teklifi veriyor!<\/p>\n<p>Eline tutu\u015fturulan ka\u011f\u0131d\u0131n Manavgat\u2019ta ve bir \u00e7ok il\u00e7emizde yat \u00e7ekek, tamir ve bak\u0131m alan\u0131n\u0131n teknecilerimizin elinden al\u0131nmas\u0131n\u0131n yolunu a\u00e7t\u0131\u011f\u0131ndan bihaber Saraya yaranmak i\u00e7in imzas\u0131n\u0131 at\u0131veriyor!<\/p>\n<p>Kendini ispat pe\u015finde, milletin de\u011fil Saray\u0131n vekili payesini kapmak i\u00e7in Antalya\u2019da halka ait ne varsa ranta teslim edecek teklifi imzal\u0131yor!\u201c<\/p>\n<p>&nbsp;<\/p>\n<p><strong>\u201cAntalya Bu \u0130haneti Unutmaz!\u201d<\/strong><\/p>\n<p>\u201cBu ihaneti Antalya unutmayacak!<\/p>\n<p>Alt\u0131n\u0131 tekrar tekrar \u00e7iziyoruz;<\/p>\n<p>Bu kanun teklifiyle, iktidar 780 milyon kilometrekareye el koyuyor ve kendi d\u0131\u015f\u0131ndaki b\u00fct\u00fcn iradeleri kendisine ba\u011f\u0131ml\u0131 hale getirerek yok say\u0131yor!<\/p>\n<p>Bu teklifle, 50\u2019nin \u00fczerinde sekt\u00f6rle do\u011fru ya da dolayl\u0131 olarak ili\u015fkili olan turizm sekt\u00f6r\u00fcnde t\u00fcm yetki ve karar TEK ADAMDA toplan\u0131yor!<\/p>\n<p>Bu teklifle, T\u00fcrkiye\u2019nin turizm gelirinin \u00fc\u00e7te birini sa\u011flayan Antalya\u2019n\u0131n sahip oldu\u011fu t\u00fcm do\u011fal g\u00fczellikler pazara \u00e7\u0131kart\u0131l\u0131yor!<\/p>\n<p>Bu teklifle, Lara Kent Park\u0131 ve daha bir\u00e7ok noktada verilen m\u00fccadeleler, mahkeme kararlar\u0131 yok h\u00fckm\u00fcne d\u00fc\u015f\u00fcyor. Phaselis Antik Kenti\u2019ne otel r\u00fcyalar\u0131 yeniden canland\u0131r\u0131l\u0131yor!<\/p>\n<p>Bu teklif yasala\u015fmayacak, Antalya, buna izin vermeyecektir!<\/p>\n<p>Bizim olan\u0131 korumak, AKP\u2019nin \u00e7\u0131kar d\u00fczenine teslim etmemek i\u00e7in sonuna kadar m\u00fccadele edece\u011fiz!<\/p>\n<p>Son olarak, SARAY VEK\u0130LL\u0130\u011e\u0130 i\u00e7in kendini memleketine giremeyecek hale getiren Uslu\u2019ya sesleniyoruz;<\/p>\n<p>\u201cBir yerlerde haz\u0131rlan\u0131p eline tutu\u015fturulan teklifini geri \u00e7ek. En az\u0131ndan memleketini, Antalyal\u0131 oldu\u011funu unutma.\u201d<\/p>\n","protected":false},"excerpt":{"rendered":"<p>BA\u015eKAN BAYAR\u2019DAN VEK\u0130L USLU\u2019YA A\u00c7IK \u00c7A\u011eRI Cumhuriyet Halk Partisi Antalya \u0130l Ba\u015fkan\u0131 Nusret Bayar, AKP\u2019li Antalya milletvekili Atay Uslu\u2019ya, halka ait alanlar\u0131n sat\u0131\u015f\u0131na zemin haz\u0131rlayan meclise sundu\u011fu Turizmi Te\u015fvik Kanunu\u2019ndaki de\u011fi\u015fiklik teklifinden dolay\u0131 sert ele\u015ftirlerde bulundu. Ba\u015fkan Bayar, \u201cBu ihaneti Antalya unutmaz. Sen de Antalyal\u0131 oldu\u011funu unutma, teklifi geri \u00e7ek!\u201d \u00e7a\u011fr\u0131s\u0131 yapt\u0131 AKP\u2019li Antalya milletvekili [&hellip;]<\/p>\n","protected":false},"author":1,"featured_media":22309,"comment_status":"closed","ping_status":"open","sticky":false,"template":"","format":"standard","meta":[],"categories":[58],"tags":[],"amp_enabled":true,"_links":{"self":[{"href":"https:\/\/chpantalya.com\/index.php?rest_route=\/wp\/v2\/posts\/22308"}],"collection":[{"href":"https:\/\/chpantalya.com\/index.php?rest_route=\/wp\/v2\/posts"}],"about":[{"href":"https:\/\/chpantalya.com\/index.php?rest_route=\/wp\/v2\/types\/post"}],"author":[{"embeddable":true,"href":"https:\/\/chpantalya.com\/index.php?rest_route=\/wp\/v2\/users\/1"}],"replies":[{"embeddable":true,"href":"https:\/\/chpantalya.com\/index.php?rest_route=%2Fwp%2Fv2%2Fcomments&post=22308"}],"version-history":[{"count":0,"href":"https:\/\/chpantalya.com\/index.php?rest_route=\/wp\/v2\/posts\/22308\/revisions"}],"wp:featuredmedia":[{"embeddable":true,"href":"https:\/\/chpantalya.com\/index.php?rest_route=\/wp\/v2\/media\/22309"}],"wp:attachment":[{"href":"https:\/\/chpantalya.com\/index.php?rest_route=%2Fwp%2Fv2%2Fmedia&parent=22308"}],"wp:term":[{"taxonomy":"category","embeddable":true,"href":"https:\/\/chpantalya.com\/index.php?rest_route=%2Fwp%2Fv2%2Fcategories&post=22308"},{"taxonomy":"post_tag","embeddable":true,"href":"https:\/\/chpantalya.com\/index.php?rest_route=%2Fwp%2Fv2%2Ftags&post=22308"}],"curies":[{"name":"wp","href":"https:\/\/api.w.org\/{rel}","templated":true}]}}