{"id":22313,"date":"2021-04-07T14:11:59","date_gmt":"2021-04-07T11:11:59","guid":{"rendered":"http:\/\/chpantalya.com\/?p=22313"},"modified":"2021-04-07T14:11:59","modified_gmt":"2021-04-07T11:11:59","slug":"zeybek-antalyadaki-okullarda-koronavirus-vaka-sayilari-gizleniyor-mu","status":"publish","type":"post","link":"https:\/\/chpantalya.com\/?p=22313","title":{"rendered":"ZEYBEK: ANTALYA\u2019DAK\u0130 OKULLARDA KORONAV\u0130R\u00dcS VAKA SAYILARI G\u0130ZLEN\u0130YOR MU?"},"content":{"rendered":"<p>CHP Antalya Milletvekili ve TBMM Adalet Komisyonu \u00dcyesi Rafet Zeybek, Antalya\u2019daki okullarda artan COV\u0130D-19 vakalar\u0131n\u0131 Milli E\u011fitim Bakan\u0131 Ziya Sel\u00e7uk\u2019un yan\u0131tlamas\u0131 ile istemiyle verdi\u011fi soru \u00f6nergesi ile meclis g\u00fcndemine ta\u015f\u0131d\u0131.<\/p>\n<p>CHP Antalya Milletvekili Zeybek, E\u011fitim-Sen Antalya \u015fubesinin yak\u0131n zamanda 49 \u00f6\u011frenci, 30 \u00f6\u011fretmen ve 5 personelin korona vir\u00fcs testlerinin pozitif \u00e7\u0131kt\u0131\u011f\u0131na dair a\u00e7\u0131klad\u0131\u011f\u0131 verilerin yan\u0131 s\u0131ra son bir y\u0131l i\u00e7inde Antalya\u2019da ka\u00e7 \u00f6\u011fretmen, \u00f6\u011frenci ve personelin test sonu\u00e7lar\u0131n\u0131n pozitif \u00e7\u0131kt\u0131\u011f\u0131 sorular\u0131na \u00f6nergesinde yer verdi.<\/p>\n<p><strong>ANTALYA\u2019DAK\u0130 OKULLARDA KORONAV\u0130R\u00dcS VAKA SAYILARI G\u0130ZLEN\u0130YOR MU?<\/strong><\/p>\n<p>CHP Antalya Milletvekili Rafet Zeybek verdi\u011fi soru \u00f6nergesinde, Antalya\u2019daki okullarda ka\u00e7 \u00f6\u011fretmen, \u00f6\u011frenci ve personelin korona testlerinin pozitif \u00e7\u0131kt\u0131\u011f\u0131 bilgisinin ilgili m\u00fcd\u00fcrl\u00fckler taraf\u0131ndan payla\u015f\u0131lmad\u0131\u011f\u0131 iddialar\u0131na da yer verdi. CHP\u2019li Zeybek verdi\u011fi soru \u00f6nergesi sonras\u0131 yapt\u0131\u011f\u0131 a\u00e7\u0131klamada \u015fu ifadeleri kulland\u0131; \u201cAntalya\u2019da artan koronavir\u00fcs vakalar\u0131 sonras\u0131 e\u011fitim emek\u00e7ileri ve \u00f6\u011frencilere dair sa\u011fl\u0131kl\u0131 verilerin ilgili sendikalar ve kamuoyu ile payla\u015f\u0131lmas\u0131 gereklidir. Bu verileri saklanmas\u0131, halk sa\u011fl\u0131\u011f\u0131 i\u00e7inde tehlike arz etmekte, \u015feffaf olunmal\u0131d\u0131r. \u00d6\u011fretmenlerimiz ve \u00f6\u011frencilerimizin sa\u011fl\u0131\u011f\u0131 her \u015feyden \u00f6nemlidir.\u201d<\/p>\n<p><strong>OKUL BAH\u00c7ES\u0130NDE ANMA T\u00d6REN\u0130NE \u0130Z\u0130N VER\u0130LMED\u0130<\/strong><\/p>\n<p>CHP Antalya Milletvekili Zeybek verdi\u011fi soru \u00f6nergesinde Antalya E\u011fitim-Sen \u015eubesi \u00f6\u011fretmenlerinin 6 Nisan Sal\u0131 g\u00fcn\u00fc g\u00f6rev yapt\u0131klar\u0131 okullar\u0131n bah\u00e7elerinde COV\u0130D-19 nedeniyle hayat\u0131n\u0131 kaybeden e\u011fitim emek\u00e7ileri i\u00e7in yap\u0131lacak sayg\u0131 duru\u015funa Muratpa\u015fa \u0130rfan \u0130lk \u0130lkokulu idaresi taraf\u0131ndan izin verilmedi\u011fi iddialar\u0131na da yer verdi. CHP\u2019li Zeybek a\u00e7\u0131klamas\u0131n\u0131n devam\u0131nda \u015fu ifadeleri kulland\u0131; \u201cKoronavir\u00fcs nedeniyle hayatlar\u0131n\u0131 kaybeden e\u011fitim emek\u00e7ileri i\u00e7in yap\u0131lmas\u0131 d\u00fc\u015f\u00fcn\u00fclen bir sayg\u0131 duru\u015funun engellendi\u011fi, \u00f6\u011fretmenlerin okul bah\u00e7esi d\u0131\u015f\u0131nda sayg\u0131 duru\u015funa bulunmak zorunda kalmas\u0131 \u00fcz\u00fcnt\u00fc vericidir. Meslekta\u015flar\u0131na kar\u015f\u0131 bir anma t\u00f6reninin dahi \u00e7ok g\u00f6r\u00fcld\u00fc\u011f\u00fc bir ortam demokrasiye tahamm\u00fcl\u00fcn geldi\u011fi son noktad\u0131r. AKP iktidar\u0131nda masumane bir anman\u0131n bile yasaklanmas\u0131na \u015fa\u015f\u0131rmama noktas\u0131na gelindi. AKP iktidar\u0131 \u00fclkenin \u00e7\u00f6z\u00fcm bekleyen acil sorunlar\u0131 yerine, g\u00fcndemi de\u011fi\u015ftirme gayreti ile siyaset yapmaya devam etmektedir. \u00c7\u00f6z\u00fcm \u00fcreten siyaset anlay\u0131\u015f\u0131 yerine sorunun bir par\u00e7as\u0131 olan bir siyaset tarz\u0131n\u0131 benimseyen iktidar nedeniyle t\u00fcm T\u00fcrkiye enerjisini ve zaman\u0131n\u0131 kaybetmektedir.\u201d<\/p>\n","protected":false},"excerpt":{"rendered":"<p>CHP Antalya Milletvekili ve TBMM Adalet Komisyonu \u00dcyesi Rafet Zeybek, Antalya\u2019daki okullarda artan COV\u0130D-19 vakalar\u0131n\u0131 Milli E\u011fitim Bakan\u0131 Ziya Sel\u00e7uk\u2019un yan\u0131tlamas\u0131 ile istemiyle verdi\u011fi soru \u00f6nergesi ile meclis g\u00fcndemine ta\u015f\u0131d\u0131. CHP Antalya Milletvekili Zeybek, E\u011fitim-Sen Antalya \u015fubesinin yak\u0131n zamanda 49 \u00f6\u011frenci, 30 \u00f6\u011fretmen ve 5 personelin korona vir\u00fcs testlerinin pozitif \u00e7\u0131kt\u0131\u011f\u0131na dair a\u00e7\u0131klad\u0131\u011f\u0131 verilerin yan\u0131 [&hellip;]<\/p>\n","protected":false},"author":1,"featured_media":22123,"comment_status":"closed","ping_status":"open","sticky":false,"template":"","format":"standard","meta":[],"categories":[62],"tags":[],"amp_enabled":true,"_links":{"self":[{"href":"https:\/\/chpantalya.com\/index.php?rest_route=\/wp\/v2\/posts\/22313"}],"collection":[{"href":"https:\/\/chpantalya.com\/index.php?rest_route=\/wp\/v2\/posts"}],"about":[{"href":"https:\/\/chpantalya.com\/index.php?rest_route=\/wp\/v2\/types\/post"}],"author":[{"embeddable":true,"href":"https:\/\/chpantalya.com\/index.php?rest_route=\/wp\/v2\/users\/1"}],"replies":[{"embeddable":true,"href":"https:\/\/chpantalya.com\/index.php?rest_route=%2Fwp%2Fv2%2Fcomments&post=22313"}],"version-history":[{"count":0,"href":"https:\/\/chpantalya.com\/index.php?rest_route=\/wp\/v2\/posts\/22313\/revisions"}],"wp:featuredmedia":[{"embeddable":true,"href":"https:\/\/chpantalya.com\/index.php?rest_route=\/wp\/v2\/media\/22123"}],"wp:attachment":[{"href":"https:\/\/chpantalya.com\/index.php?rest_route=%2Fwp%2Fv2%2Fmedia&parent=22313"}],"wp:term":[{"taxonomy":"category","embeddable":true,"href":"https:\/\/chpantalya.com\/index.php?rest_route=%2Fwp%2Fv2%2Fcategories&post=22313"},{"taxonomy":"post_tag","embeddable":true,"href":"https:\/\/chpantalya.com\/index.php?rest_route=%2Fwp%2Fv2%2Ftags&post=22313"}],"curies":[{"name":"wp","href":"https:\/\/api.w.org\/{rel}","templated":true}]}}