{"id":22401,"date":"2021-04-20T17:07:28","date_gmt":"2021-04-20T14:07:28","guid":{"rendered":"http:\/\/chpantalya.com\/?p=22401"},"modified":"2021-04-20T17:07:28","modified_gmt":"2021-04-20T14:07:28","slug":"cavit-ari-avukatlara-da-oncelikli-covid-19-asisi-yapilmali","status":"publish","type":"post","link":"https:\/\/chpantalya.com\/?p=22401","title":{"rendered":"CAV\u0130T ARI: \u201cAVUKATLARA DA \u00d6NCEL\u0130KL\u0130 COVID-19 A\u015eISI YAPILMALI\u201d"},"content":{"rendered":"<p>TBMM Plan ve B\u00fct\u00e7e Komisyonu \u00fcyesi CHP Antalya Milletvekili Av.Cavit Ar\u0131, \u201cSon g\u00fcnlerde Koronavir\u00fcs salg\u0131n\u0131 nedeniyle hastalanan, yo\u011fun bak\u0131ma kald\u0131r\u0131lan ve vefat eden avukatlar\u0131n say\u0131s\u0131ndaki art\u0131\u015f, meslekleri gere\u011fi toplumun bir\u00e7ok kesimiyle yak\u0131n temasta olan avukatlar\u0131n riskli grupta oldu\u011fu ve vakit kaybetmeden Covid-19 a\u015f\u0131s\u0131 yap\u0131lacak \u00f6ncelikli risk gruplar\u0131 aras\u0131na al\u0131nmas\u0131 gerekti\u011fini bize g\u00f6stermektedir. Ayn\u0131 adliyede g\u00f6rev yapan hakim ve savc\u0131lar \u00f6ncelikli olarak a\u015f\u0131lan\u0131rken avukatlar\u0131n yarg\u0131 mensuplar\u0131ndan ayr\u0131 tutularak a\u015f\u0131lanmamas\u0131 savunmaya bak\u0131\u015f\u0131 yans\u0131tmaktad\u0131r.\u201d diyerek tepkisini dile getirdi.<\/p>\n<p>Sa\u011fl\u0131k Bakanl\u0131\u011f\u0131n\u0131n Covid-19 a\u015f\u0131s\u0131 uygulanacak gruplar\u0131n belirlenmesinde dikkate ald\u0131\u011f\u0131 unsurlar\u0131n; hastal\u0131\u011fa maruz kalma, hastal\u0131\u011f\u0131 a\u011f\u0131r ge\u00e7irme ve bula\u015ft\u0131rma riskleri ile hastal\u0131\u011f\u0131n toplumsal ya\u015fam\u0131n i\u015fleyi\u015fi \u00fczerindeki olumsuz etkisi diye a\u00e7\u0131klanm\u0131\u015fken avukatlar\u0131n da hakim ve savc\u0131larla birlikte a\u015f\u0131s\u0131 yap\u0131lacak \u00f6ncelikli risk grubu i\u00e7inde yer almamas\u0131 savunmaya de\u011fer verilmedi\u011fini g\u00f6sterir diyen Cavit Ar\u0131 \u201cAvukatlar yarg\u0131 faaliyetine kat\u0131lan di\u011fer unsurlardan farkl\u0131 olarak \u00e7ok say\u0131da ki\u015fi ile \u00e7ok farkl\u0131 zaman ve mek\u00e2nlarda g\u00f6r\u00fc\u015fmekte ve ileti\u015fimde bulunmaktad\u0131r. Yarg\u0131 faaliyetine kat\u0131lan hakim, savc\u0131 ve memurlar\u0131n mekanlar\u0131 sabit ve mesai saatleri s\u0131n\u0131rl\u0131d\u0131r. Avukatlar\u0131n ise i\u015flerini y\u00fcr\u00fct\u00fc\u015fleri gere\u011fi \u00e7ok say\u0131da ki\u015fi ile saat ile de s\u0131n\u0131rl\u0131 olmaks\u0131z\u0131n yak\u0131n ileti\u015fim halindedir. Avukatlar, hukuki ili\u015fkilerin ve hukuki ihtilaflar\u0131n oldu\u011fu her yerde bulunmaktad\u0131r. Avukatlar\u0131n mesleki faaliyetleri nedeniyle resmi ve \u00f6zel t\u00fcm ger\u00e7ek ve t\u00fczel ki\u015filerle ili\u015fki i\u00e7inde olu\u015funu dikkate ald\u0131\u011f\u0131m\u0131zda bu konum avukatlar\u0131 bir yandan Koronavir\u00fcse a\u00e7\u0131k hale getirmekte, di\u011fer yandan da Koronavir\u00fcs\u00fcn ta\u015f\u0131y\u0131c\u0131lar\u0131 konuma d\u00fc\u015f\u00fcrmektedir.\u201d dedi.<\/p>\n<p>Son g\u00fcnlerde Covid-19 vir\u00fcs\u00fcne ba\u011fl\u0131 olarak hastalanan, yo\u011fun bak\u0131ma kald\u0131r\u0131lan ve vefat eden avukatlar\u0131n say\u0131s\u0131nda ciddi art\u0131\u015f ya\u015fand\u0131\u011f\u0131n\u0131 \u00fcz\u00fclerek duymaktay\u0131z. \u0130stanbul Barosu kay\u0131tl\u0131 44 ya\u015f\u0131ndaki Av. Alpay G\u00fclleo\u011flu ile Kilis Barosu kay\u0131tl\u0131 54 ya\u015f\u0131ndaki Av. Aziz Akg\u00fcl yak\u0131n zamanda Koronavir\u00fcsten hayat\u0131n\u0131 kaybeden gen\u00e7 avukatlardan sadece ikisi oldu\u011funu, ayr\u0131ca artan Covid-19 vakalar\u0131 nedeniyle her g\u00fcn birka\u00e7 mahkemelerde karantina tedbirlerinin uyguland\u0131\u011f\u0131na dair gelen haberlerde art\u0131\u015f ya\u015fand\u0131\u011f\u0131n\u0131 belirten Milletvekili Ar\u0131, Sa\u011fl\u0131k Bakan\u0131 Fahrettin KOCA\u2019ya cevaplamas\u0131 istemiyle verdi\u011fi yaz\u0131l\u0131 soru \u00f6nergesinde a\u015fa\u011f\u0131daki sorulara yer vererek konuyu meclis g\u00fcndemine ta\u015f\u0131d\u0131.<\/p>\n<p>1) Meslekleri gere\u011fi toplumun bir\u00e7ok kesimiyle yak\u0131n temasta olan avukatlar, a\u015f\u0131s\u0131 yap\u0131lacak \u00f6ncelikli risk gruplar\u0131 aras\u0131na neden al\u0131nmam\u0131\u015ft\u0131r? Vakit kaybetmeden al\u0131nmas\u0131 d\u00fc\u015f\u00fcn\u00fclmekte midir?<\/p>\n<p>2) Ayn\u0131 adliyede g\u00f6rev yapan hakim ve savc\u0131lar a\u015f\u0131lan\u0131rken avukatlar\u0131n a\u015f\u0131lanmamas\u0131ndaki gerek\u00e7e nedir?<\/p>\n","protected":false},"excerpt":{"rendered":"<p>TBMM Plan ve B\u00fct\u00e7e Komisyonu \u00fcyesi CHP Antalya Milletvekili Av.Cavit Ar\u0131, \u201cSon g\u00fcnlerde Koronavir\u00fcs salg\u0131n\u0131 nedeniyle hastalanan, yo\u011fun bak\u0131ma kald\u0131r\u0131lan ve vefat eden avukatlar\u0131n say\u0131s\u0131ndaki art\u0131\u015f, meslekleri gere\u011fi toplumun bir\u00e7ok kesimiyle yak\u0131n temasta olan avukatlar\u0131n riskli grupta oldu\u011fu ve vakit kaybetmeden Covid-19 a\u015f\u0131s\u0131 yap\u0131lacak \u00f6ncelikli risk gruplar\u0131 aras\u0131na al\u0131nmas\u0131 gerekti\u011fini bize g\u00f6stermektedir. Ayn\u0131 adliyede g\u00f6rev [&hellip;]<\/p>\n","protected":false},"author":1,"featured_media":22296,"comment_status":"closed","ping_status":"open","sticky":false,"template":"","format":"standard","meta":[],"categories":[63,35],"tags":[],"amp_enabled":true,"_links":{"self":[{"href":"https:\/\/chpantalya.com\/index.php?rest_route=\/wp\/v2\/posts\/22401"}],"collection":[{"href":"https:\/\/chpantalya.com\/index.php?rest_route=\/wp\/v2\/posts"}],"about":[{"href":"https:\/\/chpantalya.com\/index.php?rest_route=\/wp\/v2\/types\/post"}],"author":[{"embeddable":true,"href":"https:\/\/chpantalya.com\/index.php?rest_route=\/wp\/v2\/users\/1"}],"replies":[{"embeddable":true,"href":"https:\/\/chpantalya.com\/index.php?rest_route=%2Fwp%2Fv2%2Fcomments&post=22401"}],"version-history":[{"count":0,"href":"https:\/\/chpantalya.com\/index.php?rest_route=\/wp\/v2\/posts\/22401\/revisions"}],"wp:featuredmedia":[{"embeddable":true,"href":"https:\/\/chpantalya.com\/index.php?rest_route=\/wp\/v2\/media\/22296"}],"wp:attachment":[{"href":"https:\/\/chpantalya.com\/index.php?rest_route=%2Fwp%2Fv2%2Fmedia&parent=22401"}],"wp:term":[{"taxonomy":"category","embeddable":true,"href":"https:\/\/chpantalya.com\/index.php?rest_route=%2Fwp%2Fv2%2Fcategories&post=22401"},{"taxonomy":"post_tag","embeddable":true,"href":"https:\/\/chpantalya.com\/index.php?rest_route=%2Fwp%2Fv2%2Ftags&post=22401"}],"curies":[{"name":"wp","href":"https:\/\/api.w.org\/{rel}","templated":true}]}}