{"id":22403,"date":"2021-04-20T17:11:37","date_gmt":"2021-04-20T14:11:37","guid":{"rendered":"http:\/\/chpantalya.com\/?p=22403"},"modified":"2021-04-20T17:11:37","modified_gmt":"2021-04-20T14:11:37","slug":"zeybek-iktidar-can-ve-mal-guvenligini-saglayamadigi-icin-gencler-yurt-disina-gidiyor","status":"publish","type":"post","link":"https:\/\/chpantalya.com\/?p=22403","title":{"rendered":"ZEYBEK: \u201c\u0130KT\u0130DAR CAN VE MAL G\u00dcVENL\u0130\u011e\u0130N\u0130 SA\u011eLAYAMADI\u011eI \u0130\u00c7\u0130N GEN\u00c7LER YURT DI\u015eINA G\u0130D\u0130YOR"},"content":{"rendered":"<p>&nbsp;<\/p>\n<p>CHP Antalya Milletvekili Rafet Zeybek, gen\u00e7lerin AKP y\u00fcz\u00fcnden \u00fclkeyi terk etti\u011fini, can ve mal g\u00fcvenli\u011finden korktuklar\u0131 i\u00e7in ka\u00e7mak istedi\u011fini s\u00f6yledi.<\/p>\n<p><strong>\u201c2019\u2019DA 330 B\u0130N 289 K\u0130\u015e\u0130 YURT DI\u015eINA G\u00d6\u00c7 ETT\u0130\u201d<\/strong><\/p>\n<p>Cumhurba\u015fkan\u0131 Recep Tayyip Erdo\u011fan, art\u0131k hi\u00e7bir vatanda\u015f\u0131n e\u011fitim ve i\u015f i\u00e7in yurt d\u0131\u015f\u0131na \u00e7\u0131kmak istemedi\u011fini savundu. Ancak T\u00dc\u0130K verileri tam aksini s\u00f6yledi. Verilere g\u00f6re 2019 y\u0131l\u0131nda 330 bin 289 ki\u015fi T\u00fcrkiye\u2019den yurtd\u0131\u015f\u0131na g\u00f6\u00e7 etti.<\/p>\n<p><strong>\u201cAKP\u2019DEN VE Z\u0130HN\u0130YET\u0130NDEN KURTULMAK \u0130\u00c7\u0130N YURT DI\u015eINA G\u0130D\u0130YORLAR\u201d<\/strong><\/p>\n<p>Koyuna ili\u015fkin a\u00e7\u0131klama yapan CHP Antalya Milletvekili Rafet Zeybek, iktidar\u0131n politikalar\u0131n\u0131 ele\u015ftirerek \u015funlar\u0131 s\u00f6yledi:<\/p>\n<p>\u201c19 y\u0131lda AKP iktidar\u0131n\u0131n art\u0131\u015fa ge\u00e7irdi\u011fi, artt\u0131rd\u0131\u011f\u0131 \u015feyler mutsuz insan say\u0131s\u0131, hayal k\u0131r\u0131kl\u0131\u011f\u0131na u\u011frayan insan say\u0131s\u0131, i\u015fsiz insan say\u0131s\u0131, sinir hastas\u0131 olan insan say\u0131s\u0131, depresyon ila\u00e7lar\u0131 kullanan insan say\u0131s\u0131 ve adalet bekleyen milyonlarca insan say\u0131s\u0131 oldu. \u00d6zellikle AKP ve tek adam, \u015fahs\u0131m cumhuriyetine \u00e7evirdi\u011fi T\u00fcrkiye Cumhuriyeti\u2019nde gen\u00e7 kesimin hayallerini ve umutlar\u0131n\u0131 yok etti. 18-29 ya\u015f grubundaki p\u0131r\u0131l p\u0131r\u0131l gen\u00e7lerin y\u00fczde 43,5\u2019i bug\u00fcn i\u015fsizlikle bo\u011fu\u015fuyor. AKP ve onun garip gureba politikalar\u0131 y\u00fcz\u00fcnden \u00fclkeyi terk etmek i\u00e7in can atanlar\u0131n oran\u0131 y\u00fczde 64. Bu tarihin hi\u00e7bir d\u00f6neminde g\u00f6r\u00fclmeyen bir oran ve g\u00f6r\u00fcyoruz ki yurt d\u0131\u015f\u0131na g\u00f6\u00e7 2016-2018 y\u0131llar\u0131 aras\u0131nda y\u00fczde 97 artm\u0131\u015f vaziyette. Yine 2019\u2019da sadece bir y\u0131lda 330 binden fazla ki\u015fi \u00fclkeden ka\u00e7m\u0131\u015f. Daha iyi bir ya\u015fam i\u00e7in, daha refah hayat bulabilmek i\u00e7in. Daha iyi e\u011fitim alabilmek i\u00e7in, tarikat ve \u015feyhlerin kafas\u0131ndan uzak bir d\u00fcnyada mutluca ya\u015famak i\u00e7in. \u0130ktidar can ve mal g\u00fcvenli\u011fini sa\u011flayamad\u0131\u011f\u0131 i\u00e7in, AKP\u2019den kurtulmak i\u00e7in!\u201d<\/p>\n<p><strong>\u201cERDO\u011eAN\u2019IN GER\u00c7EKLER\u0130 G\u00d6RMES\u0130 LAZIM\u201d<\/strong><\/p>\n<p>Cumhurba\u015fkan\u0131 Erdo\u011fan\u2019\u0131n T\u00fcrk vatanda\u015flar\u0131n\u0131n art\u0131k yurt d\u0131\u015f\u0131na gitmedi\u011fine y\u00f6nelik ifadelerini de ele\u015ftiren CHP\u2019li Zeybek, \u201cTek adam\u0131n \u00e7evresi avaneleri taraf\u0131ndan o kadar \u00e7evrilmi\u015f ki aktar\u0131lan t\u00fcm yalan yanl\u0131\u015f bilgileri ger\u00e7ek zannediyor. Say\u0131n Binali Y\u0131ld\u0131r\u0131m\u2019a haz\u0131rlanan bir konu\u015fma metnini dahi bakmadan etmeden okuyan bir ki\u015fiden bahsediyoruz. Say\u0131n Erdo\u011fan\u2019\u0131n art\u0131k ger\u00e7ekleri g\u00f6rmesi laz\u0131m. Etraf\u0131ndaki yanda\u015flardan kurulu duvar\u0131 y\u0131karak soka\u011fa inmesi ger\u00e7ekleri g\u00f6rmesi laz\u0131m ama vakit tamam. Kimsenin AKP\u2019den i\u015f, a\u015f, adalet umudu kalmad\u0131\u011f\u0131 gibi Erdo\u011fan\u2019dan da AKP\u2019den de umudu kalmad\u0131. Yap\u0131lacak ilk se\u00e7imlerde de \u00f6zellikle \u00fcmitsiz gen\u00e7ler kendilerinin \u00fcmidi olacak ve AKP\u2019yi tarihin tozlu raflar\u0131na sand\u0131kla beraber g\u00f6mecektir\u201d dedi.<\/p>\n","protected":false},"excerpt":{"rendered":"<p>&nbsp; CHP Antalya Milletvekili Rafet Zeybek, gen\u00e7lerin AKP y\u00fcz\u00fcnden \u00fclkeyi terk etti\u011fini, can ve mal g\u00fcvenli\u011finden korktuklar\u0131 i\u00e7in ka\u00e7mak istedi\u011fini s\u00f6yledi. \u201c2019\u2019DA 330 B\u0130N 289 K\u0130\u015e\u0130 YURT DI\u015eINA G\u00d6\u00c7 ETT\u0130\u201d Cumhurba\u015fkan\u0131 Recep Tayyip Erdo\u011fan, art\u0131k hi\u00e7bir vatanda\u015f\u0131n e\u011fitim ve i\u015f i\u00e7in yurt d\u0131\u015f\u0131na \u00e7\u0131kmak istemedi\u011fini savundu. Ancak T\u00dc\u0130K verileri tam aksini s\u00f6yledi. Verilere g\u00f6re 2019 [&hellip;]<\/p>\n","protected":false},"author":1,"featured_media":22123,"comment_status":"closed","ping_status":"open","sticky":false,"template":"","format":"standard","meta":[],"categories":[35,62],"tags":[],"amp_enabled":true,"_links":{"self":[{"href":"https:\/\/chpantalya.com\/index.php?rest_route=\/wp\/v2\/posts\/22403"}],"collection":[{"href":"https:\/\/chpantalya.com\/index.php?rest_route=\/wp\/v2\/posts"}],"about":[{"href":"https:\/\/chpantalya.com\/index.php?rest_route=\/wp\/v2\/types\/post"}],"author":[{"embeddable":true,"href":"https:\/\/chpantalya.com\/index.php?rest_route=\/wp\/v2\/users\/1"}],"replies":[{"embeddable":true,"href":"https:\/\/chpantalya.com\/index.php?rest_route=%2Fwp%2Fv2%2Fcomments&post=22403"}],"version-history":[{"count":0,"href":"https:\/\/chpantalya.com\/index.php?rest_route=\/wp\/v2\/posts\/22403\/revisions"}],"wp:featuredmedia":[{"embeddable":true,"href":"https:\/\/chpantalya.com\/index.php?rest_route=\/wp\/v2\/media\/22123"}],"wp:attachment":[{"href":"https:\/\/chpantalya.com\/index.php?rest_route=%2Fwp%2Fv2%2Fmedia&parent=22403"}],"wp:term":[{"taxonomy":"category","embeddable":true,"href":"https:\/\/chpantalya.com\/index.php?rest_route=%2Fwp%2Fv2%2Fcategories&post=22403"},{"taxonomy":"post_tag","embeddable":true,"href":"https:\/\/chpantalya.com\/index.php?rest_route=%2Fwp%2Fv2%2Ftags&post=22403"}],"curies":[{"name":"wp","href":"https:\/\/api.w.org\/{rel}","templated":true}]}}