{"id":22408,"date":"2021-04-22T15:12:04","date_gmt":"2021-04-22T12:12:04","guid":{"rendered":"http:\/\/chpantalya.com\/?p=22408"},"modified":"2021-04-22T15:12:04","modified_gmt":"2021-04-22T12:12:04","slug":"budak-pekcani-gorevden-almak-yetmez-yargilanmali","status":"publish","type":"post","link":"https:\/\/chpantalya.com\/?p=22408","title":{"rendered":"BUDAK: PEKCAN\u2019I G\u00d6REVDEN ALMAK YETMEZ YARGILANMALI"},"content":{"rendered":"<p>&nbsp;<\/p>\n<p><strong>\u201cK\u0130MSE ELLER\u0130N\u0130 YIKAYIP G\u0130DEMEZ\u201d<\/strong><\/p>\n<p><strong>TBMM Sanayi ve Ticaret Komisyonu \u00dcyesi ve CHP Antalya Milletvekili \u00c7etin Osman Budak, \u201cG\u00f6revini k\u00f6t\u00fcye kulland\u0131\u011f\u0131 a\u00e7\u0131k\u00e7a ortaya \u00e7\u0131kan Ruhsar Pekcan\u2019\u0131n g\u00f6revden al\u0131nmas\u0131 yetmez, hem yarg\u0131lanmal\u0131 hem de devletin kasas\u0131ndan kazand\u0131\u011f\u0131 o paralar\u0131 geri \u00f6demesi gerekmektedir. \u00c7\u00fcnk\u00fc o parada t\u00fcy\u00fc bitmemi\u015f yetimin hakk\u0131 vard\u0131r. Kimse \u00f6yle kolayca ellerini y\u0131kay\u0131p gidemez\u201d dedi. <\/strong><\/p>\n<p>Konuya ili\u015fkin bir a\u00e7\u0131klama yapan Budak \u015funlar\u0131 s\u00f6yledi:<\/p>\n<p>\u201cBa\u015f\u0131nda bulundu\u011fu Ticaret Bakanl\u0131\u011f\u0131na, kendisinin ve e\u015finin ortak oldu\u011fu \u015firket \u00fczerinden 9 milyon TL\u2019lik dezenfektan al\u0131m\u0131 yapan, ancak bu durum ortaya \u00e7\u0131kana kadar hi\u00e7 sesini \u00e7\u0131karmayan Ticaret Bakan\u0131 Ruhsar Pekcan bir gece yar\u0131s\u0131 kararnamesiyle g\u00f6revinden al\u0131nd\u0131.<\/p>\n<p>Cumhuriyet Halk Partisinin kararl\u0131 \u015fekilde sormaya devam etti\u011fi ve t\u00fcy\u00fc bitmemi\u015f yetimin hakk\u0131n\u0131 arad\u0131\u011f\u0131 \u2018128 Milyar Nerede\u2019 sorusuna do\u011fru d\u00fczg\u00fcn yan\u0131t verememenin pani\u011fini ya\u015fayan iktidar, bir de Ticaret Bakan\u0131\u2019n\u0131n y\u00fcz\u00fc bile k\u0131zarmadan \u2018Piyasa fiyatlar\u0131ndan olduk\u00e7a a\u015fa\u011f\u0131da, usul\u00fcne uygun bir bi\u00e7imde ger\u00e7ekle\u015ftirildi\u2019 diye savundu\u011fu dezenfektan olay\u0131 ile adeta su\u00e7\u00fcst\u00fc yakaland\u0131. Belediye Meclis \u00fcyeleri bile g\u00f6revleri s\u00fcresince ilgili belediyeye herhangi bir \u00fcr\u00fcn, bir kalem dahi satamazken, Ruhsar Pekcan\u2019\u0131n bu yapt\u0131\u011f\u0131 tam bir pervas\u0131zl\u0131kt\u0131r.<\/p>\n<p>T\u00fcrkiye devlet y\u00f6netiminde b\u00f6yle bir \u00e7\u00fcr\u00fcmeyi daha \u00f6nce hi\u00e7 ya\u015famam\u0131\u015ft\u0131r. Bir Bakan, en tepe noktas\u0131nda oturdu\u011fu kurumun g\u00fcc\u00fcn\u00fc kendi \u015fahsi \u00e7\u0131karlar\u0131 i\u00e7in daha \u00f6nce hi\u00e7 bu kadar hoyrat\u00e7a kullanmam\u0131\u015ft\u0131r.<\/p>\n<p>Ancak bulundu\u011fu makam\u0131 a\u00e7\u0131k\u00e7a k\u00f6t\u00fcye kullanan Ruhsar Pekcan g\u00f6revden al\u0131n\u0131nca bu i\u015f akland\u0131 m\u0131? Kamuoyu vicdan\u0131 rahatlat\u0131ld\u0131 m\u0131? Bakanl\u0131k g\u00f6revini \u00e7\u0131kar\u0131 i\u00e7in kullanman\u0131n sorumlulu\u011fu ne olacak? Bu en hafif tan\u0131mla siyasi ahlaka uymaz ama ayn\u0131 zamanda g\u00f6revi k\u00f6t\u00fcye kullanma su\u00e7udur. Ruhsar Pekcan\u2019\u0131n g\u00f6revden al\u0131nmas\u0131 yetmez, ayn\u0131 zamanda g\u00f6revi k\u00f6t\u00fcye kullanmak su\u00e7undan yarg\u0131lanmas\u0131 ve devletin kasas\u0131ndan \u00e7\u0131kan paralar\u0131 derhal geri \u00f6demesi gerekmektedir.<\/p>\n<p>\u00c7\u00fcnk\u00fc devletin kasas\u0131ndan \u00e7\u0131kan bu parada cebindeki 12 TL\u2019yi b\u0131rak\u0131p intihar eden baban\u0131n, mutfa\u011f\u0131nda tencere kaynamayan annelerin ah\u0131 bulunmaktad\u0131r. \u00c7\u00fcnk\u00fc o parada t\u00fcy\u00fc bitmemi\u015f yetimin hakk\u0131 vard\u0131r. Kimse \u00f6yle kolayca ellerini y\u0131kay\u0131p gidemez.\u201d<\/p>\n","protected":false},"excerpt":{"rendered":"<p>&nbsp; \u201cK\u0130MSE ELLER\u0130N\u0130 YIKAYIP G\u0130DEMEZ\u201d TBMM Sanayi ve Ticaret Komisyonu \u00dcyesi ve CHP Antalya Milletvekili \u00c7etin Osman Budak, \u201cG\u00f6revini k\u00f6t\u00fcye kulland\u0131\u011f\u0131 a\u00e7\u0131k\u00e7a ortaya \u00e7\u0131kan Ruhsar Pekcan\u2019\u0131n g\u00f6revden al\u0131nmas\u0131 yetmez, hem yarg\u0131lanmal\u0131 hem de devletin kasas\u0131ndan kazand\u0131\u011f\u0131 o paralar\u0131 geri \u00f6demesi gerekmektedir. \u00c7\u00fcnk\u00fc o parada t\u00fcy\u00fc bitmemi\u015f yetimin hakk\u0131 vard\u0131r. Kimse \u00f6yle kolayca ellerini y\u0131kay\u0131p gidemez\u201d [&hellip;]<\/p>\n","protected":false},"author":1,"featured_media":22290,"comment_status":"closed","ping_status":"open","sticky":false,"template":"","format":"standard","meta":[],"categories":[52,35],"tags":[],"amp_enabled":true,"_links":{"self":[{"href":"https:\/\/chpantalya.com\/index.php?rest_route=\/wp\/v2\/posts\/22408"}],"collection":[{"href":"https:\/\/chpantalya.com\/index.php?rest_route=\/wp\/v2\/posts"}],"about":[{"href":"https:\/\/chpantalya.com\/index.php?rest_route=\/wp\/v2\/types\/post"}],"author":[{"embeddable":true,"href":"https:\/\/chpantalya.com\/index.php?rest_route=\/wp\/v2\/users\/1"}],"replies":[{"embeddable":true,"href":"https:\/\/chpantalya.com\/index.php?rest_route=%2Fwp%2Fv2%2Fcomments&post=22408"}],"version-history":[{"count":0,"href":"https:\/\/chpantalya.com\/index.php?rest_route=\/wp\/v2\/posts\/22408\/revisions"}],"wp:featuredmedia":[{"embeddable":true,"href":"https:\/\/chpantalya.com\/index.php?rest_route=\/wp\/v2\/media\/22290"}],"wp:attachment":[{"href":"https:\/\/chpantalya.com\/index.php?rest_route=%2Fwp%2Fv2%2Fmedia&parent=22408"}],"wp:term":[{"taxonomy":"category","embeddable":true,"href":"https:\/\/chpantalya.com\/index.php?rest_route=%2Fwp%2Fv2%2Fcategories&post=22408"},{"taxonomy":"post_tag","embeddable":true,"href":"https:\/\/chpantalya.com\/index.php?rest_route=%2Fwp%2Fv2%2Ftags&post=22408"}],"curies":[{"name":"wp","href":"https:\/\/api.w.org\/{rel}","templated":true}]}}