{"id":22421,"date":"2021-04-26T09:30:30","date_gmt":"2021-04-26T06:30:30","guid":{"rendered":"http:\/\/chpantalya.com\/?p=22421"},"modified":"2021-04-26T09:30:30","modified_gmt":"2021-04-26T06:30:30","slug":"ozer-mermer-ocaklari-denetim-altina-alinmali","status":"publish","type":"post","link":"https:\/\/chpantalya.com\/?p=22421","title":{"rendered":"\u00d6ZER: MERMER OCAKLARI DENET\u0130M ALTINA ALINMALI"},"content":{"rendered":"<p>Mandallar ve K\u00f6pr\u00fc\u00e7ay mermer ocaklar\u0131 sorunu Meclis g\u00fcndemine ta\u015f\u0131nd\u0131. TBMM \u00c7evre Komisyonu \u00fcyesi CHP\u2019li \u00d6zer, \u201cSe\u00e7im b\u00f6lgem Antalya\u2019da oldu\u011fu gibi Isparta\u2019da da vah\u015fi mermercilik zulm\u00fc var. Do\u011fan\u0131n tabii dengesini, insanlar\u0131n ya\u015fam kalitesini bozuyor\u201d dedi.<\/p>\n<p>TBMM \u00c7evre Komisyonu \u00fcyesi CHP Antalya Milletvekili Ayd\u0131n \u00d6zer, S\u00fct\u00e7\u00fcler il\u00e7esine ba\u011fl\u0131 Mandallar ve K\u00f6pr\u00fc\u00e7ay\u2019daki mermer ocaklar\u0131 sorununu Meclis g\u00fcndemine ta\u015f\u0131d\u0131. Ge\u00e7ti\u011fimiz haftalarda yerinde yapt\u0131\u011f\u0131 incelemeler sonras\u0131nda \u0130\u00e7i\u015fleri Bakan\u0131, Tar\u0131m ve Orman Bakan\u0131, \u00c7evre ve \u015eehircilik Bakan\u0131na soru \u00f6nergeleri veren CHP\u2019li \u00d6zer, \u201cT\u0131pk\u0131 se\u00e7im b\u00f6lgem Antalya\u2019da oldu\u011fu gibi, Isparta\u2019da da vah\u015fi mermercilik zulm\u00fc var. Denetimsiz ve kontrols\u00fcz yap\u0131lan madencilik faaliyeti b\u00fcy\u00fck zarar getiriyor; do\u011fan\u0131n tabii dengesini, insanlar\u0131n ya\u015fam kalitesini bozuyor. Denetim ve kontrol \u015fart\u201d dedi.<\/p>\n<p>\u0130l\u00e7enin tamamen mermer ocaklar\u0131n\u0131n insaf\u0131na b\u0131rak\u0131lma tehlikesiyle kar\u015f\u0131 kar\u015f\u0131ya oldu\u011funu s\u00f6yleyen \u00d6zer ekledi: \u201c\u0130nsanlar\u0131n ata topraklar\u0131ndan, do\u011fas\u0131ndan, suyundan vazge\u00e7mesi isteniyor. Birka\u00e7 \u015firketin zulm\u00fcne izin veriliyor. Sahip oldu\u011fumuz tek \u015fey bu toprak. Ka\u00e7 para olursa olsun, de\u011feri bu toprak kadar etmez.\u201d<\/p>\n<p><strong>\u00a0<\/strong><\/p>\n<p><strong>KURUMLARIN SORUMSUZLU\u011eU VAR<\/strong><\/p>\n<p><strong>\u00a0<\/strong><\/p>\n<p>Ye\u015filyurt Mandallar\u2019da kurumlar\u0131n sorumsuzlu\u011fu oldu\u011funu ve \u0130\u00e7i\u015fleri Bakan\u0131na bu konuyu sordu\u011funu belirten \u00d6zer, \u015funlar\u0131 s\u00f6yledi:<\/p>\n<p>\u201cK\u00f6yl\u00fc, 2019 Mart\u2019ta C\u0130MER\u2019e yazm\u0131\u015f. \u00c7evre ve \u015eehircilik \u0130l M\u00fcd\u00fcrl\u00fc\u011f\u00fc Kas\u0131m 2019\u2019da inceleme yapm\u0131\u015f, pasa d\u00f6k\u00fcm alan\u0131ndan molozlar\u0131n yuvarlanarak can ve mal g\u00fcvenli\u011fine tehlike olu\u015fturmamas\u0131 y\u00f6n\u00fcnde t\u00fcm g\u00fcvenlik tedbirlerinin al\u0131nmas\u0131 i\u00e7in \u0130l Afet ve Acil Durum M\u00fcd\u00fcrl\u00fc\u011f\u00fcne (AFAD) ve \u0130l \u00d6zel \u0130daresi\u2019ne bildirimde bulunmu\u015f. AFAD gelmi\u015f bakm\u0131\u015f, bizi ilgilendiren bir durum yok, demi\u015f. \u0130l \u00d6zel \u0130daresi ise haz\u0131rlat\u0131lan Bilimsel Teknik Rapor\u2019a g\u00f6re zeminde kayma oldu\u011funun tespit edildi\u011fi, \u00f6nlemler \u00e7er\u00e7evesinde Heyelan B\u00f6lgesi \u00d6nleme \u00c7al\u0131\u015fmalar\u0131 projesi i\u00e7in \u00c7evre ve \u015eehircilik \u0130l M\u00fcd\u00fcrl\u00fc\u011f\u00fcne ba\u015fvuruldu\u011funu ifade etmi\u015f. Oras\u0131 da projeye \u00c7ED Y\u00f6netmeli\u011fi Kapsam D\u0131\u015f\u0131 g\u00f6r\u00fc\u015f\u00fc vermi\u015f, pasa yuvarlanmalar\u0131 ve alandaki kaymalarla ilgili proje sorumlulu\u011fu \u0130l \u00d6zel \u0130daresinde demi\u015f. Yani T\u00fcrk\u00e7esi, herkes bize ne demi\u015f!\u201d<\/p>\n<p><strong>\u00a0<\/strong><\/p>\n<p><strong>HEYELAN ALANI OLDU\u011eU B\u0130L\u0130N\u0130YORMU\u015e<\/strong><\/p>\n<p>&nbsp;<\/p>\n<p>\u00c7evre Komisyonu \u00fcyesi CHP\u2019li \u00d6zer, C\u0130MER ba\u015fvurusunun \u00fczerinden yakla\u015f\u0131k 10 ay ge\u00e7tikten sonra nihayet \u00c7evre ve \u015eehircilik \u0130l M\u00fcd\u00fcrl\u00fc\u011f\u00fc, \u0130l \u00d6zel \u0130daresi, AFAD ve Orman B\u00f6lge M\u00fcd\u00fcrl\u00fc\u011f\u00fc ekiplerince incelemeler yap\u0131ld\u0131\u011f\u0131n\u0131 belirterek \u015funlar\u0131 s\u00f6yledi:<\/p>\n<p>\u201cResmi ifadesiyle diyor ki Bakanl\u0131k; daha \u00f6nce jeolojik a\u00e7\u0131dan heyelan alan\u0131 oldu\u011fu bilinen yerle\u015fim alan\u0131nda mermer i\u015fletmesinin faaliyetlerine ba\u011fl\u0131 olarak kayman\u0131n h\u0131zland\u0131\u011f\u0131 tespit edilmi\u015ftir, bu durumun yerle\u015fim alan\u0131nda can ve mal g\u00fcvenli\u011fi a\u00e7\u0131s\u0131ndan olu\u015fturdu\u011fu risklerin ortadan kald\u0131r\u0131labilmesi i\u00e7in de AFAD taraf\u0131ndan evlerin tahliyesine ili\u015fkin gerekli i\u015f ve i\u015flemler ba\u015flat\u0131lm\u0131\u015ft\u0131r. Bu ifadelerden bizim anlad\u0131\u011f\u0131m\u0131z buradaki heyelan riski biliniyor, insanlar\u0131n evlerinin, seralar\u0131n\u0131n, ah\u0131rlar\u0131n\u0131n ba\u015flar\u0131na y\u0131k\u0131lmas\u0131 tehlikesi zaten biliniyor ama yine de Karmersan Mermer \u0130n\u015f. Malz. Nak. Tic. Ve San. A.\u015e. isimli mermer oca\u011f\u0131na burada faaliyet izni, ruhsat\u0131 veriliyor. Bunun nedenini, izni verenler hakk\u0131nda bir i\u015flem ba\u015flat\u0131l\u0131p ba\u015flat\u0131lmad\u0131\u011f\u0131n\u0131 sorduk Bakana.\u201d<\/p>\n<p>&nbsp;<\/p>\n<p><strong>HERHANG\u0130 B\u0130R \u0130\u015eLEM BA\u015eLADI MI?<\/strong><\/p>\n<p>&nbsp;<\/p>\n<p>\u0130\u00e7i\u015fleri Bakan\u0131 S\u00fcleyman Soylu\u2019ya \u201c\u0130l Afet ve Acil Durum M\u00fcd\u00fcrl\u00fc\u011f\u00fcn\u00fcz, \u015fikayetlere ra\u011fmen, mermer ocaklar\u0131n\u0131n hafriyat d\u00f6k\u00fcmlerini neden zaman\u0131nda denetlememi\u015ftir? K\u00f6y sakinlerinin ata topraklar\u0131n\u0131, evlerini terk etmek zorunda b\u0131rak\u0131lmalar\u0131na sebep olan ki\u015filer hakk\u0131nda, bu sorumsuzluklar\u0131 nedeniyle bir i\u015flem ba\u015flat\u0131lm\u0131\u015f m\u0131d\u0131r? E\u011fer bir i\u015flem ba\u015flat\u0131lmad\u0131ysa bunun nedeni nedir?\u201d sorular\u0131n\u0131 y\u00f6nelten CHP\u2019li \u00d6zer, \u00c7evre ve \u015eehircilik Bakan\u0131 Murat Kuruma\u2019a ise \u015funlar\u0131 sordu:<\/p>\n<p>\u201cS\u00fct\u00e7\u00fcler il\u00e7esinde yeni kabullerle birlikte \u00f6n\u00fcm\u00fczdeki s\u00fcre\u00e7te toplamda 262 mermer oca\u011f\u0131n\u0131n faaliyet g\u00f6sterece\u011fi do\u011fru mudur? Hayvanc\u0131l\u0131\u011f\u0131n bitirildi\u011fi il\u00e7ede \u015fimdi serac\u0131l\u0131k da bitirilirse, il\u00e7e tamamen mermer ocaklar\u0131n\u0131n insaf\u0131na b\u0131rak\u0131lm\u0131\u015f olmayacak m\u0131d\u0131r? \u00c7evreden sorumlu Bakanl\u0131\u011f\u0131n\u0131z, ruhsattan sorumlu Enerji ve Tabii Kaynaklar Bakanl\u0131\u011f\u0131 ile konuya ili\u015fkin bir \u00e7al\u0131\u015fma yapmakta m\u0131d\u0131r, yapacak m\u0131d\u0131r? Buradaki yerle\u015fim alan\u0131n\u0131n jeolojik a\u00e7\u0131dan heyelan alan\u0131 oldu\u011fu bilinmesine kar\u015f\u0131n, burada ya\u015fayan insanlar\u0131n evlerinin, seralar\u0131n\u0131n, ah\u0131rlar\u0131n\u0131n ba\u015flar\u0131na y\u0131k\u0131laca\u011f\u0131 tehlikesi bilinmesine kar\u015f\u0131n mermer oca\u011f\u0131 faaliyetine neden izin verilmi\u015ftir? Faaliyete izin verenler hakk\u0131nda herhangi bir i\u015flem ba\u015flat\u0131lm\u0131\u015f m\u0131d\u0131r, ba\u015flat\u0131lacak m\u0131d\u0131r?\u201d<\/p>\n<p>&nbsp;<\/p>\n<p><strong>KE\u00c7\u0130 ORMANA ZARARLI AMA OCAK DE\u011e\u0130L M\u0130?<\/strong><\/p>\n<p>&nbsp;<\/p>\n<p>Yukar\u0131 K\u00f6pr\u00fc\u00e7ay Havzas\u0131nda ise yakla\u015f\u0131k 100 hektarl\u0131k alanda faaliyet g\u00f6sterecek \u015eahin Karde\u015fler Elk. Ve Mer. San. Taah. Ve Tic. Ltd. \u015eti. adl\u0131 \u015firketin mermer oca\u011f\u0131 a\u00e7mas\u0131 i\u00e7in Valilik taraf\u0131ndan 7 Nisan 2021 tarihinde \u2018\u00c7ED Gerekli De\u011fildir\u2019 karar\u0131 verildi\u011fini hat\u0131rlatan CHP\u2019li \u00d6zer \u015f\u00f6yle konu\u015ftu: \u201cDS\u0130, patlatma ya da titre\u015fimli \u00e7al\u0131\u015fmalar\u0131n buradaki HES\u2019lere olumsuz etki edebilece\u011fini belirtmi\u015f, proje bu g\u00f6r\u00fc\u015fler do\u011frultusunda revize edilmi\u015f. Yani HES\u2019e zarar gelmesin denmi\u015f. Peki a\u011fa\u00e7lar? Onlar kesilecek. Ormana zarar veriyor diye k\u00fc\u00e7\u00fckba\u015f hayvanc\u0131l\u0131\u011f\u0131 bitirmi\u015fler, ke\u00e7iyi sokmad\u0131klar\u0131 ormana mermer oca\u011f\u0131n\u0131, i\u015f makinelerini al\u0131yorlar. Tar\u0131m Bakan\u0131na nedenini sorduk.\u201d<\/p>\n<p>CHP\u2019li \u00d6zer\u2019in Tar\u0131m ve Orman Bakan\u0131 Bekir Pakdemirli\u2019ye K\u00f6pr\u00fc\u00e7ay ile ilgili y\u00f6neltti\u011fi sorular \u015f\u00f6yle: \u201cMermer oca\u011f\u0131 i\u00e7in 48 bin 612 a\u011fac\u0131n kesilecek olmas\u0131, ormanc\u0131l\u0131k \u00e7al\u0131\u015fmalar\u0131na olumsuz etki etmeyecek midir? Ormanc\u0131l\u0131k \u00e7al\u0131\u015fmalar\u0131na olumsuz etkisi oldu\u011funa dair g\u00f6r\u00fc\u015f bildirilmesi i\u00e7in kriterler nedir? HES\u2019lerin zarara u\u011frat\u0131lmamas\u0131 i\u00e7in gerekli revizelerin yap\u0131lmas\u0131n\u0131 istenirken, a\u011fa\u00e7lar\u0131n zarara u\u011frat\u0131lmas\u0131na neden ses \u00e7\u0131kar\u0131lmamaktad\u0131r? Ke\u00e7ilerin bile giri\u015fini yasaklayan bakanl\u0131\u011f\u0131n\u0131z, ayn\u0131 ormanda neden mermer ocaklar\u0131n\u0131n faaliyet g\u00f6stermesine izin vermi\u015ftir?\u201d<\/p>\n\r\n                <style type=\"text\/css\">\r\n                    \r\n                    #tdi_1  .td-doubleSlider-2 .td-item1 {\r\n                        background: url(https:\/\/chpantalya.com\/wp-content\/uploads\/2021\/04\/1-160x120.jpeg) 0 0 no-repeat;\r\n                    }\r\n                    #tdi_1  .td-doubleSlider-2 .td-item2 {\r\n                        background: url(https:\/\/chpantalya.com\/wp-content\/uploads\/2021\/04\/2-1-160x120.jpeg) 0 0 no-repeat;\r\n                    }\r\n                    #tdi_1  .td-doubleSlider-2 .td-item3 {\r\n                        background: url(https:\/\/chpantalya.com\/wp-content\/uploads\/2021\/04\/3-160x120.jpeg) 0 0 no-repeat;\r\n                    }\r\n                    #tdi_1  .td-doubleSlider-2 .td-item4 {\r\n                        background: url(https:\/\/chpantalya.com\/wp-content\/uploads\/2021\/04\/4-160x120.jpg) 0 0 no-repeat;\r\n                    }\r\n                <\/style>\r\n\r\n                <div id=\"tdi_1\" class=\"td-gallery td-slide-on-2-columns\">\r\n                    <div class=\"post_td_gallery\">\r\n                        <div class=\"td-gallery-slide-top\">\r\n                           <div class=\"td-gallery-title\"><\/div>\r\n\r\n                            <div class=\"td-gallery-controls-wrapper\">\r\n                                <div class=\"td-gallery-slide-count\"><span class=\"td-gallery-slide-item-focus\">1<\/span> - 4<\/div>\r\n                                <div class=\"td-gallery-slide-prev-next-but\">\r\n                                    <i class = \"td-icon-left doubleSliderPrevButton\"><\/i>\r\n                                    <i class = \"td-icon-right doubleSliderNextButton\"><\/i>\r\n                                <\/div>\r\n                            <\/div>\r\n                        <\/div>\r\n\r\n                        <div class = \"td-doubleSlider-1 \">\r\n                            <div class = \"td-slider\">\r\n                                \r\n                    <div class = \"td-slide-item td-item1\">\r\n                        <figure class=\"td-slide-galery-figure td-slide-popup-gallery\">\r\n                            <a class=\"slide-gallery-image-link\" href=\"https:\/\/chpantalya.com\/wp-content\/uploads\/2021\/04\/1.jpeg\" title=\"1\"  data-caption=\"\"  data-description=\"\">\r\n                                <img src=\"https:\/\/chpantalya.com\/wp-content\/uploads\/2021\/04\/1-732x420.jpeg\" srcset=\"https:\/\/chpantalya.com\/wp-content\/uploads\/2021\/04\/1-732x420.jpeg 420w, https:\/\/chpantalya.com\/wp-content\/uploads\/2021\/04\/1-1463x840.jpeg 840w\" sizes=\"(-webkit-min-device-pixel-ratio: 2) 840px, (min-resolution: 192dpi) 840px, 420px\" alt=\"\">\r\n                            <\/a>\r\n                            \r\n                        <\/figure>\r\n                    <\/div>\r\n                    <div class = \"td-slide-item td-item2\">\r\n                        <figure class=\"td-slide-galery-figure td-slide-popup-gallery\">\r\n                            <a class=\"slide-gallery-image-link\" href=\"https:\/\/chpantalya.com\/wp-content\/uploads\/2021\/04\/2-1.jpeg\" title=\"2\"  data-caption=\"\"  data-description=\"\">\r\n                                <img src=\"https:\/\/chpantalya.com\/wp-content\/uploads\/2021\/04\/2-1-740x420.jpeg\" srcset=\"https:\/\/chpantalya.com\/wp-content\/uploads\/2021\/04\/2-1-740x420.jpeg 420w, https:\/\/chpantalya.com\/wp-content\/uploads\/2021\/04\/2-1-1481x840.jpeg 840w\" sizes=\"(-webkit-min-device-pixel-ratio: 2) 840px, (min-resolution: 192dpi) 840px, 420px\" alt=\"\">\r\n                            <\/a>\r\n                            \r\n                        <\/figure>\r\n                    <\/div>\r\n                    <div class = \"td-slide-item td-item3\">\r\n                        <figure class=\"td-slide-galery-figure td-slide-popup-gallery\">\r\n                            <a class=\"slide-gallery-image-link\" href=\"https:\/\/chpantalya.com\/wp-content\/uploads\/2021\/04\/3.jpeg\" title=\"3\"  data-caption=\"\"  data-description=\"\">\r\n                                <img src=\"https:\/\/chpantalya.com\/wp-content\/uploads\/2021\/04\/3-736x420.jpeg\" srcset=\"https:\/\/chpantalya.com\/wp-content\/uploads\/2021\/04\/3-736x420.jpeg 420w, https:\/\/chpantalya.com\/wp-content\/uploads\/2021\/04\/3-1471x840.jpeg 840w\" sizes=\"(-webkit-min-device-pixel-ratio: 2) 840px, (min-resolution: 192dpi) 840px, 420px\" alt=\"\">\r\n                            <\/a>\r\n                            \r\n                        <\/figure>\r\n                    <\/div>\r\n                    <div class = \"td-slide-item td-item4\">\r\n                        <figure class=\"td-slide-galery-figure td-slide-popup-gallery\">\r\n                            <a class=\"slide-gallery-image-link\" href=\"https:\/\/chpantalya.com\/wp-content\/uploads\/2021\/04\/4.jpg\" title=\"4\"  data-caption=\"\"  data-description=\"\">\r\n                                <img src=\"https:\/\/chpantalya.com\/wp-content\/uploads\/2021\/04\/4-630x420.jpg\" srcset=\"https:\/\/chpantalya.com\/wp-content\/uploads\/2021\/04\/4-630x420.jpg 420w, https:\/\/chpantalya.com\/wp-content\/uploads\/2021\/04\/4-1261x840.jpg 840w\" sizes=\"(-webkit-min-device-pixel-ratio: 2) 840px, (min-resolution: 192dpi) 840px, 420px\" alt=\"\">\r\n                            <\/a>\r\n                            \r\n                        <\/figure>\r\n                    <\/div>\r\n                            <\/div>\r\n                        <\/div>\r\n\r\n                        <div class = \"td-doubleSlider-2\">\r\n                            <div class = \"td-slider\">\r\n                                \r\n                    <div class = \"td-button td-item1\">\r\n                        <div class = \"td-border\"><\/div>\r\n                    <\/div>\r\n                    <div class = \"td-button td-item2\">\r\n                        <div class = \"td-border\"><\/div>\r\n                    <\/div>\r\n                    <div class = \"td-button td-item3\">\r\n                        <div class = \"td-border\"><\/div>\r\n                    <\/div>\r\n                    <div class = \"td-button td-item4\">\r\n                        <div class = \"td-border\"><\/div>\r\n                    <\/div>\r\n                            <\/div>\r\n                        <\/div>\r\n\r\n                    <\/div>\r\n\r\n                <\/div>\r\n                \n","protected":false},"excerpt":{"rendered":"<p>Mandallar ve K\u00f6pr\u00fc\u00e7ay mermer ocaklar\u0131 sorunu Meclis g\u00fcndemine ta\u015f\u0131nd\u0131. TBMM \u00c7evre Komisyonu \u00fcyesi CHP\u2019li \u00d6zer, \u201cSe\u00e7im b\u00f6lgem Antalya\u2019da oldu\u011fu gibi Isparta\u2019da da vah\u015fi mermercilik zulm\u00fc var. Do\u011fan\u0131n tabii dengesini, insanlar\u0131n ya\u015fam kalitesini bozuyor\u201d dedi. TBMM \u00c7evre Komisyonu \u00fcyesi CHP Antalya Milletvekili Ayd\u0131n \u00d6zer, S\u00fct\u00e7\u00fcler il\u00e7esine ba\u011fl\u0131 Mandallar ve K\u00f6pr\u00fc\u00e7ay\u2019daki mermer ocaklar\u0131 sorununu Meclis g\u00fcndemine ta\u015f\u0131d\u0131. [&hellip;]<\/p>\n","protected":false},"author":1,"featured_media":22422,"comment_status":"closed","ping_status":"open","sticky":false,"template":"","format":"standard","meta":[],"categories":[60,35],"tags":[],"amp_enabled":true,"_links":{"self":[{"href":"https:\/\/chpantalya.com\/index.php?rest_route=\/wp\/v2\/posts\/22421"}],"collection":[{"href":"https:\/\/chpantalya.com\/index.php?rest_route=\/wp\/v2\/posts"}],"about":[{"href":"https:\/\/chpantalya.com\/index.php?rest_route=\/wp\/v2\/types\/post"}],"author":[{"embeddable":true,"href":"https:\/\/chpantalya.com\/index.php?rest_route=\/wp\/v2\/users\/1"}],"replies":[{"embeddable":true,"href":"https:\/\/chpantalya.com\/index.php?rest_route=%2Fwp%2Fv2%2Fcomments&post=22421"}],"version-history":[{"count":0,"href":"https:\/\/chpantalya.com\/index.php?rest_route=\/wp\/v2\/posts\/22421\/revisions"}],"wp:featuredmedia":[{"embeddable":true,"href":"https:\/\/chpantalya.com\/index.php?rest_route=\/wp\/v2\/media\/22422"}],"wp:attachment":[{"href":"https:\/\/chpantalya.com\/index.php?rest_route=%2Fwp%2Fv2%2Fmedia&parent=22421"}],"wp:term":[{"taxonomy":"category","embeddable":true,"href":"https:\/\/chpantalya.com\/index.php?rest_route=%2Fwp%2Fv2%2Fcategories&post=22421"},{"taxonomy":"post_tag","embeddable":true,"href":"https:\/\/chpantalya.com\/index.php?rest_route=%2Fwp%2Fv2%2Ftags&post=22421"}],"curies":[{"name":"wp","href":"https:\/\/api.w.org\/{rel}","templated":true}]}}