{"id":22442,"date":"2021-04-28T14:50:35","date_gmt":"2021-04-28T11:50:35","guid":{"rendered":"http:\/\/chpantalya.com\/?p=22442"},"modified":"2021-04-28T14:50:35","modified_gmt":"2021-04-28T11:50:35","slug":"iktidari-degistirecek-olan-isci-sinifimiza-selam","status":"publish","type":"post","link":"https:\/\/chpantalya.com\/?p=22442","title":{"rendered":"\u201c\u0130KT\u0130DARI DE\u011e\u0130\u015eT\u0130RECEK OLAN \u0130\u015e\u00c7\u0130 SINIFIMIZA SEL\u00c2M!\u201d"},"content":{"rendered":"<p>Cumhuriyet Halk Partisi Antalya \u0130l Ba\u015fkan\u0131 Nuri Cengiz, yakla\u015fan 1 May\u0131s \u0130\u015f\u00e7i Bayram\u0131 dolay\u0131s\u0131yla i\u015f\u00e7ilerin hak ve sorunlar\u0131n\u0131 konu alan ve ba\u015fkanl\u0131k rejimini ele\u015ftiren a\u00e7\u0131klamalarda bulundu. Ba\u015fkan Cengiz, \u201cT\u00fcrkiye bir avu\u00e7 zenginin sefa s\u00fcrd\u00fc\u011f\u00fc, milyonlar\u0131n ise yoksullukla bo\u011fu\u015ftu\u011fu bir \u00fclke haline gelmi\u015ftir\u201d dedi<\/p>\n<p>Yakla\u015fan 1 May\u0131s \u0130\u015f\u00e7i Bayram\u0131 dolay\u0131s\u0131yla g\u00fcn\u00fcm\u00fcz T\u00fcrkiye\u2019sinde i\u015f\u00e7iler ba\u015fta olmak \u00fczere t\u00fcm vatanda\u015flar\u0131n ya\u015fad\u0131klar\u0131 sorunlar\u0131 de\u011ferlendiren ve AKP iktidar\u0131n\u0131n 20 y\u0131ll\u0131k y\u00f6netim bi\u00e7imini Ba\u015fkanl\u0131k rejimine vurgu yaparak ele\u015ftiren Cumhuriyet Halk Partisi Antalya \u0130l Ba\u015fkan\u0131 Nuri Cengiz; T\u00fcrkiye\u2019de iktidar\u0131 de\u011fi\u015ftirecek olan g\u00fcc\u00fcn, i\u015f\u00e7i ve emek\u00e7ilerin al\u0131n terinde var oldu\u011funu ifade etti. \u00d6zellikle ba\u015fkanl\u0131k rejiminden sonraki s\u00fcre\u00e7te AKP iktidar\u0131n\u0131n s\u00f6m\u00fcr\u00fcye dayal\u0131, eme\u011fe ve emek\u00e7iye d\u00fc\u015fman bir anlay\u0131\u015fla hareket etti\u011fini belirten Ba\u015fkan Nuri Cengiz\u2019in bas\u0131nla ve kamuoyuyla payla\u015ft\u0131\u011f\u0131 yaz\u0131l\u0131 a\u00e7\u0131klamada \u015fu ifadeler yer ald\u0131;<\/p>\n<p>\u201cK\u0131dem tazminat\u0131 ba\u015fta olmak \u00fczere i\u015f\u00e7ilerin, emek\u00e7ilerin en temel haklar\u0131na g\u00f6z diken, T\u00fcrkiye\u2019yi bir ta\u015feron cenneti haline d\u00f6n\u00fc\u015ft\u00fcren, g\u00fcvencesiz, esnek istihdam bi\u00e7imini bir kural haline getiren 20 y\u0131ll\u0131k AKP iktidar\u0131 art\u0131k tam anlam\u0131yla yozla\u015fm\u0131\u015f, \u00fclkeyi i\u00e7inden \u00e7\u0131k\u0131lmaz bir girdaba s\u00fcr\u00fcklemi\u015ftir.<\/p>\n<p>\u00d6n\u00fcn\u00fc g\u00f6rebilen kimse yok. Gen\u00e7lere gelece\u011fe bakam\u0131yor! \u0130nsanlar \u00e7\u00f6pten yemek ar\u0131yor, a\u00e7l\u0131ktan yoksulluktan intihar ediyorlar!<\/p>\n<p>SARAY REJ\u0130M\u0130, kamunun b\u00fct\u00fcn kaynaklar\u0131n\u0131 BE\u015eL\u0130 \u00c7ETE\u2019ye pe\u015fke\u015f \u00e7ekerken, yanda\u015flar\u0131n\u0131n vergi borcunu bir kalemde silerken, emek\u00e7iler zamlarla, hayat pahal\u0131l\u0131\u011f\u0131yla, enflasyonla bo\u011fu\u015fuyor. Emekliler ay sonunu g\u00f6remiyor.<\/p>\n<p>O her \u015feye \u00e7are olaca\u011f\u0131 s\u00f6ylenen BA\u015eKANLIK REJ\u0130M\u0130 sonras\u0131nda mutlu olan hi\u00e7 kimse yok; SARAY REJ\u0130M\u0130 ve yanda\u015flar\u0131ndan olu\u015fan MUTLU AZINLIK d\u0131\u015f\u0131nda!<\/p>\n<p>AKP iktidar\u0131 alt\u0131nda T\u00fcrkiye maalesef y\u00f6netilemiyor!<\/p>\n<p>SARAY REJ\u0130M\u0130\u2019nin keyfi, m\u00fcsrif ve plans\u0131z ekonomi politikalar\u0131 T\u00fcrkiye\u2019yi derin bir toplumsal buhrana s\u00fcr\u00fcklemi\u015ftir.<\/p>\n<p>SARAY REJ\u0130M\u0130, kendisi ve yanda\u015f \u00e7evreler d\u0131\u015f\u0131nda refah\u0131 kimseyle payla\u015fm\u0131yor!<\/p>\n<p>T\u00fcrkiye bir avu\u00e7 zenginin sefa s\u00fcrd\u00fc\u011f\u00fc, milyonlar\u0131n ise a\u00e7l\u0131kla, yoksullukla bo\u011fu\u015ftu\u011fu bir \u00fclke haline gelmi\u015ftir.<\/p>\n<p>\u015eu kesinki; SARAY REJ\u0130M\u0130 bir s\u00f6m\u00fcr\u00fc rejimidir! SARAY REJ\u0130M\u0130 bir bask\u0131 rejimidir! SARAY REJ\u0130M\u0130 eme\u011fin, \u00f6rg\u00fctl\u00fc i\u015f\u00e7i s\u0131n\u0131f\u0131n\u0131n d\u00fc\u015fman\u0131d\u0131r! SARAY REJ\u0130M\u0130 zam, zul\u00fcm, i\u015fkencedir! SARAY REJ\u0130M\u0130 batak ekonomisidir!<\/p>\n<p>Bu koku\u015fmu\u015f rejimi emek\u00e7ilerle birlikte y\u0131kaca\u011f\u0131z ve hi\u00e7bir \u00e7ocu\u011fun yata\u011fa a\u00e7 girmedi\u011fi bir T\u00fcrkiye&#8217;yi el birli\u011fi ile in\u015fa edece\u011fiz!<\/p>\n<p>\u201c\u00dcreten, \u00fclkesini ayakta tutan, iktidar\u0131 de\u011fi\u015ftirecek olan i\u015f\u00e7i s\u0131n\u0131f\u0131m\u0131za selam olsun!<\/p>\n<p>Paran\u0131n padi\u015fahl\u0131\u011f\u0131n\u0131,<\/p>\n<p>karanl\u0131\u011f\u0131n\u0131 yobaz\u0131n<\/p>\n<p>ve yabanc\u0131n\u0131n roketini yenecek i\u015f\u00e7i s\u0131n\u0131f\u0131na sel\u00e2m!\u201d<\/p>\n<p>Yeniden alanlarda, meydanlarda bulu\u015fmak \u00fczere&#8230;<\/p>\n<p>&nbsp;<\/p>\n<p>YA\u015eASIN 1 MAYIS!<\/p>\n<p>YA\u015eASIN \u0130\u015e\u00c7\u0130LER, EMEK\u00c7\u0130LER!<\/p>\n<p>YA\u015eASIN EME\u011e\u0130N \u00d6RG\u00dcTL\u00dc G\u00dcC\u00dc!\u201d<\/p>\n","protected":false},"excerpt":{"rendered":"<p>Cumhuriyet Halk Partisi Antalya \u0130l Ba\u015fkan\u0131 Nuri Cengiz, yakla\u015fan 1 May\u0131s \u0130\u015f\u00e7i Bayram\u0131 dolay\u0131s\u0131yla i\u015f\u00e7ilerin hak ve sorunlar\u0131n\u0131 konu alan ve ba\u015fkanl\u0131k rejimini ele\u015ftiren a\u00e7\u0131klamalarda bulundu. Ba\u015fkan Cengiz, \u201cT\u00fcrkiye bir avu\u00e7 zenginin sefa s\u00fcrd\u00fc\u011f\u00fc, milyonlar\u0131n ise yoksullukla bo\u011fu\u015ftu\u011fu bir \u00fclke haline gelmi\u015ftir\u201d dedi Yakla\u015fan 1 May\u0131s \u0130\u015f\u00e7i Bayram\u0131 dolay\u0131s\u0131yla g\u00fcn\u00fcm\u00fcz T\u00fcrkiye\u2019sinde i\u015f\u00e7iler ba\u015fta olmak \u00fczere [&hellip;]<\/p>\n","protected":false},"author":1,"featured_media":22443,"comment_status":"closed","ping_status":"open","sticky":false,"template":"","format":"standard","meta":[],"categories":[58],"tags":[],"amp_enabled":true,"_links":{"self":[{"href":"https:\/\/chpantalya.com\/index.php?rest_route=\/wp\/v2\/posts\/22442"}],"collection":[{"href":"https:\/\/chpantalya.com\/index.php?rest_route=\/wp\/v2\/posts"}],"about":[{"href":"https:\/\/chpantalya.com\/index.php?rest_route=\/wp\/v2\/types\/post"}],"author":[{"embeddable":true,"href":"https:\/\/chpantalya.com\/index.php?rest_route=\/wp\/v2\/users\/1"}],"replies":[{"embeddable":true,"href":"https:\/\/chpantalya.com\/index.php?rest_route=%2Fwp%2Fv2%2Fcomments&post=22442"}],"version-history":[{"count":0,"href":"https:\/\/chpantalya.com\/index.php?rest_route=\/wp\/v2\/posts\/22442\/revisions"}],"wp:featuredmedia":[{"embeddable":true,"href":"https:\/\/chpantalya.com\/index.php?rest_route=\/wp\/v2\/media\/22443"}],"wp:attachment":[{"href":"https:\/\/chpantalya.com\/index.php?rest_route=%2Fwp%2Fv2%2Fmedia&parent=22442"}],"wp:term":[{"taxonomy":"category","embeddable":true,"href":"https:\/\/chpantalya.com\/index.php?rest_route=%2Fwp%2Fv2%2Fcategories&post=22442"},{"taxonomy":"post_tag","embeddable":true,"href":"https:\/\/chpantalya.com\/index.php?rest_route=%2Fwp%2Fv2%2Ftags&post=22442"}],"curies":[{"name":"wp","href":"https:\/\/api.w.org\/{rel}","templated":true}]}}