{"id":22450,"date":"2021-05-04T23:37:42","date_gmt":"2021-05-04T20:37:42","guid":{"rendered":"http:\/\/chpantalya.com\/?p=22450"},"modified":"2021-05-04T23:37:42","modified_gmt":"2021-05-04T20:37:42","slug":"zeybek-semt-pazarlari-kontrollu-bir-sekilde-acilmalidir","status":"publish","type":"post","link":"https:\/\/chpantalya.com\/?p=22450","title":{"rendered":"ZEYBEK: SEMT PAZARLARI, KONTROLL\u00dc B\u0130R \u015eEK\u0130LDE A\u00c7ILMALIDIR"},"content":{"rendered":"<p>CHP Antalya Milletvekilleri Rafet Zeybek, Cavit Ar\u0131, Ayd\u0131n \u00d6zer, CHP Antalya \u0130l Ba\u015fkan\u0131 Nuri Cengiz, CHP Serik \u0130l\u00e7e Ba\u015fkan\u0131 \u0130brahim Demir ve beraberindeki heyet, tam kapanma s\u00fcrecinde semt pazarlar\u0131n\u0131n kapanmas\u0131 nedeniyle zor g\u00fcnler ya\u015fayan ve ellerindeki \u00fcr\u00fcnleri satamayan \u00e7ift\u00e7ileri Serik Halinde ziyaret ettiler.<\/p>\n<p>Antalya\u2019n\u0131n Serik Sebze-Meyve Halini ziyaret edip temaslarda bulunan ve \u00fcreticinin sorunlar\u0131n\u0131 dinleyen CHP Antalya Milletvekili Rafet Zeybek yapt\u0131\u011f\u0131 a\u00e7\u0131klamada \u015fu ifadeleri kulland\u0131;<\/p>\n<p><strong>SEMT PAZARLARI, KONTROLL\u00dc B\u0130R \u015eEK\u0130LDE A\u00c7ILMALIDIR<\/strong><\/p>\n<p>\u201cSon g\u00fcnlerde sosyal medyada g\u00fcndem olan g\u00f6r\u00fcnt\u00fcde satamad\u0131klar\u0131 \u00fcr\u00fcnleri d\u00f6kerek tepki g\u00f6steren \u00e7ift\u00e7ilerimizi t\u00fcm yurtta\u015flar\u0131m\u0131z g\u00f6rm\u00fc\u015ft\u00fcr, o g\u00f6r\u00fcnt\u00fc Serik halinde bir \u00fcreticimizin semt pazarlar\u0131 kapal\u0131 oldu\u011fu i\u00e7in al\u0131c\u0131 bulamad\u0131\u011f\u0131 \u00fcr\u00fcnlerine aittir. \u00c7ift\u00e7imiz \u00fcretti\u011fi \u00fcr\u00fcn\u00fc pazarlar kapal\u0131 diye hallerde satam\u0131yor, \u00e7\u00fcnk\u00fc vatanda\u015f\u0131n t\u00fcketimine sunulacak \u00fcr\u00fcnler, tam kapanma nedeniyle kapal\u0131 olan pazarlara g\u00f6nderilemiyor. Bu y\u00fczden \u00e7ift\u00e7inin toplad\u0131\u011f\u0131 \u00fcr\u00fcnler ne yaz\u0131k ki heba olmaktad\u0131r, pazarlar kapal\u0131 oldu\u011fu i\u00e7in sat\u0131\u015f yap\u0131lmamas\u0131 nedeniyle \u00e7ift\u00e7i ya \u00fcr\u00fcn\u00fcn\u00fc toplamay\u0131p tarlada b\u0131rak\u0131yor ya da s\u00f6k\u00fcyor. Girdi maliyetleri nedeniyle zaten zor durumda olan, yeti\u015ftirdi\u011fi \u00fcr\u00fcnden kar edemeyen \u00e7ift\u00e7imiz \u015fimdide pazar bulamad\u0131\u011f\u0131 i\u00e7in zarar etmektedir.\u201d<\/p>\n<p><strong>\u00c7\u0130FT\u00c7\u0130DE, VATANDA\u015eTA MA\u011eDUR AMA BU D\u00dcZEN\u0130 YARATAN AKP MA\u011eRUR<\/strong><\/p>\n<p>\u201cSemt pazarlar\u0131n\u0131n kapal\u0131 olmas\u0131 nedeniyle vatanda\u015fta ma\u011fdur olmaktad\u0131r, ucuz ve kaliteli \u00fcr\u00fcnlerini semt pazarlar\u0131ndan temin eden vatanda\u015flar\u0131m\u0131z \u00fcr\u00fcnleri daha pahal\u0131ya zincir marketlerin manav reyonlar\u0131ndan temin etmek zorunda kal\u0131yor. Serik halinde konu\u015ftu\u011fumuz \u00e7ift\u00e7ilerin ellerindeki \u00fcr\u00fcnler i\u00e7in s\u00f6yledi\u011fi tek s\u00f6z var \u201cparas\u0131 \u00f6nemli de\u011fil, satabilirsen.\u201d Bu s\u00f6z \u00fcr\u00fcnden zarar etme pahas\u0131na sat\u0131ls\u0131n demek. Serik\u2019te bir kilo domatesin sera kiras\u0131, girdisi, fidesi, g\u00fcbresi her \u015feyi dahil maliyeti kilo ba\u015f\u0131na 2 lira 30 kuru\u015f, halde ise 1,5 \u2013 2,5 T\u00fcrk Liras\u0131na al\u0131c\u0131 bulunam\u0131yor. Serik halinde kilo ba\u015f\u0131na biber 1,5 TL, domates 1,5-2,5 TL aras\u0131, salatal\u0131k 50 kuru\u015f\u2019tan sat\u0131l\u0131rken, Ankara ba\u015fta olmak \u00fczere zincir marketlerde domatesin kilosu 9,90 TL, salatal\u0131k 4 TL, biber 7 TL\u2019den sat\u0131l\u0131yor. \u00dcreten \u00e7ift\u00e7i ma\u011fdur, pahal\u0131ya alan vatanda\u015f ma\u011fdur ama bu d\u00fczeni yaratan AKP memnun. Tar\u0131m Bakan\u0131, \u00e7ift\u00e7inin sorunlar\u0131n\u0131 g\u00f6rmemek i\u00e7in \u00fcst\u00fcn gayret sergiliyor, semt pazarlar\u0131n\u0131n kontroll\u00fc bir \u015fekilde a\u00e7\u0131lmas\u0131 i\u00e7in \u00e7al\u0131\u015fmas\u0131 gerekli ya da \u00fcr\u00fcn\u00fc elinde kalan ve zarar eden \u00e7ift\u00e7inin ekonomik olarak desteklenmesi gereklidir. AKP iktidar\u0131n\u0131 kafas\u0131n\u0131 vatanda\u015flar\u0131n h\u00fcrriyetlerini k\u0131s\u0131tlad\u0131\u011f\u0131 genelgelerden kald\u0131r\u0131p halk\u0131n sorunlar\u0131na bakmaya davet ediyoruz.\u201d<\/p>\n","protected":false},"excerpt":{"rendered":"<p>CHP Antalya Milletvekilleri Rafet Zeybek, Cavit Ar\u0131, Ayd\u0131n \u00d6zer, CHP Antalya \u0130l Ba\u015fkan\u0131 Nuri Cengiz, CHP Serik \u0130l\u00e7e Ba\u015fkan\u0131 \u0130brahim Demir ve beraberindeki heyet, tam kapanma s\u00fcrecinde semt pazarlar\u0131n\u0131n kapanmas\u0131 nedeniyle zor g\u00fcnler ya\u015fayan ve ellerindeki \u00fcr\u00fcnleri satamayan \u00e7ift\u00e7ileri Serik Halinde ziyaret ettiler. Antalya\u2019n\u0131n Serik Sebze-Meyve Halini ziyaret edip temaslarda bulunan ve \u00fcreticinin sorunlar\u0131n\u0131 dinleyen [&hellip;]<\/p>\n","protected":false},"author":1,"featured_media":22451,"comment_status":"closed","ping_status":"open","sticky":false,"template":"","format":"standard","meta":[],"categories":[35,62],"tags":[],"amp_enabled":true,"_links":{"self":[{"href":"https:\/\/chpantalya.com\/index.php?rest_route=\/wp\/v2\/posts\/22450"}],"collection":[{"href":"https:\/\/chpantalya.com\/index.php?rest_route=\/wp\/v2\/posts"}],"about":[{"href":"https:\/\/chpantalya.com\/index.php?rest_route=\/wp\/v2\/types\/post"}],"author":[{"embeddable":true,"href":"https:\/\/chpantalya.com\/index.php?rest_route=\/wp\/v2\/users\/1"}],"replies":[{"embeddable":true,"href":"https:\/\/chpantalya.com\/index.php?rest_route=%2Fwp%2Fv2%2Fcomments&post=22450"}],"version-history":[{"count":0,"href":"https:\/\/chpantalya.com\/index.php?rest_route=\/wp\/v2\/posts\/22450\/revisions"}],"wp:featuredmedia":[{"embeddable":true,"href":"https:\/\/chpantalya.com\/index.php?rest_route=\/wp\/v2\/media\/22451"}],"wp:attachment":[{"href":"https:\/\/chpantalya.com\/index.php?rest_route=%2Fwp%2Fv2%2Fmedia&parent=22450"}],"wp:term":[{"taxonomy":"category","embeddable":true,"href":"https:\/\/chpantalya.com\/index.php?rest_route=%2Fwp%2Fv2%2Fcategories&post=22450"},{"taxonomy":"post_tag","embeddable":true,"href":"https:\/\/chpantalya.com\/index.php?rest_route=%2Fwp%2Fv2%2Ftags&post=22450"}],"curies":[{"name":"wp","href":"https:\/\/api.w.org\/{rel}","templated":true}]}}