{"id":22459,"date":"2021-05-05T13:51:28","date_gmt":"2021-05-05T10:51:28","guid":{"rendered":"http:\/\/chpantalya.com\/?p=22459"},"modified":"2021-05-05T13:51:28","modified_gmt":"2021-05-05T10:51:28","slug":"dag-fare-dogurdu-cozum-bu-degil","status":"publish","type":"post","link":"https:\/\/chpantalya.com\/?p=22459","title":{"rendered":"\u201cDA\u011e FARE DO\u011eURDU; \u00c7\u00d6Z\u00dcM BU DE\u011e\u0130L!\u201d"},"content":{"rendered":"<p>&nbsp;<\/p>\n<p>Cumhuriyet Halk Partisi Antalya \u0130l Ba\u015fkan\u0131 Nuri Cengiz, kapanma s\u00fcrecinde pazar yerlerinin yaln\u0131zca Cumartesi g\u00fcnleri a\u00e7\u0131lacak olmas\u0131 karar\u0131na tepki g\u00f6sterdi. Ba\u015fkan Cengiz, \u201cGeriye kalan zarar ne olacak? Hi\u00e7bir \u015fekilde \u00e7\u00f6z\u00fcm bu de\u011fil!\u201d dedi<\/p>\n<p>17 May\u0131s\u2019a kadar s\u00fcrecek olan tam kapanma s\u00fcrecinde pazar yerlerinin kapal\u0131 kalacak olmas\u0131 dolay\u0131s\u0131yla \u00fcreticiler, hal esnaflar\u0131 ve pazarc\u0131lar\u0131n yan\u0131 s\u0131ra; ucuz, sa\u011fl\u0131kl\u0131 ve taze sebze meyve t\u00fcketmek isteyen vatanda\u015flar da ma\u011fdur olmu\u015f vaziyetteydi. CHP\u2019li milletvekilleri ile birlikte \u00f6nceki g\u00fcn Antalya toptanc\u0131 halini, d\u00fcn ise Serik halini ziyaret eden CHP Antalya \u0130l Ba\u015fkan\u0131 Nuri Cengiz, buradaki ma\u011fdur \u00fcreticinin ve t\u00fcccar\u0131n sorunlar\u0131n\u0131 dile getirmi\u015f, h\u00fck\u00fcmete \u00e7a\u011fr\u0131da bulunmu\u015ftu. Bu \u00e7a\u011fr\u0131lar \u00fczerine d\u00fcn \u0130\u00e7i\u015fleri Bakanl\u0131\u011f\u0131 taraf\u0131ndan yay\u0131nlanan genelgede; pazar yerlerinin 8 ve 15 May\u0131s \u00a0Cumartesi g\u00fcnleri a\u00e7\u0131laca\u011f\u0131 duyuruldu. Bunun bir \u00e7\u00f6z\u00fcm olmad\u0131\u011f\u0131n\u0131 gerek\u00e7eleriyle s\u0131ralayan CHP Antalya \u0130l Ba\u015fkan\u0131 Nuri Cengiz\u2019in bas\u0131nla ve kamuoyuyla payla\u015ft\u0131\u011f\u0131 a\u00e7\u0131klamada \u015fu ifadeler yer ald\u0131;<\/p>\n<p>\u201c\u00dcreticilerin, \u00e7ift\u00e7ilerin halini anlatmaya ne kelimeler yeter ne de sayfalar&#8230;<\/p>\n<p>Sosyal medyaya d\u00fc\u015fen, mallar\u0131n\u0131 satamad\u0131\u011f\u0131 i\u00e7in d\u00f6kmek zorunda kalan \u00fcreticilerin isyan \u00e7\u0131\u011fl\u0131klar\u0131na kulaklar\u0131n\u0131 t\u0131kayanlar\u0131n, tam kapanman\u0131n onuncu g\u00fcn\u00fcnde sadece Cumartesi g\u00fcn\u00fcyle k\u0131s\u0131tl\u0131 kalmak \u015fart\u0131yla pazarlar\u0131n a\u00e7\u0131lmas\u0131na izin vermesi bir utan\u00e7t\u0131r!<\/p>\n<p>Bir de bunu bir l\u00fctufmu\u015f gibi sunuyorlar! Ee geriye kalan g\u00fcnler ne olacak?<\/p>\n<p>Bug\u00fcne kadar olu\u015fan zarar\u0131 kim tazmin edecek? 128 M\u0130LYAR DOLARI hi\u00e7 eden SARAY REJ\u0130M\u0130 mi?<\/p>\n<p>\u00dcretimin en verimli oldu\u011fu bu d\u00f6nemde haftada sadece 1 g\u00fcn pazar kurulmas\u0131 o 1 g\u00fcn\u00fcn de kapanman\u0131n 10. g\u00fcn\u00fcne al\u0131nmas\u0131 demek, an itibariyle toptanc\u0131 hallerinde al\u0131c\u0131 bekleyen tonlarca \u00fcr\u00fcn\u00fcn, raf \u00f6mr\u00fc olduk\u00e7a k\u0131sa olan sebze-meyvenin yine harap olmas\u0131 demektir.<\/p>\n<p>Pazarlar\u0131n kapal\u0131 olmas\u0131 nedeniyle vatanda\u015f\u0131n zincir marketlere esir olmas\u0131, zincir marketlerdeki fiyatlar\u0131 da artt\u0131rd\u0131. Dolay\u0131s\u0131yla sa\u011fl\u0131kl\u0131, taze ve ucuz \u00fcr\u00fcn t\u00fcketmek isteyen vatanda\u015f, haftada yaln\u0131zca 1 g\u00fcn a\u00e7\u0131lacak olan pazarda izdiham yaratabilir.<\/p>\n<p>Pazarlar\u0131n haftada 1 g\u00fcn a\u00e7\u0131lmas\u0131 hi\u00e7bir \u015fekilde \u00e7\u00f6z\u00fcm de\u011fildir!\u201d<\/p>\n<p><strong>\u201cTAM KAPANMA DE\u011e\u0130L B\u0130L\u0130NMEZL\u0130K S\u00dcREC\u0130\u201d<\/strong><\/p>\n<p>Di\u011fer bir a\u00e7\u0131dan bak\u0131ld\u0131\u011f\u0131nda hallerde \u00e7\u00fcr\u00fcmeye mahkum edilen, al\u0131c\u0131s\u0131 olmad\u0131\u011f\u0131 i\u00e7in tarlalardan toplanmayan tar\u0131msal \u00fcr\u00fcnler, \u00f6n\u00fcm\u00fczdeki s\u00fcre\u00e7te direkt olarak \u00fcretimdeki verimlili\u011fe olumsuz etki edecektir. Bu da yakla\u015fan bir k\u0131tl\u0131\u011f\u0131n bir i\u015faretidir!<\/p>\n<p>\u0130\u00e7erisinde bulundu\u011fumuz tam kapanma ad\u0131 alt\u0131ndaki bilinmezlik s\u00fcreci, her ge\u00e7en g\u00fcn izah\u0131 olmayan kararlarla s\u00fcslenerek toplumun alg\u0131s\u0131nda kar\u0131\u015f\u0131kl\u0131k yaratmaktad\u0131r.<\/p>\n<p>17 May\u0131s&#8217;a kadar s\u00fcrecek olan bu bilinmezlik s\u00fcreci, vir\u00fcs ile etkin m\u00fccadeleden olduk\u00e7a uzak, toplumun bir\u00e7ok kesimi i\u00e7in kelimenin tam anlam\u0131yla ma\u011fduriyet s\u00fcrecidir!<\/p>\n<p>Bir an \u00f6nce ak\u0131l ve bilimin \u00f6nc\u00fcl\u00fc\u011f\u00fcnde mant\u0131\u011fa uygun bir karar geli\u015ftirilmeli ve toplumda soru i\u015faretlerine yol a\u00e7an ma\u011fduriyetler giderilmelidir.\u201c<\/p>\n\r\n                <style type=\"text\/css\">\r\n                    \r\n                    #tdi_1  .td-doubleSlider-2 .td-item1 {\r\n                        background: url(https:\/\/chpantalya.com\/wp-content\/uploads\/2021\/05\/7fa08e91-c612-489c-9c4e-ce41966663fe-160x120.jpg) 0 0 no-repeat;\r\n                    }\r\n                <\/style>\r\n\r\n                <div id=\"tdi_1\" class=\"td-gallery td-slide-on-2-columns\">\r\n                    <div class=\"post_td_gallery\">\r\n                        <div class=\"td-gallery-slide-top\">\r\n                           <div class=\"td-gallery-title\"><\/div>\r\n\r\n                            <div class=\"td-gallery-controls-wrapper\">\r\n                                <div class=\"td-gallery-slide-count\"><span class=\"td-gallery-slide-item-focus\">1<\/span> - 1<\/div>\r\n                                <div class=\"td-gallery-slide-prev-next-but\">\r\n                                    <i class = \"td-icon-left doubleSliderPrevButton\"><\/i>\r\n                                    <i class = \"td-icon-right doubleSliderNextButton\"><\/i>\r\n                                <\/div>\r\n                            <\/div>\r\n                        <\/div>\r\n\r\n                        <div class = \"td-doubleSlider-1 \">\r\n                            <div class = \"td-slider\">\r\n                                \r\n                    <div class = \"td-slide-item td-item1\">\r\n                        <figure class=\"td-slide-galery-figure td-slide-popup-gallery\">\r\n                            <a class=\"slide-gallery-image-link\" href=\"https:\/\/chpantalya.com\/wp-content\/uploads\/2021\/05\/7fa08e91-c612-489c-9c4e-ce41966663fe.jpg\" title=\"7fa08e91-c612-489c-9c4e-ce41966663fe\"  data-caption=\"\"  data-description=\"\">\r\n                                <img src=\"https:\/\/chpantalya.com\/wp-content\/uploads\/2021\/05\/7fa08e91-c612-489c-9c4e-ce41966663fe-630x420.jpg\" srcset=\"https:\/\/chpantalya.com\/wp-content\/uploads\/2021\/05\/7fa08e91-c612-489c-9c4e-ce41966663fe-630x420.jpg 420w, https:\/\/chpantalya.com\/wp-content\/uploads\/2021\/05\/7fa08e91-c612-489c-9c4e-ce41966663fe-1261x840.jpg 840w\" sizes=\"(-webkit-min-device-pixel-ratio: 2) 840px, (min-resolution: 192dpi) 840px, 420px\" alt=\"\">\r\n                            <\/a>\r\n                            \r\n                        <\/figure>\r\n                    <\/div>\r\n                            <\/div>\r\n                        <\/div>\r\n\r\n                        <div class = \"td-doubleSlider-2\">\r\n                            <div class = \"td-slider\">\r\n                                \r\n                    <div class = \"td-button td-item1\">\r\n                        <div class = \"td-border\"><\/div>\r\n                    <\/div>\r\n                            <\/div>\r\n                        <\/div>\r\n\r\n                    <\/div>\r\n\r\n                <\/div>\r\n                \n","protected":false},"excerpt":{"rendered":"<p>&nbsp; Cumhuriyet Halk Partisi Antalya \u0130l Ba\u015fkan\u0131 Nuri Cengiz, kapanma s\u00fcrecinde pazar yerlerinin yaln\u0131zca Cumartesi g\u00fcnleri a\u00e7\u0131lacak olmas\u0131 karar\u0131na tepki g\u00f6sterdi. Ba\u015fkan Cengiz, \u201cGeriye kalan zarar ne olacak? Hi\u00e7bir \u015fekilde \u00e7\u00f6z\u00fcm bu de\u011fil!\u201d dedi 17 May\u0131s\u2019a kadar s\u00fcrecek olan tam kapanma s\u00fcrecinde pazar yerlerinin kapal\u0131 kalacak olmas\u0131 dolay\u0131s\u0131yla \u00fcreticiler, hal esnaflar\u0131 ve pazarc\u0131lar\u0131n yan\u0131 s\u0131ra; [&hellip;]<\/p>\n","protected":false},"author":1,"featured_media":22460,"comment_status":"closed","ping_status":"open","sticky":false,"template":"","format":"standard","meta":[],"categories":[58],"tags":[],"amp_enabled":true,"_links":{"self":[{"href":"https:\/\/chpantalya.com\/index.php?rest_route=\/wp\/v2\/posts\/22459"}],"collection":[{"href":"https:\/\/chpantalya.com\/index.php?rest_route=\/wp\/v2\/posts"}],"about":[{"href":"https:\/\/chpantalya.com\/index.php?rest_route=\/wp\/v2\/types\/post"}],"author":[{"embeddable":true,"href":"https:\/\/chpantalya.com\/index.php?rest_route=\/wp\/v2\/users\/1"}],"replies":[{"embeddable":true,"href":"https:\/\/chpantalya.com\/index.php?rest_route=%2Fwp%2Fv2%2Fcomments&post=22459"}],"version-history":[{"count":0,"href":"https:\/\/chpantalya.com\/index.php?rest_route=\/wp\/v2\/posts\/22459\/revisions"}],"wp:featuredmedia":[{"embeddable":true,"href":"https:\/\/chpantalya.com\/index.php?rest_route=\/wp\/v2\/media\/22460"}],"wp:attachment":[{"href":"https:\/\/chpantalya.com\/index.php?rest_route=%2Fwp%2Fv2%2Fmedia&parent=22459"}],"wp:term":[{"taxonomy":"category","embeddable":true,"href":"https:\/\/chpantalya.com\/index.php?rest_route=%2Fwp%2Fv2%2Fcategories&post=22459"},{"taxonomy":"post_tag","embeddable":true,"href":"https:\/\/chpantalya.com\/index.php?rest_route=%2Fwp%2Fv2%2Ftags&post=22459"}],"curies":[{"name":"wp","href":"https:\/\/api.w.org\/{rel}","templated":true}]}}