{"id":22473,"date":"2021-05-11T15:37:49","date_gmt":"2021-05-11T12:37:49","guid":{"rendered":"http:\/\/chpantalya.com\/?p=22473"},"modified":"2021-05-11T15:37:49","modified_gmt":"2021-05-11T12:37:49","slug":"engellilerin-sorunlarini-birlikte-cozecegiz","status":"publish","type":"post","link":"https:\/\/chpantalya.com\/?p=22473","title":{"rendered":"ENGELL\u0130LER\u0130N SORUNLARINI B\u0130RL\u0130KTE \u00c7\u00d6ZECE\u011e\u0130Z!"},"content":{"rendered":"<p>Cumhuriyet Halk Partisi Antalya \u0130l Ba\u015fkan\u0131 Nuri Cengiz, Engelliler Haftas\u0131 dolay\u0131s\u0131yla engelli bireylerin sorunlar\u0131n\u0131 ve bu sorunlar\u0131 nas\u0131l \u00e7\u00f6z\u00fcme kavu\u015fturacaklar\u0131n\u0131 aktard\u0131\u011f\u0131 bir mesaj yay\u0131nlad\u0131. Ba\u015fkan Cengiz, \u201cHayat\u0131 payla\u015fmak i\u00e7in engel yok, engelli bireylerin sorunlar\u0131n\u0131 birlikte \u00e7\u00f6zece\u011fiz\u201d dedi<\/p>\n<p>Cumhuriyet Halk Partisi Antalya \u0130l Ba\u015fkan\u0131 Nuri Cengiz, 10-16 May\u0131s Engelliler Haftas\u0131 dolay\u0131s\u0131yla bir mesaj payla\u015ft\u0131. CHP Sosyal Politikalardan Sorumlu Genel Ba\u015fkan Yard\u0131mc\u0131l\u0131\u011f\u0131\u2019n\u0131n haz\u0131rlad\u0131\u011f\u0131 rapor ile CHP Antalya \u0130l Ba\u015fkanl\u0131\u011f\u0131 b\u00fcnyesinde kurulan Sosyal Politikalar Komisyonu\u2019nun \u00e7al\u0131\u015fmalar\u0131 neticesinde; engelli bireylerle alakal\u0131 sorunlar\u0131 ve Cumhuriyet Halk Partisi iktidar\u0131nda bu sorunlar\u0131n nas\u0131l giderilece\u011fini i\u00e7eren mesaj\u0131nda Ba\u015fkan Nuri Cengiz \u015fu ifadelere yer verdi;<\/p>\n<p>\u201cEngelli vatanda\u015flar\u0131m\u0131z\u0131n eri\u015filebilirlik sorunlar\u0131n\u0131 BM Engelli Haklar\u0131 S\u00f6zle\u015fmesi\u2019nde yer alan Evrensel Tasar\u0131m ilkeleri do\u011frultusunda \u00e7\u00f6zece\u011fiz!<\/p>\n<p>T\u00fcm ula\u015f\u0131m ara\u00e7lar\u0131n\u0131, sinema, tiyatro gibi k\u00fclt\u00fcr merkezlerini, e\u011fitim kurumlar\u0131n\u0131 ve ortak kullan\u0131m alanlar\u0131n\u0131 engelli dostu haline getirece\u011fiz.<\/p>\n<p>\u00d6zel gereksinimli \u00e7ocuklar\u0131n, \u00f6rg\u00fcn e\u011fitim d\u0131\u015f\u0131nda ald\u0131klar\u0131 12 saatlik rehabilitasyon hizmetini en az 40 saate \u00e7\u0131karaca\u011f\u0131z.<\/p>\n<p>\u0130\u015fitme ve g\u00f6rme engellilerin \u00fcniversiteye giri\u015f s\u0131navlar\u0131na istedikleri illerde ve \u00f6zel cihazlar\u0131yla girebilmelerini ve \u00fcniversiteler dahil, e\u011fitimin her kademesinde rahat ve kaliteli e\u011fitim alabilmelerini sa\u011flayarak; E\u011e\u0130T\u0130MDE FIRSAT E\u015e\u0130TL\u0130\u011e\u0130 \u00d6N\u00dcNDEK\u0130 ENGELLER\u0130 KALDIRACA\u011eIZ!<\/p>\n<p>Kamu ve \u00f6zel sekt\u00f6rde engelliler i\u00e7in ayr\u0131lan kotalar\u0131 dolduraca\u011f\u0131z. \u0130ktidar\u0131n ihmali y\u00fcz\u00fcnden kamuda biriken engelli atamalar\u0131n\u0131 h\u0131zla ger\u00e7ekle\u015ftirerek, ta\u015feron i\u015f\u00e7i olarak \u00e7al\u0131\u015fan ve 696 say\u0131l\u0131 KHK\u2019n\u0131n 127. maddesi ile s\u00fcrekli i\u015f\u00e7i kadrolar\u0131na al\u0131nan engellilerin erken emeklili\u011fe zorlanmalar\u0131n\u0131 engelleyerek, Vergi \u0130ndirim Belgesi al\u0131nmas\u0131 zorunlulu\u011fundan kaynaklanan s\u0131k\u0131nt\u0131lar\u0131 h\u0131zla gidererek; \u00c7ALI\u015eMA HAYATINDAK\u0130 ENGELLER\u0130 ORTADAN KALDIRACA\u011eIZ!<\/p>\n<p>Engelliler sa\u011fl\u0131k hizmetlerinden \u00fccretsiz yararlanacak. Engellilerin sosyal hayata kat\u0131labilmeleri i\u00e7in zorunlu olan t\u00fcm t\u0131bbi malzeme ve ihtiya\u00e7lar\u0131 \u00fccretsiz kar\u015f\u0131layaca\u011f\u0131z. Adil ve etkin bir Sa\u011fl\u0131k Kurulu Raporlar\u0131 Y\u00f6netmeli\u011fini hayata ge\u00e7irece\u011fiz.<\/p>\n<p>Engellilerin sosyal hayatta var olabilmelerini m\u00fcmk\u00fcn k\u0131lan otomobil, telefon, bilgisayar gibi ara\u00e7lardan \u00d6TV almayarak, Engelli \u00e7ocu\u011fu olan ebeveynlerin ya\u015famlar\u0131n\u0131 kaybettikten sonra \u00e7ocuklar\u0131na kimin bakaca\u011f\u0131 konusundaki hakl\u0131 endi\u015felerini net yasal d\u00fczenlemelerle ortadan kald\u0131rarak, Otizmli ve Down sendromlu bireylerin toplumsal hayata kat\u0131l\u0131m\u0131 i\u00e7in erken tan\u0131 ve erken m\u00fcdahale hizmetlerini g\u00fc\u00e7lendirerek; SA\u011eLIK ALANINDA KANGRENLE\u015eEN SORUNLARI G\u0130DERECE\u011e\u0130Z!<\/p>\n<p>Engelli ayl\u0131klar\u0131n\u0131 ve evde bak\u0131m yard\u0131m\u0131 oranlar\u0131n\u0131 belirlerken, engellinin hane i\u00e7inde fert ba\u015f\u0131na d\u00fc\u015fen gelirini de\u011fil, kendi gelir durumunu esas alaca\u011f\u0131z. ENGELL\u0130 AYLIKLARI VE BAKIM YARDIMLARINI ENGELL\u0130 B\u0130REYLER\u0130N HAKLARI TEMEL\u0130NDE BEL\u0130RLEYECE\u011e\u0130Z!<\/p>\n<p>2021 b\u00fct\u00e7esinde engellilere ayr\u0131lan pay sadece y\u00fczde 1,6\u2019d\u0131r. B\u00fct\u00e7ede engellilere ayr\u0131lan pay\u0131 artt\u0131raca\u011f\u0131z. Kamuda engellilere y\u00f6nelik hizmetlerdeki da\u011f\u0131n\u0131kl\u0131\u011f\u0131 giderece\u011fiz. T\u00fcm hizmetleri tek bir \u00e7at\u0131 alt\u0131nda toplayaca\u011f\u0131z. Engellilik alan\u0131nda \u00e7al\u0131\u015fan STK\u2019lar\u0131 karar alma s\u00fcre\u00e7lerine kataca\u011f\u0131z. 5378 say\u0131l\u0131 yasa gere\u011fi kesilen idari para cezalar\u0131n\u0131n engellilerin ihtiya\u00e7lar\u0131 i\u00e7in harcanmas\u0131n\u0131 sa\u011flayaca\u011f\u0131z ve Y\u00d6NET\u0130M S\u00dcRE\u00c7LER\u0130NE ENGELL\u0130 KURULU\u015eLARINI DA KATACA\u011eIZ!\u201d<\/p>\n","protected":false},"excerpt":{"rendered":"<p>Cumhuriyet Halk Partisi Antalya \u0130l Ba\u015fkan\u0131 Nuri Cengiz, Engelliler Haftas\u0131 dolay\u0131s\u0131yla engelli bireylerin sorunlar\u0131n\u0131 ve bu sorunlar\u0131 nas\u0131l \u00e7\u00f6z\u00fcme kavu\u015fturacaklar\u0131n\u0131 aktard\u0131\u011f\u0131 bir mesaj yay\u0131nlad\u0131. Ba\u015fkan Cengiz, \u201cHayat\u0131 payla\u015fmak i\u00e7in engel yok, engelli bireylerin sorunlar\u0131n\u0131 birlikte \u00e7\u00f6zece\u011fiz\u201d dedi Cumhuriyet Halk Partisi Antalya \u0130l Ba\u015fkan\u0131 Nuri Cengiz, 10-16 May\u0131s Engelliler Haftas\u0131 dolay\u0131s\u0131yla bir mesaj payla\u015ft\u0131. CHP Sosyal [&hellip;]<\/p>\n","protected":false},"author":1,"featured_media":22474,"comment_status":"closed","ping_status":"open","sticky":false,"template":"","format":"standard","meta":[],"categories":[58],"tags":[],"amp_enabled":true,"_links":{"self":[{"href":"https:\/\/chpantalya.com\/index.php?rest_route=\/wp\/v2\/posts\/22473"}],"collection":[{"href":"https:\/\/chpantalya.com\/index.php?rest_route=\/wp\/v2\/posts"}],"about":[{"href":"https:\/\/chpantalya.com\/index.php?rest_route=\/wp\/v2\/types\/post"}],"author":[{"embeddable":true,"href":"https:\/\/chpantalya.com\/index.php?rest_route=\/wp\/v2\/users\/1"}],"replies":[{"embeddable":true,"href":"https:\/\/chpantalya.com\/index.php?rest_route=%2Fwp%2Fv2%2Fcomments&post=22473"}],"version-history":[{"count":0,"href":"https:\/\/chpantalya.com\/index.php?rest_route=\/wp\/v2\/posts\/22473\/revisions"}],"wp:featuredmedia":[{"embeddable":true,"href":"https:\/\/chpantalya.com\/index.php?rest_route=\/wp\/v2\/media\/22474"}],"wp:attachment":[{"href":"https:\/\/chpantalya.com\/index.php?rest_route=%2Fwp%2Fv2%2Fmedia&parent=22473"}],"wp:term":[{"taxonomy":"category","embeddable":true,"href":"https:\/\/chpantalya.com\/index.php?rest_route=%2Fwp%2Fv2%2Fcategories&post=22473"},{"taxonomy":"post_tag","embeddable":true,"href":"https:\/\/chpantalya.com\/index.php?rest_route=%2Fwp%2Fv2%2Ftags&post=22473"}],"curies":[{"name":"wp","href":"https:\/\/api.w.org\/{rel}","templated":true}]}}