{"id":22476,"date":"2021-05-11T14:38:17","date_gmt":"2021-05-11T11:38:17","guid":{"rendered":"http:\/\/chpantalya.com\/?p=22476"},"modified":"2021-05-11T15:40:25","modified_gmt":"2021-05-11T12:40:25","slug":"zeybek-emekciye-ciftciye-esnafa-degil-yandasa-bayram","status":"publish","type":"post","link":"https:\/\/chpantalya.com\/?p=22476","title":{"rendered":"ZEYBEK: EMEK\u00c7\u0130YE, \u00c7\u0130FT\u00c7\u0130YE, ESNAFA DE\u011e\u0130L, YANDA\u015eA BAYRAM"},"content":{"rendered":"<p>CHP Antalya Milletvekili ve TBMM Adalet Komisyonu \u00dcyesi Rafet Zeybek, ya\u015fanan ekonomik krizin vatanda\u015fa etkilerine dair a\u00e7\u0131klamada bulundu. CHP Milletvekili Rafet Zeybek a\u00e7\u0131klamas\u0131nda \u015fu ifadeleri kulland\u0131;<\/p>\n<p><strong>EMEK\u00c7\u0130YE, \u00c7\u0130FT\u00c7\u0130YE, ESNAFA DE\u011e\u0130L, YANDA\u015eA BAYRAM<\/strong><\/p>\n<p>\u201cPartili Cumhurba\u015fkanl\u0131\u011f\u0131n\u0131n yaratt\u0131\u011f\u0131 ekonomik krizde 3 y\u0131l, COV\u0130D-19 pandemisi nedeniyle ya\u015fanan k\u0131s\u0131tlamalarda ise bir y\u0131l\u0131 geride b\u0131rakt\u0131k. Bu s\u00fcre\u00e7 i\u00e7inde artan ekonomik krizle birlikte vatanda\u015f\u0131n al\u0131m g\u00fcc\u00fc azald\u0131, i\u015fsizlik artt\u0131, esnaf ve \u00fcretici i\u015f yapamaz duruma d\u00fc\u015ft\u00fc. T\u00fcm bunlara ra\u011fmen AKP iktidar\u0131 ekonomik tedbirlerle vatanda\u015f\u0131n \u00e7aresine \u00e7\u00f6z\u00fcm olmak yerine, ekonomik krizin sebebi haline gelmi\u015ftir. \u00c7ift\u00e7i \u00fcretti\u011fi \u00fcr\u00fcne pazar bulamamakta, vatanda\u015f pahal\u0131l\u0131ktan \u00fcr\u00fcn alamamaktad\u0131r ancak AKP\u2019nin yanda\u015f m\u00fcteahhitleri dur durak bilmeden hazine garantili i\u015flerinin paras\u0131n\u0131 halk\u0131n vergileri ile tahsil etmektedir. Bu bayramda y\u00fcz\u00fc g\u00fclen emekli, emek\u00e7i, esnaf, \u00e7ift\u00e7i de\u011fil bir avu\u00e7 yanda\u015ft\u0131r.\u201d<\/p>\n<p><strong>ZENG\u0130N VE FAK\u0130R ARASINDAK\u0130 U\u00c7URUM ARTTI<\/strong><\/p>\n<p>\u201c16 milyondan fazla vatanda\u015f\u0131m\u0131z sosyal yard\u0131m al\u0131yorken, pandemi s\u00fcrecinde bir y\u0131lda milyoner say\u0131m\u0131z 85 bin 958 ki\u015fi artarak, toplamda 300 bin ki\u015fiyi ge\u00e7ti. Bu durum zengin ve fakir aras\u0131ndaki u\u00e7urumun artt\u0131\u011f\u0131n\u0131 g\u00f6stermektedir. Bir tarafta krizi f\u0131rsata \u00e7eviren yanda\u015flar di\u011fer tarafta krizin te\u011fet ge\u00e7medi\u011fi vatanda\u015f var, bu durum sosyal adaletin olmad\u0131\u011f\u0131n\u0131n g\u00f6stergesidir. AKP iktidar\u0131 ekonomiyi in\u015faattan ibaret g\u00f6r\u00fcp, yabanc\u0131lara emlak sat\u0131\u015f\u0131 \u00fczerinden kurgulamaya devam etti\u011fi s\u00fcrece ekonomik toparlanma olmayacakt\u0131r, 19 y\u0131ll\u0131k iktidarlar\u0131nda oldu\u011fu gibi. \u00dcreten, yabanc\u0131 yat\u0131r\u0131mc\u0131 \u00e7eken, g\u00fcven veren bir ekonomi i\u00e7in adalet ve demokrasinin de sa\u011fl\u0131kl\u0131 olmas\u0131 gereklidir, ancak AKP\u2019nin \u201ctek adam demokrasisi\u201d ve \u201c\u015fahs\u0131m adalet sistemi\u201d ile yar\u0131nlar AKP ile daha karanl\u0131kt\u0131r. AKP\u2019nin yaratt\u0131\u011f\u0131 ekonomik, sosyal ve adalet enkaz\u0131n\u0131n tek \u00e7\u00f6z\u00fcm\u00fc erken se\u00e7imdir, T\u00fcrkiye\u2019nin ve milyonlar\u0131n kaybedecek zaman\u0131 yok o y\u00fczden sand\u0131k tek \u00e7aredir.\u201d<\/p>\n","protected":false},"excerpt":{"rendered":"<p>CHP Antalya Milletvekili ve TBMM Adalet Komisyonu \u00dcyesi Rafet Zeybek, ya\u015fanan ekonomik krizin vatanda\u015fa etkilerine dair a\u00e7\u0131klamada bulundu. CHP Milletvekili Rafet Zeybek a\u00e7\u0131klamas\u0131nda \u015fu ifadeleri kulland\u0131; EMEK\u00c7\u0130YE, \u00c7\u0130FT\u00c7\u0130YE, ESNAFA DE\u011e\u0130L, YANDA\u015eA BAYRAM \u201cPartili Cumhurba\u015fkanl\u0131\u011f\u0131n\u0131n yaratt\u0131\u011f\u0131 ekonomik krizde 3 y\u0131l, COV\u0130D-19 pandemisi nedeniyle ya\u015fanan k\u0131s\u0131tlamalarda ise bir y\u0131l\u0131 geride b\u0131rakt\u0131k. Bu s\u00fcre\u00e7 i\u00e7inde artan ekonomik krizle [&hellip;]<\/p>\n","protected":false},"author":1,"featured_media":22477,"comment_status":"closed","ping_status":"open","sticky":false,"template":"","format":"standard","meta":[],"categories":[35,62],"tags":[],"amp_enabled":true,"_links":{"self":[{"href":"https:\/\/chpantalya.com\/index.php?rest_route=\/wp\/v2\/posts\/22476"}],"collection":[{"href":"https:\/\/chpantalya.com\/index.php?rest_route=\/wp\/v2\/posts"}],"about":[{"href":"https:\/\/chpantalya.com\/index.php?rest_route=\/wp\/v2\/types\/post"}],"author":[{"embeddable":true,"href":"https:\/\/chpantalya.com\/index.php?rest_route=\/wp\/v2\/users\/1"}],"replies":[{"embeddable":true,"href":"https:\/\/chpantalya.com\/index.php?rest_route=%2Fwp%2Fv2%2Fcomments&post=22476"}],"version-history":[{"count":0,"href":"https:\/\/chpantalya.com\/index.php?rest_route=\/wp\/v2\/posts\/22476\/revisions"}],"wp:featuredmedia":[{"embeddable":true,"href":"https:\/\/chpantalya.com\/index.php?rest_route=\/wp\/v2\/media\/22477"}],"wp:attachment":[{"href":"https:\/\/chpantalya.com\/index.php?rest_route=%2Fwp%2Fv2%2Fmedia&parent=22476"}],"wp:term":[{"taxonomy":"category","embeddable":true,"href":"https:\/\/chpantalya.com\/index.php?rest_route=%2Fwp%2Fv2%2Fcategories&post=22476"},{"taxonomy":"post_tag","embeddable":true,"href":"https:\/\/chpantalya.com\/index.php?rest_route=%2Fwp%2Fv2%2Ftags&post=22476"}],"curies":[{"name":"wp","href":"https:\/\/api.w.org\/{rel}","templated":true}]}}