{"id":22488,"date":"2021-05-14T17:28:16","date_gmt":"2021-05-14T14:28:16","guid":{"rendered":"http:\/\/chpantalya.com\/?p=22488"},"modified":"2021-05-14T17:38:05","modified_gmt":"2021-05-14T14:38:05","slug":"cengiz-ulkemizde-ureten-ciftci-ac","status":"publish","type":"post","link":"https:\/\/chpantalya.com\/?p=22488","title":{"rendered":"CENG\u0130Z: \u201c\u00dcLKEM\u0130ZDE \u00dcRETEN \u00c7\u0130FT\u00c7\u0130 A\u00c7\u201d"},"content":{"rendered":"<p style=\"font-weight: 400;\">Cumhuriyet Halk Partisi Antalya \u0130l Ba\u015fkan\u0131 Nuri Cengiz, 14 May\u0131s D\u00fcnya \u00c7ift\u00e7iler g\u00fcn\u00fc dolay\u0131s\u0131yla yerli \u00e7ift\u00e7ilerin ya\u015fad\u0131klar\u0131 sorunlara de\u011finen a\u00e7\u0131klamalarda bulundu. Ba\u015fkan Cengiz, \u201c\u00c7ift\u00e7i \u00fcretmezse insanl\u0131k a\u00e7 kal\u0131r, \u00fclkemizde ise \u00fcreten \u00e7ift\u00e7i a\u00e7\u201d dedi<\/p>\n<p style=\"font-weight: 400;\">14 May\u0131s D\u00fcnya \u00c7ift\u00e7iler g\u00fcn\u00fc dolay\u0131s\u0131yla yerli tar\u0131m \u00fcreticilerinin ge\u00e7mi\u015fini ve sorunlar\u0131n\u0131 ele alan Cumhuriyet Halk Partisi Antalya \u0130l Ba\u015fkan\u0131 Nuri Cengiz, AKP\u2019nin iktidara geldi\u011fi g\u00fcnden bu yana \u00fcretimi destekler bir g\u00f6r\u00fcnt\u00fc sergilememesi nedeniyle tar\u0131m \u00fcreticisinin yaln\u0131zla\u015ft\u0131\u011f\u0131n\u0131, sahipsizle\u015fti\u011fini ifade etti. Ba\u015fkan Nuri Cengiz\u2019in a\u00e7\u0131klamas\u0131n\u0131n tamam\u0131 \u015fu \u015fekilde;<\/p>\n<p style=\"font-weight: 400;\">\u201c\u00dcretim kavram\u0131n\u0131n, bir \u00fclkenin geli\u015fmi\u015flik d\u00fczeyi ve standartlar\u0131 a\u00e7\u0131s\u0131ndan ifade etti\u011fi \u00f6nem paha bi\u00e7ilemezken; tar\u0131m \u00fcretiminin ne denli \u00f6nem arz etti\u011fini de pandemi s\u00fcrecinde anlam\u0131\u015f olduk.<\/p>\n<p style=\"font-weight: 400;\">D\u00f6rt bir taraf\u0131ndan bereket f\u0131\u015fk\u0131ran \u00fclkemizin topraklar\u0131nda, \u00fcretim hacminin b\u00fcy\u00fck bir k\u0131sm\u0131n\u0131 olu\u015fturan tar\u0131m emek\u00e7isi \u00e7ift\u00e7ilerimiz; Cumhuriyet&#8217;in ilk y\u0131llar\u0131nda Kurucu Liderimiz Gazi Mustafa Kemal Atat\u00fcrk taraf\u0131ndan b\u00fcy\u00fck sayg\u0131 ve destek g\u00f6rm\u00fc\u015f, bunun kar\u015f\u0131l\u0131\u011f\u0131n\u0131 en verimli \u015fekilde \u00fcreterek vermi\u015f ve ilk 10 y\u0131ll\u0131k s\u00fcre\u00e7te \u00fclkemizin geli\u015fimine b\u00fcy\u00fck katk\u0131 sa\u011flam\u0131\u015flard\u0131r.<\/p>\n<p style=\"font-weight: 400;\">Cumhuriyet tarihi boyunca \u00e7ift\u00e7imiz; AKP d\u00f6neminde oldu\u011fu kadar desteksiz, g\u00fcn\u00fcm\u00fczdeki kadar sahipsiz b\u0131rak\u0131lmam\u0131\u015ft\u0131r!<\/p>\n<p style=\"font-weight: 400;\">Tar\u0131m \u00fcretimindeki plans\u0131zl\u0131k ba\u015fta olmak \u00fczere AKP&#8217;nin ekonomi ve d\u0131\u015f politikadaki beceriksizli\u011fi, \u00fcreten sosyal devlet anlay\u0131\u015f\u0131na olan uzakl\u0131\u011f\u0131; tar\u0131m \u00fcretimini durma noktas\u0131na getirmi\u015f, yerli \u00e7ift\u00e7i \u00fcretti\u011finden ekmek paras\u0131 kazanamaz, kredilerle bo\u011fu\u015fur hale gelmi\u015ftir!<\/p>\n<p style=\"font-weight: 400;\">\u0130ktidara geldi\u011fi g\u00fcnden bu yana \u00fcretimi ger\u00e7ek anlamda destekleyen tek bir tavr\u0131na rastlamad\u0131\u011f\u0131m\u0131z AKP h\u00fck\u00fcmeti, ekonomik sorunlar ya\u015fayan \u00e7ift\u00e7iye, pandemi s\u00fcrecinde de kula\u011f\u0131n\u0131 t\u0131kam\u0131\u015f, i\u00e7erisinde bulunudu\u011fumuz &#8220;tam kapanma&#8221; ad\u0131 verilen belirsizlik s\u00fcrecinde ise \u00e7ift\u00e7iyi \u00fcretti\u011fini satacak i\u00e7 ve d\u0131\u015f pazardan mahrum b\u0131rakarak resmen yok saym\u0131\u015ft\u0131r!<\/p>\n<p style=\"font-weight: 400;\">Tarlada, serada, ba\u011fda, bah\u00e7ede al\u0131n teri d\u00f6ken \u00e7ift\u00e7imiz hen\u00fcz topra\u011fa k\u00fcsmemi\u015fken, zarar\u0131na \u00fcretime devam etmekteyken; tar\u0131mda var olan sorunlar\u0131 Cumhuriyet Halk Partisi olarak her f\u0131rsatta g\u00fcndeme getirdik.<\/p>\n<p style=\"font-weight: 400;\">Bizlerin \u00e7ok iyi bildi\u011fi, AKP&#8217;nin de bir an \u00f6nce \u00f6\u011frenmesi gerekti\u011fi ger\u00e7ek \u015fudur ki;<\/p>\n<p style=\"font-weight: 400;\">\u00c7ift\u00e7i \u00fcretmezse insanl\u0131k a\u00e7 kal\u0131r!<\/p>\n<p style=\"font-weight: 400;\">Ne yaz\u0131k ki \u00fclkemizde sab\u0131rla ve inatla \u00fcreten \u00e7ift\u00e7ilerimiz a\u00e7 kalmakta!<\/p>\n<p style=\"font-weight: 400;\">AKP iktidar\u0131nda tekrardan &#8220;kendi kendine yetebilen&#8221; bir \u00fclke konumuna gelemeyece\u011fimiz a\u015fikard\u0131r.<\/p>\n<p style=\"font-weight: 400;\">Kurulu\u015f felsefesi gere\u011fi \u00fcretime hak etti\u011fi de\u011feri ve deste\u011fi her ko\u015fulda sa\u011flayan Cumhuriyet Halk Partisi iktidar\u0131nda; t\u00fcm halk\u0131m\u0131zla birlikte yeniden d\u0131\u015fa ba\u011f\u0131ms\u0131z, kendine yetebilen, \u00fcreten T\u00fcrkiye&#8217;yi in\u015fa edece\u011fiz!\u201d<\/p>\n\r\n                <style type=\"text\/css\">\r\n                    \r\n                    #tdi_1  .td-doubleSlider-2 .td-item1 {\r\n                        background: url(https:\/\/chpantalya.com\/wp-content\/uploads\/2021\/05\/4-160x120.jpg) 0 0 no-repeat;\r\n                    }\r\n                    #tdi_1  .td-doubleSlider-2 .td-item2 {\r\n                        background: url(https:\/\/chpantalya.com\/wp-content\/uploads\/2021\/05\/DSC_0239-1-160x120.jpg) 0 0 no-repeat;\r\n                    }\r\n                <\/style>\r\n\r\n                <div id=\"tdi_1\" class=\"td-gallery td-slide-on-2-columns\">\r\n                    <div class=\"post_td_gallery\">\r\n                        <div class=\"td-gallery-slide-top\">\r\n                           <div class=\"td-gallery-title\"><\/div>\r\n\r\n                            <div class=\"td-gallery-controls-wrapper\">\r\n                                <div class=\"td-gallery-slide-count\"><span class=\"td-gallery-slide-item-focus\">1<\/span> - 2<\/div>\r\n                                <div class=\"td-gallery-slide-prev-next-but\">\r\n                                    <i class = \"td-icon-left doubleSliderPrevButton\"><\/i>\r\n                                    <i class = \"td-icon-right doubleSliderNextButton\"><\/i>\r\n                                <\/div>\r\n                            <\/div>\r\n                        <\/div>\r\n\r\n                        <div class = \"td-doubleSlider-1 \">\r\n                            <div class = \"td-slider\">\r\n                                \r\n                    <div class = \"td-slide-item td-item1\">\r\n                        <figure class=\"td-slide-galery-figure td-slide-popup-gallery\">\r\n                            <a class=\"slide-gallery-image-link\" href=\"https:\/\/chpantalya.com\/wp-content\/uploads\/2021\/05\/4.jpg\" title=\"4\"  data-caption=\"\"  data-description=\"\">\r\n                                <img src=\"https:\/\/chpantalya.com\/wp-content\/uploads\/2021\/05\/4-647x420.jpg\" srcset=\"https:\/\/chpantalya.com\/wp-content\/uploads\/2021\/05\/4-647x420.jpg 420w, https:\/\/chpantalya.com\/wp-content\/uploads\/2021\/05\/4.jpg 840w\" sizes=\"(-webkit-min-device-pixel-ratio: 2) 840px, (min-resolution: 192dpi) 840px, 420px\" alt=\"\">\r\n                            <\/a>\r\n                            \r\n                        <\/figure>\r\n                    <\/div>\r\n                    <div class = \"td-slide-item td-item2\">\r\n                        <figure class=\"td-slide-galery-figure td-slide-popup-gallery\">\r\n                            <a class=\"slide-gallery-image-link\" href=\"https:\/\/chpantalya.com\/wp-content\/uploads\/2021\/05\/DSC_0239-1.jpg\" title=\"DSC_0239\"  data-caption=\"\"  data-description=\"\">\r\n                                <img src=\"https:\/\/chpantalya.com\/wp-content\/uploads\/2021\/05\/DSC_0239-1-631x420.jpg\" srcset=\"https:\/\/chpantalya.com\/wp-content\/uploads\/2021\/05\/DSC_0239-1-631x420.jpg 420w, https:\/\/chpantalya.com\/wp-content\/uploads\/2021\/05\/DSC_0239-1.jpg 840w\" sizes=\"(-webkit-min-device-pixel-ratio: 2) 840px, (min-resolution: 192dpi) 840px, 420px\" alt=\"\">\r\n                            <\/a>\r\n                            \r\n                        <\/figure>\r\n                    <\/div>\r\n                            <\/div>\r\n                        <\/div>\r\n\r\n                        <div class = \"td-doubleSlider-2\">\r\n                            <div class = \"td-slider\">\r\n                                \r\n                    <div class = \"td-button td-item1\">\r\n                        <div class = \"td-border\"><\/div>\r\n                    <\/div>\r\n                    <div class = \"td-button td-item2\">\r\n                        <div class = \"td-border\"><\/div>\r\n                    <\/div>\r\n                            <\/div>\r\n                        <\/div>\r\n\r\n                    <\/div>\r\n\r\n                <\/div>\r\n                \n","protected":false},"excerpt":{"rendered":"<p>Cumhuriyet Halk Partisi Antalya \u0130l Ba\u015fkan\u0131 Nuri Cengiz, 14 May\u0131s D\u00fcnya \u00c7ift\u00e7iler g\u00fcn\u00fc dolay\u0131s\u0131yla yerli \u00e7ift\u00e7ilerin ya\u015fad\u0131klar\u0131 sorunlara de\u011finen a\u00e7\u0131klamalarda bulundu. Ba\u015fkan Cengiz, \u201c\u00c7ift\u00e7i \u00fcretmezse insanl\u0131k a\u00e7 kal\u0131r, \u00fclkemizde ise \u00fcreten \u00e7ift\u00e7i a\u00e7\u201d dedi 14 May\u0131s D\u00fcnya \u00c7ift\u00e7iler g\u00fcn\u00fc dolay\u0131s\u0131yla yerli tar\u0131m \u00fcreticilerinin ge\u00e7mi\u015fini ve sorunlar\u0131n\u0131 ele alan Cumhuriyet Halk Partisi Antalya \u0130l Ba\u015fkan\u0131 Nuri [&hellip;]<\/p>\n","protected":false},"author":1,"featured_media":22489,"comment_status":"closed","ping_status":"open","sticky":false,"template":"","format":"standard","meta":[],"categories":[58],"tags":[],"amp_enabled":true,"_links":{"self":[{"href":"https:\/\/chpantalya.com\/index.php?rest_route=\/wp\/v2\/posts\/22488"}],"collection":[{"href":"https:\/\/chpantalya.com\/index.php?rest_route=\/wp\/v2\/posts"}],"about":[{"href":"https:\/\/chpantalya.com\/index.php?rest_route=\/wp\/v2\/types\/post"}],"author":[{"embeddable":true,"href":"https:\/\/chpantalya.com\/index.php?rest_route=\/wp\/v2\/users\/1"}],"replies":[{"embeddable":true,"href":"https:\/\/chpantalya.com\/index.php?rest_route=%2Fwp%2Fv2%2Fcomments&post=22488"}],"version-history":[{"count":0,"href":"https:\/\/chpantalya.com\/index.php?rest_route=\/wp\/v2\/posts\/22488\/revisions"}],"wp:featuredmedia":[{"embeddable":true,"href":"https:\/\/chpantalya.com\/index.php?rest_route=\/wp\/v2\/media\/22489"}],"wp:attachment":[{"href":"https:\/\/chpantalya.com\/index.php?rest_route=%2Fwp%2Fv2%2Fmedia&parent=22488"}],"wp:term":[{"taxonomy":"category","embeddable":true,"href":"https:\/\/chpantalya.com\/index.php?rest_route=%2Fwp%2Fv2%2Fcategories&post=22488"},{"taxonomy":"post_tag","embeddable":true,"href":"https:\/\/chpantalya.com\/index.php?rest_route=%2Fwp%2Fv2%2Ftags&post=22488"}],"curies":[{"name":"wp","href":"https:\/\/api.w.org\/{rel}","templated":true}]}}