{"id":22502,"date":"2021-05-19T13:34:59","date_gmt":"2021-05-19T10:34:59","guid":{"rendered":"http:\/\/chpantalya.com\/?p=22502"},"modified":"2021-05-19T13:34:59","modified_gmt":"2021-05-19T10:34:59","slug":"turkiyeyi-akpden-genclerimiz-kurtaracak","status":"publish","type":"post","link":"https:\/\/chpantalya.com\/?p=22502","title":{"rendered":"T\u00dcRK\u0130YE\u2019Y\u0130 AKP\u2019DEN GEN\u00c7LER\u0130M\u0130Z KURTARACAK"},"content":{"rendered":"<p>Cumhuriyet \u0130\u00e7in Antalya Elele Platformu \u00f6nc\u00fcl\u00fc\u011f\u00fcnde d\u00fczenlenen 19 May\u0131s Atat\u00fcrk\u2019\u00fc Anma, Gen\u00e7lik ve Spor Bayram\u0131 program\u0131nda konu\u015fan Cumhuriyet Halk Partisi Antalya \u0130l Ba\u015fkan\u0131 Nuri Cengiz, \u201cAKP\u2019nin \u00fclkeyi getirdi\u011fi bu karanl\u0131ktan bizleri gen\u00e7lerimiz \u00e7\u0131karacakt\u0131r\u201d dedi<br \/>\n19 May\u0131s Atat\u00fcrk\u2019\u00fc Anma, Gen\u00e7lik ve Spor Bayram\u0131, Cumhuriyet \u0130\u00e7in Antalya Elele Platformu\u2019nun \u00f6nc\u00fcl\u00fc\u011f\u00fcnde Cumhuriyet Meydan\u0131\u2019nda d\u00fczenlenen t\u00f6renle kutland\u0131. Meydan\u2019daki Atat\u00fcrk An\u0131t\u0131na \u00e7elenk sunulmas\u0131 ile ba\u015flayan t\u00f6rende konu\u015fmac\u0131 olan Cumhuriyet Halk Partisi Antalya \u0130l Ba\u015fkan\u0131 Nuri Cengiz, gen\u00e7li\u011fin \u00fclkemizin gelece\u011fi a\u00e7\u0131s\u0131ndan sarf etti\u011fi \u00f6neme vurgu yapt\u0131. 20 y\u0131ll\u0131k AKP iktidar\u0131n\u0131n \u00fclkeyi s\u00fcr\u00fckledi\u011fi karanl\u0131ktan gen\u00e7lerin azmiyle kurtulacaklar\u0131n\u0131 ifade eden Ba\u015fkan Nuri Cengiz\u2019in konu\u015fmas\u0131n\u0131n tamam\u0131nda \u015fu ifadeler yer ald\u0131;<br \/>\n\u201cEmperyalizme kar\u015f\u0131 direni\u015fin, ba\u011f\u0131ms\u0131zl\u0131\u011f\u0131m\u0131z\u0131n ni\u015fanesi olan 19 May\u0131s; kurtulu\u015fun, kurulu\u015fun, bir milletin k\u00fcllerinden do\u011fu\u015funun tohumlar\u0131n\u0131n at\u0131ld\u0131\u011f\u0131 o b\u00fcy\u00fck y\u00fcr\u00fcy\u00fc\u015f\u00fcn ilk ad\u0131m\u0131d\u0131r.<br \/>\nM\u00fctareke devletlerinin kuklas\u0131 olan padi\u015fah\u0131n, idam ferman\u0131n\u0131 halk\u0131n vicdan\u0131na s\u0131\u011f\u0131narak, tarihine duydu\u011fu sayg\u0131 neticesinde y\u0131rt\u0131p atan, Samsun\u2019a o b\u00fcy\u00fck direni\u015fi ba\u015flatmak \u00fczere ayak basan Gazi Mustafa Kemal Atat\u00fcrk\u2019\u00fcn izinde y\u00fcr\u00fcmenin onurunu ve gururunu ya\u015f\u0131yoruz.<br \/>\nBu \u00f6nemli g\u00fcn\u00fc, bu tarihi g\u00fcn\u00fc Ulu \u00d6nderimiz Atat\u00fcrk, cumhuriyeti emanet etti\u011fi gen\u00e7lere adam\u0131\u015ft\u0131r!<br \/>\nBa\u011f\u0131ms\u0131zl\u0131\u011f\u0131m\u0131z, kurtulu\u015fumuz u\u011fruna, \u201cYa \u0130stiklal Ya \u00d6l\u00fcm!\u201d diyerek emperyalizme kar\u015f\u0131 direnenlere, T\u00fcrkiye Cumhuriyeti\u2019ni kuran y\u00fcrekli kadrolara bin selam olsun!<br \/>\nMaalesef Cumhuriyetin kurucu de\u011ferleriyle, ak\u0131lla, bilimle, laiklikle sorunu olan, farkl\u0131 ses ve g\u00f6r\u00fc\u015flere tahamm\u00fcll\u00fc olmayan, Ba\u015fkanl\u0131k Rejimiyle kuvvetler ayr\u0131l\u0131\u011f\u0131n\u0131 ortadan kald\u0131ran, hak ve \u00f6zg\u00fcrl\u00fckleri budayan, demokrasiyi hi\u00e7e sayan, \u00e7o\u011fulculu\u011fu rafa kald\u0131ran karanl\u0131k bir SARAY iktidar\u0131n\u0131n y\u00f6netimi alt\u0131nday\u0131z!<br \/>\nCumhuriyetin emanet edildi\u011fi gen\u00e7lerimiz; \u0130\u015fsizlikle, yoksullukla, yoksunlukla bo\u011fu\u015fmaktan, Bu karanl\u0131k, bu yozla\u015fm\u0131\u015f iktidar\u0131n kurban\u0131 olmu\u015f, \u00f6n\u00fcn\u00fc g\u00f6remez hale gelmi\u015flerdir!<br \/>\nGen\u00e7lerimiz hayal kuram\u0131yor,<br \/>\nGen\u00e7lerimiz yar\u0131n\u0131 g\u00f6remiyor!<br \/>\nGen\u00e7lerimiz mutlu de\u011fil!<br \/>\nAncak kimsenin \u015f\u00fcphesi olmas\u0131n; elbet bug\u00fcnler de ge\u00e7ecektir.<br \/>\nGen\u00e7lerimiz bu \u00fclkenin gelece\u011fi, ayd\u0131nl\u0131k yar\u0131nlara olan umudumuz, k\u0131saca bizim her \u015feyimizdir!<br \/>\n20 y\u0131ll\u0131k AKP iktidar\u0131n\u0131n \u00fclkeyi getirdi\u011fi bu karanl\u0131ktan, bu darbo\u011fazdan bizleri; \u00c7anakkale\u2019de \u00f6l\u00fcme y\u00fcr\u00fcyen 15\u2019lik delikanl\u0131lar\u0131n, emperyalizme g\u00f6\u011f\u00fcs germi\u015f olman\u0131n gururuyla dara\u011fac\u0131na g\u00fcl\u00fcmseyerek y\u00fcr\u00fcyen Deniz\u2019lerin ruhuyla, boyun e\u011fmek nedir bilmeyen gen\u00e7lerimiz \u00e7\u0131karacakt\u0131r!<br \/>\nB\u00fcy\u00fck Atat\u00fcrk\u2019\u00fcn engin ve \u0131\u015f\u0131kl\u0131 yolunda y\u00fcr\u00fcyen gen\u00e7lerimiz ba\u015fta olmak \u00fczere;<br \/>\nT\u00fcm halk\u0131m\u0131z\u0131n 19 May\u0131s Atat\u00fcrk&#8217;\u00fc Anma, Gen\u00e7lik ve Spor Bayram\u0131\u2019n\u0131 kutluyor;<br \/>\nGazi Mustafa Kemal Atat\u00fcrk ve kurtulu\u015fu getiren m\u00fccadelenin t\u00fcm kahramanlar\u0131n\u0131 sayg\u0131, minnet ve hasretle an\u0131yorum.\u201d<\/p>\n<p>\r\n                <style type=\"text\/css\">\r\n                    \r\n                    #tdi_1  .td-doubleSlider-2 .td-item1 {\r\n                        background: url(https:\/\/chpantalya.com\/wp-content\/uploads\/2021\/05\/DSC_0044-1-160x120.jpg) 0 0 no-repeat;\r\n                    }\r\n                    #tdi_1  .td-doubleSlider-2 .td-item2 {\r\n                        background: url(https:\/\/chpantalya.com\/wp-content\/uploads\/2021\/05\/DSC_0064-160x120.jpg) 0 0 no-repeat;\r\n                    }\r\n                    #tdi_1  .td-doubleSlider-2 .td-item3 {\r\n                        background: url(https:\/\/chpantalya.com\/wp-content\/uploads\/2021\/05\/DSC_0090-160x120.jpg) 0 0 no-repeat;\r\n                    }\r\n                <\/style>\r\n\r\n                <div id=\"tdi_1\" class=\"td-gallery td-slide-on-2-columns\">\r\n                    <div class=\"post_td_gallery\">\r\n                        <div class=\"td-gallery-slide-top\">\r\n                           <div class=\"td-gallery-title\"><\/div>\r\n\r\n                            <div class=\"td-gallery-controls-wrapper\">\r\n                                <div class=\"td-gallery-slide-count\"><span class=\"td-gallery-slide-item-focus\">1<\/span> - 3<\/div>\r\n                                <div class=\"td-gallery-slide-prev-next-but\">\r\n                                    <i class = \"td-icon-left doubleSliderPrevButton\"><\/i>\r\n                                    <i class = \"td-icon-right doubleSliderNextButton\"><\/i>\r\n                                <\/div>\r\n                            <\/div>\r\n                        <\/div>\r\n\r\n                        <div class = \"td-doubleSlider-1 \">\r\n                            <div class = \"td-slider\">\r\n                                \r\n                    <div class = \"td-slide-item td-item1\">\r\n                        <figure class=\"td-slide-galery-figure td-slide-popup-gallery\">\r\n                            <a class=\"slide-gallery-image-link\" href=\"https:\/\/chpantalya.com\/wp-content\/uploads\/2021\/05\/DSC_0044-1.jpg\" title=\"DSC_0044\"  data-caption=\"\"  data-description=\"\">\r\n                                <img src=\"https:\/\/chpantalya.com\/wp-content\/uploads\/2021\/05\/DSC_0044-1-631x420.jpg\" srcset=\"https:\/\/chpantalya.com\/wp-content\/uploads\/2021\/05\/DSC_0044-1-631x420.jpg 420w, https:\/\/chpantalya.com\/wp-content\/uploads\/2021\/05\/DSC_0044-1.jpg 840w\" sizes=\"(-webkit-min-device-pixel-ratio: 2) 840px, (min-resolution: 192dpi) 840px, 420px\" alt=\"\">\r\n                            <\/a>\r\n                            \r\n                        <\/figure>\r\n                    <\/div>\r\n                    <div class = \"td-slide-item td-item2\">\r\n                        <figure class=\"td-slide-galery-figure td-slide-popup-gallery\">\r\n                            <a class=\"slide-gallery-image-link\" href=\"https:\/\/chpantalya.com\/wp-content\/uploads\/2021\/05\/DSC_0064.jpg\" title=\"DSC_0064\"  data-caption=\"\"  data-description=\"\">\r\n                                <img src=\"https:\/\/chpantalya.com\/wp-content\/uploads\/2021\/05\/DSC_0064-631x420.jpg\" srcset=\"https:\/\/chpantalya.com\/wp-content\/uploads\/2021\/05\/DSC_0064-631x420.jpg 420w, https:\/\/chpantalya.com\/wp-content\/uploads\/2021\/05\/DSC_0064.jpg 840w\" sizes=\"(-webkit-min-device-pixel-ratio: 2) 840px, (min-resolution: 192dpi) 840px, 420px\" alt=\"\">\r\n                            <\/a>\r\n                            \r\n                        <\/figure>\r\n                    <\/div>\r\n                    <div class = \"td-slide-item td-item3\">\r\n                        <figure class=\"td-slide-galery-figure td-slide-popup-gallery\">\r\n                            <a class=\"slide-gallery-image-link\" href=\"https:\/\/chpantalya.com\/wp-content\/uploads\/2021\/05\/DSC_0090.jpg\" title=\"DSC_0090\"  data-caption=\"\"  data-description=\"\">\r\n                                <img src=\"https:\/\/chpantalya.com\/wp-content\/uploads\/2021\/05\/DSC_0090-631x420.jpg\" srcset=\"https:\/\/chpantalya.com\/wp-content\/uploads\/2021\/05\/DSC_0090-631x420.jpg 420w, https:\/\/chpantalya.com\/wp-content\/uploads\/2021\/05\/DSC_0090.jpg 840w\" sizes=\"(-webkit-min-device-pixel-ratio: 2) 840px, (min-resolution: 192dpi) 840px, 420px\" alt=\"\">\r\n                            <\/a>\r\n                            \r\n                        <\/figure>\r\n                    <\/div>\r\n                            <\/div>\r\n                        <\/div>\r\n\r\n                        <div class = \"td-doubleSlider-2\">\r\n                            <div class = \"td-slider\">\r\n                                \r\n                    <div class = \"td-button td-item1\">\r\n                        <div class = \"td-border\"><\/div>\r\n                    <\/div>\r\n                    <div class = \"td-button td-item2\">\r\n                        <div class = \"td-border\"><\/div>\r\n                    <\/div>\r\n                    <div class = \"td-button td-item3\">\r\n                        <div class = \"td-border\"><\/div>\r\n                    <\/div>\r\n                            <\/div>\r\n                        <\/div>\r\n\r\n                    <\/div>\r\n\r\n                <\/div>\r\n                <br \/>\n<iframe loading=\"lazy\" src=\"https:\/\/www.facebook.com\/plugins\/video.php?height=476&#038;href=https%3A%2F%2Fwww.facebook.com%2Fnuricengizchp%2Fvideos%2F994101394328339%2F&#038;show_text=false&#038;width=267\" width=\"267\" height=\"476\" style=\"border:none;overflow:hidden\" scrolling=\"no\" frameborder=\"0\" allowfullscreen=\"true\" allow=\"autoplay; clipboard-write; encrypted-media; picture-in-picture; web-share\" allowFullScreen=\"true\"><\/iframe><\/p>\n","protected":false},"excerpt":{"rendered":"<p>Cumhuriyet \u0130\u00e7in Antalya Elele Platformu \u00f6nc\u00fcl\u00fc\u011f\u00fcnde d\u00fczenlenen 19 May\u0131s Atat\u00fcrk\u2019\u00fc Anma, Gen\u00e7lik ve Spor Bayram\u0131 program\u0131nda konu\u015fan Cumhuriyet Halk Partisi Antalya \u0130l Ba\u015fkan\u0131 Nuri Cengiz, \u201cAKP\u2019nin \u00fclkeyi getirdi\u011fi bu karanl\u0131ktan bizleri gen\u00e7lerimiz \u00e7\u0131karacakt\u0131r\u201d dedi 19 May\u0131s Atat\u00fcrk\u2019\u00fc Anma, Gen\u00e7lik ve Spor Bayram\u0131, Cumhuriyet \u0130\u00e7in Antalya Elele Platformu\u2019nun \u00f6nc\u00fcl\u00fc\u011f\u00fcnde Cumhuriyet Meydan\u0131\u2019nda d\u00fczenlenen t\u00f6renle kutland\u0131. Meydan\u2019daki Atat\u00fcrk [&hellip;]<\/p>\n","protected":false},"author":1,"featured_media":22504,"comment_status":"closed","ping_status":"open","sticky":false,"template":"","format":"standard","meta":[],"categories":[58],"tags":[],"amp_enabled":true,"_links":{"self":[{"href":"https:\/\/chpantalya.com\/index.php?rest_route=\/wp\/v2\/posts\/22502"}],"collection":[{"href":"https:\/\/chpantalya.com\/index.php?rest_route=\/wp\/v2\/posts"}],"about":[{"href":"https:\/\/chpantalya.com\/index.php?rest_route=\/wp\/v2\/types\/post"}],"author":[{"embeddable":true,"href":"https:\/\/chpantalya.com\/index.php?rest_route=\/wp\/v2\/users\/1"}],"replies":[{"embeddable":true,"href":"https:\/\/chpantalya.com\/index.php?rest_route=%2Fwp%2Fv2%2Fcomments&post=22502"}],"version-history":[{"count":0,"href":"https:\/\/chpantalya.com\/index.php?rest_route=\/wp\/v2\/posts\/22502\/revisions"}],"wp:featuredmedia":[{"embeddable":true,"href":"https:\/\/chpantalya.com\/index.php?rest_route=\/wp\/v2\/media\/22504"}],"wp:attachment":[{"href":"https:\/\/chpantalya.com\/index.php?rest_route=%2Fwp%2Fv2%2Fmedia&parent=22502"}],"wp:term":[{"taxonomy":"category","embeddable":true,"href":"https:\/\/chpantalya.com\/index.php?rest_route=%2Fwp%2Fv2%2Fcategories&post=22502"},{"taxonomy":"post_tag","embeddable":true,"href":"https:\/\/chpantalya.com\/index.php?rest_route=%2Fwp%2Fv2%2Ftags&post=22502"}],"curies":[{"name":"wp","href":"https:\/\/api.w.org\/{rel}","templated":true}]}}