{"id":22507,"date":"2021-05-18T17:59:59","date_gmt":"2021-05-18T14:59:59","guid":{"rendered":"http:\/\/chpantalya.com\/?p=22507"},"modified":"2021-05-21T10:01:26","modified_gmt":"2021-05-21T07:01:26","slug":"budak-turizm-sezonunu-ne-zaman-acacaksiniz","status":"publish","type":"post","link":"https:\/\/chpantalya.com\/?p=22507","title":{"rendered":"BUDAK: TUR\u0130ZM SEZONUNU NE ZAMAN A\u00c7ACAKSINIZ?"},"content":{"rendered":"<p>TUR\u0130ZMDE YA\u015eANAN KR\u0130Z TBMM G\u00dcNDEM\u0130NDE<\/p>\n<p>CHP Antalya Milletvekili \u00c7etin Osman Budak, d\u0131\u015f politikadaki tutars\u0131zl\u0131klar ve yanl\u0131\u015f y\u00fcr\u00fct\u00fclen pandemi s\u00fcrecinin bedelini turizm sekt\u00f6r\u00fcn\u00fcn ve turizm emek\u00e7ilerinin \u00f6dedi\u011fine dikkat \u00e7ekerek, \u201cNisan ay\u0131nda sezonun ba\u015flayaca\u011f\u0131n\u0131 s\u00f6yleyen K\u00fclt\u00fcr ve Turizm Bakan\u0131, bu s\u00fcre\u00e7te son derece k\u00f6t\u00fc bir s\u0131nav verdi, her \u015feyi eline y\u00fcz\u00fcne bula\u015ft\u0131rd\u0131. Rakiplerimizden \u0130spanya, Yunanistan ve \u0130talya sezonu a\u00e7t\u0131. En \u00f6nemli pazar\u0131m\u0131z Rusya bu sene vatanda\u015flar\u0131n\u0131 M\u0131s\u0131r\u2019a y\u00f6nlendiriyor. Bizim sezonu ne zaman a\u00e7abilece\u011fimiz bile belli de\u011fil\u201d dedi.<br \/>\nKonuya ili\u015fkin K\u00fclt\u00fcr ve Turizm Bakan\u0131 Mehmet Nuri Ersoy\u2019un yan\u0131tlamas\u0131 istemiyle bir soru \u00f6nergesi veren Budak, K\u00fclt\u00fcr ve Turizm Bakan\u0131 Mehmet Nuri Ersoy ile Cumhurba\u015fkanl\u0131\u011f\u0131 S\u00f6zc\u00fcs\u00fc \u0130brahim Kal\u0131n\u2019\u0131n Rusya\u2019ya yapt\u0131klar\u0131 ziyaretten ellerinin bo\u015f d\u00f6nd\u00fc\u011f\u00fcn\u00fcn anla\u015f\u0131ld\u0131\u011f\u0131n\u0131 s\u00f6yledi. Bakan Ersoy ve Cumhurba\u015fkanl\u0131\u011f\u0131 S\u00f6zc\u00fcs\u00fc Kal\u0131n\u2019\u0131n ziyaretinin ertesi g\u00fcn\u00fc Rus Havayolu \u015eirketi Aeroflot\u2019un T\u00fcrkiye\u2019ye olan Haziran ay\u0131 u\u00e7u\u015flar\u0131n\u0131 iptal etmesinin bu y\u00f6nde verilen bir mesaj oldu\u011funa dikkat \u00e7eken Budak, d\u0131\u015f bas\u0131nda T\u00fcrkiye\u2019nin turizm sekt\u00f6r\u00fcne y\u00f6nelik ya\u015fayaca\u011f\u0131 kay\u0131plar nedeniyle M\u0131s\u0131r, Tunus ve Sri Lanka ile birlikte \u201cK\u0131r\u0131lgan D\u00f6rtl\u00fc\u201d olarak an\u0131lmaya ba\u015flad\u0131\u011f\u0131n\u0131 vurgulad\u0131.<br \/>\nBudak, \u015funlar\u0131 s\u00f6yledi:<br \/>\n\u201cT\u00fcrkiye ne tam kapanmay\u0131 becerebildi ne de elle tutulur bir a\u015f\u0131lama politikas\u0131 ortaya koyabildi. Bu ba\u015far\u0131s\u0131zl\u0131klar yetmezmi\u015f gibi, d\u0131\u015f politikada att\u0131\u011f\u0131 yanl\u0131\u015f ad\u0131mlar nedeniyle ge\u00e7en sene turizme can suyu olan Rusya pazar\u0131n\u0131 da kaybetmek \u00fczereyiz. Rus bas\u0131n\u0131nda T\u00fcrkiye\u2019ye y\u00f6nelik u\u00e7u\u015flar\u0131n en erken eyl\u00fcl ay\u0131 ba\u015f\u0131nda ba\u015flataca\u011f\u0131n\u0131 y\u00f6nelik s\u00fcrekli haberler \u00e7\u0131k\u0131yor. \u0130ktidar\u0131n turizme y\u00f6nelik hi\u00e7bir politikas\u0131 yok. T\u00fcm d\u00fcnya turizm sekt\u00f6r\u00fc ayakta kalabilsin diye milyonlarca dolar hibe deste\u011fi verdi. Kriz ba\u015flayal\u0131 14 ay oldu. Turizme tek kuru\u015f hibe verilmedi. Sekt\u00f6r sahipsiz b\u0131rak\u0131lman\u0131n bedelini \u00e7ok a\u011f\u0131r \u00f6d\u00fcyor.\u201d<\/p>\n<p>SKANDAL REKLAMA NE KADAR \u00d6DED\u0130N\u0130Z?<\/p>\n<p>Budak soru \u00f6nergesinde \u015fu sorular\u0131n yan\u0131tlanmas\u0131n\u0131 istedi:<\/p>\n<p>\u201c2021 turizm sezonu ne zaman ba\u015flayacakt\u0131r? Sezonun a\u00e7\u0131lmas\u0131na y\u00f6nelik hangi tedbirler al\u0131nmaktad\u0131r? 17 May\u0131s tarihinde Rusya ile yap\u0131lan ikili g\u00f6r\u00fc\u015fmeler sonras\u0131nda kamuoyuna herhangi bir resmi a\u00e7\u0131klama yap\u0131lmam\u0131\u015ft\u0131r. G\u00f6r\u00fc\u015fmelerde hangi \u00f6neriler sunulmu\u015ftur? G\u00f6r\u00fc\u015fmeler sonras\u0131nda herhangi bir konuda uzla\u015f\u0131 sa\u011flanm\u0131\u015f m\u0131d\u0131r? S\u0131k\u0131nt\u0131 i\u00e7erisinde bulunan turizm sekt\u00f6r\u00fcne y\u00f6nelik krediler d\u0131\u015f\u0131nda hangi destekler verilecektir? Kamuoyunda b\u00fcy\u00fck tepki toplayan ve sonras\u0131nda Bakanl\u0131\u011f\u0131n sosyal medya hesaplar\u0131ndan kald\u0131r\u0131lan \u2018Keyfini \u00c7\u0131kar. A\u015f\u0131land\u0131m\u2019 yaz\u0131l\u0131 maskelerin kullan\u0131ld\u0131\u011f\u0131 reklam filmini hangi reklam \u015firketine, ne kadar maliyetle yapt\u0131rd\u0131n\u0131z? \u0130ngiltere ve Almanya pazar\u0131na y\u00f6nelik herhangi bir \u00e7al\u0131\u015fman\u0131z var m\u0131?\u201d<\/p>\n","protected":false},"excerpt":{"rendered":"<p>TUR\u0130ZMDE YA\u015eANAN KR\u0130Z TBMM G\u00dcNDEM\u0130NDE CHP Antalya Milletvekili \u00c7etin Osman Budak, d\u0131\u015f politikadaki tutars\u0131zl\u0131klar ve yanl\u0131\u015f y\u00fcr\u00fct\u00fclen pandemi s\u00fcrecinin bedelini turizm sekt\u00f6r\u00fcn\u00fcn ve turizm emek\u00e7ilerinin \u00f6dedi\u011fine dikkat \u00e7ekerek, \u201cNisan ay\u0131nda sezonun ba\u015flayaca\u011f\u0131n\u0131 s\u00f6yleyen K\u00fclt\u00fcr ve Turizm Bakan\u0131, bu s\u00fcre\u00e7te son derece k\u00f6t\u00fc bir s\u0131nav verdi, her \u015feyi eline y\u00fcz\u00fcne bula\u015ft\u0131rd\u0131. Rakiplerimizden \u0130spanya, Yunanistan ve \u0130talya [&hellip;]<\/p>\n","protected":false},"author":1,"featured_media":22290,"comment_status":"closed","ping_status":"open","sticky":false,"template":"","format":"standard","meta":[],"categories":[52,35],"tags":[],"amp_enabled":true,"_links":{"self":[{"href":"https:\/\/chpantalya.com\/index.php?rest_route=\/wp\/v2\/posts\/22507"}],"collection":[{"href":"https:\/\/chpantalya.com\/index.php?rest_route=\/wp\/v2\/posts"}],"about":[{"href":"https:\/\/chpantalya.com\/index.php?rest_route=\/wp\/v2\/types\/post"}],"author":[{"embeddable":true,"href":"https:\/\/chpantalya.com\/index.php?rest_route=\/wp\/v2\/users\/1"}],"replies":[{"embeddable":true,"href":"https:\/\/chpantalya.com\/index.php?rest_route=%2Fwp%2Fv2%2Fcomments&post=22507"}],"version-history":[{"count":0,"href":"https:\/\/chpantalya.com\/index.php?rest_route=\/wp\/v2\/posts\/22507\/revisions"}],"wp:featuredmedia":[{"embeddable":true,"href":"https:\/\/chpantalya.com\/index.php?rest_route=\/wp\/v2\/media\/22290"}],"wp:attachment":[{"href":"https:\/\/chpantalya.com\/index.php?rest_route=%2Fwp%2Fv2%2Fmedia&parent=22507"}],"wp:term":[{"taxonomy":"category","embeddable":true,"href":"https:\/\/chpantalya.com\/index.php?rest_route=%2Fwp%2Fv2%2Fcategories&post=22507"},{"taxonomy":"post_tag","embeddable":true,"href":"https:\/\/chpantalya.com\/index.php?rest_route=%2Fwp%2Fv2%2Ftags&post=22507"}],"curies":[{"name":"wp","href":"https:\/\/api.w.org\/{rel}","templated":true}]}}