{"id":22512,"date":"2021-05-19T08:04:03","date_gmt":"2021-05-19T05:04:03","guid":{"rendered":"http:\/\/chpantalya.com\/?p=22512"},"modified":"2021-05-21T10:05:07","modified_gmt":"2021-05-21T07:05:07","slug":"chpli-budak-tekel-bayilerinin-durumunu-tbmmye-tasidi","status":"publish","type":"post","link":"https:\/\/chpantalya.com\/?p=22512","title":{"rendered":"CHP\u2019L\u0130 BUDAK, TEKEL BAY\u0130LER\u0130N\u0130N DURUMUNU TBMM\u2019YE TA\u015eIDI"},"content":{"rendered":"<p>&nbsp;<\/p>\n<p><strong>\u201cTEKEL \u00dcR\u00dcN\u00dc SATAN ESNAFA NEDEN H\u0130BE YOK?\u201d<\/strong><\/p>\n<p><strong>CHP Antalya Milletvekili \u00c7etin Osman Budak, Cumhurba\u015fkan\u0131 Erdo\u011fan\u2019\u0131n esnafa iki grup halinde verilecek 3 bin ve 5 bin liral\u0131k hibe deste\u011fi kapsam\u0131na tekel bayilerinin al\u0131nmad\u0131\u011f\u0131n\u0131 belirterek, \u201cPandemi ko\u015fullar\u0131 b\u00fct\u00fcn esnaf\u0131 vurdu\u011fu gibi tekel bayilerini de olumsuz etkiledi. Esen f\u0131rt\u0131na, t\u00fcm esnaf kadar tekel \u00fcr\u00fcnleri satan esnaf\u0131 da ciddi yaralad\u0131. \u00dcst\u00fcne \u00fcstl\u00fck \u00fc\u00e7 hafta s\u00fcren tam kapanmada bu esnaf, kepengini dahi a\u00e7amad\u0131. Ama \u015fimdi bir bak\u0131yorsunuz ki tekel bayileri hibe verilecek esnaf gruplar\u0131 aras\u0131nda yer alm\u0131yor. Neden bu insanlar\u0131 adeta cezaland\u0131r\u0131r gibi kapsama alm\u0131yorsunuz? Bu esnaf da y\u0131llard\u0131r vergi \u00f6d\u00fcyor ama bug\u00fcn devletinden gereken deste\u011fi alam\u0131yor. Bunun nedenini \u00f6\u011frenmek istiyoruz\u201d dedi.<\/strong><\/p>\n<p>&nbsp;<\/p>\n<p>Konuya ili\u015fkin TBMM Ba\u015fkanl\u0131\u011f\u0131na Ticaret Bakan\u0131 Mehmet Mu\u015f\u2019un a\u00e7\u0131klamas\u0131 istemiyle bir soru \u00f6nergesi veren Budak \u00f6nergede \u015fu ifadelere yer verdi:<\/p>\n<p>&nbsp;<\/p>\n<p>\u201cCumhurba\u015fkanl\u0131\u011f\u0131 Kabine Toplant\u0131s\u0131 sonras\u0131nda esnafa y\u00f6nelik destek paketi kamuoyuyla payla\u015f\u0131lm\u0131\u015f, buna g\u00f6re belli gruplar halinde esnaf\u0131n 3 bin ve 5 bin liral\u0131k hibe deste\u011finden yararlanaca\u011f\u0131 ilan edilmi\u015ftir.<\/p>\n<p>Ancak, benzer ko\u015fullar\u0131 ya\u015fayan ve ayr\u0131ca \u00fc\u00e7 haftal\u0131k tam tam kapanma s\u0131ras\u0131nda d\u00fckkanlar\u0131n\u0131n kepengini dahi a\u00e7amayan tekel bayilerinin destek kapsam\u0131nda olmad\u0131\u011f\u0131 g\u00f6r\u00fclmektedir. Bunun nedenini anlamakta g\u00fc\u00e7l\u00fck \u00e7ekiyoruz.\u201d<\/p>\n<p><strong>ALKOL SATTIKLARI \u0130\u00c7\u0130N M\u0130 H\u0130BE VER\u0130LM\u0130YOR?<\/strong><\/p>\n<p>Budak, \u015fu sorulara yan\u0131t istedi:<\/p>\n<p>\u201cTekel bayileri hibe deste\u011fi kapsam\u0131nda m\u0131d\u0131r? De\u011filse neden kapsama al\u0131nmam\u0131\u015ft\u0131r? S\u00f6z konusu esnaf\u0131n \u00fc\u00e7 haftal\u0131k tam kapanma s\u00fcrecinde de s\u0131k\u0131nt\u0131 ya\u015fad\u0131\u011f\u0131 g\u00f6z \u00f6n\u00fcne al\u0131n\u0131rsa tekel bayilerinin destek kapsam\u0131na al\u0131nmas\u0131 i\u00e7in ne yapmalar\u0131, hangi ko\u015fullar\u0131 sa\u011flamalar\u0131 gerekmektedir? Tekel bayilerinde alkol sat\u0131\u015f\u0131n\u0131n olmas\u0131 hibe deste\u011fi kapsam\u0131 d\u0131\u015f\u0131nda tutulmalar\u0131na bir etken midir?\u201d<\/p>\n","protected":false},"excerpt":{"rendered":"<p>&nbsp; \u201cTEKEL \u00dcR\u00dcN\u00dc SATAN ESNAFA NEDEN H\u0130BE YOK?\u201d CHP Antalya Milletvekili \u00c7etin Osman Budak, Cumhurba\u015fkan\u0131 Erdo\u011fan\u2019\u0131n esnafa iki grup halinde verilecek 3 bin ve 5 bin liral\u0131k hibe deste\u011fi kapsam\u0131na tekel bayilerinin al\u0131nmad\u0131\u011f\u0131n\u0131 belirterek, \u201cPandemi ko\u015fullar\u0131 b\u00fct\u00fcn esnaf\u0131 vurdu\u011fu gibi tekel bayilerini de olumsuz etkiledi. Esen f\u0131rt\u0131na, t\u00fcm esnaf kadar tekel \u00fcr\u00fcnleri satan esnaf\u0131 da [&hellip;]<\/p>\n","protected":false},"author":1,"featured_media":22290,"comment_status":"closed","ping_status":"open","sticky":false,"template":"","format":"standard","meta":[],"categories":[52,35],"tags":[],"amp_enabled":true,"_links":{"self":[{"href":"https:\/\/chpantalya.com\/index.php?rest_route=\/wp\/v2\/posts\/22512"}],"collection":[{"href":"https:\/\/chpantalya.com\/index.php?rest_route=\/wp\/v2\/posts"}],"about":[{"href":"https:\/\/chpantalya.com\/index.php?rest_route=\/wp\/v2\/types\/post"}],"author":[{"embeddable":true,"href":"https:\/\/chpantalya.com\/index.php?rest_route=\/wp\/v2\/users\/1"}],"replies":[{"embeddable":true,"href":"https:\/\/chpantalya.com\/index.php?rest_route=%2Fwp%2Fv2%2Fcomments&post=22512"}],"version-history":[{"count":0,"href":"https:\/\/chpantalya.com\/index.php?rest_route=\/wp\/v2\/posts\/22512\/revisions"}],"wp:featuredmedia":[{"embeddable":true,"href":"https:\/\/chpantalya.com\/index.php?rest_route=\/wp\/v2\/media\/22290"}],"wp:attachment":[{"href":"https:\/\/chpantalya.com\/index.php?rest_route=%2Fwp%2Fv2%2Fmedia&parent=22512"}],"wp:term":[{"taxonomy":"category","embeddable":true,"href":"https:\/\/chpantalya.com\/index.php?rest_route=%2Fwp%2Fv2%2Fcategories&post=22512"},{"taxonomy":"post_tag","embeddable":true,"href":"https:\/\/chpantalya.com\/index.php?rest_route=%2Fwp%2Fv2%2Ftags&post=22512"}],"curies":[{"name":"wp","href":"https:\/\/api.w.org\/{rel}","templated":true}]}}