{"id":22514,"date":"2021-05-21T12:22:23","date_gmt":"2021-05-21T09:22:23","guid":{"rendered":"http:\/\/chpantalya.com\/?p=22514"},"modified":"2021-05-21T12:25:05","modified_gmt":"2021-05-21T09:25:05","slug":"cavit-ari-bu-millet-size-hakkini-helal-etmiyor","status":"publish","type":"post","link":"https:\/\/chpantalya.com\/?p=22514","title":{"rendered":"CAV\u0130T  ARI \u201cBU M\u0130LLET S\u0130ZE HAKKINI HELAL ETM\u0130YOR\u201d"},"content":{"rendered":"<p><strong>\u201cBU M\u0130LLET S\u0130ZE HAKKINI HELAL ETM\u0130YOR\u201d<\/strong><\/p>\n<p>&nbsp;<\/p>\n<p>TBMM Plan ve B\u00fct\u00e7e Komisyonu \u00fcyesi CHP Antalya Milletvekili Av.Cavit Ar\u0131, d\u00fcn TBMM Genel Kurulunda g\u00f6r\u00fc\u015f\u00fclen torba kanun teklifi \u00fczerine CHP Grubu ad\u0131na konu\u015ftu. Milletvekili Ar\u0131, <strong>\u201cSizler bu s\u00fcre i\u00e7erisinde esnaf\u0131m\u0131z\u0131 da, \u00e7ift\u00e7imizi de, i\u015f\u00e7iyi de, i\u015fsizi de, emekliyi de ma\u011fdur ettiniz. Bu millet size hakk\u0131n\u0131 helal etmiyor.\u201d <\/strong>dedi.<\/p>\n<p><strong>\u201c\u015eAHSA A\u0130T OTELLER\u0130 \u0130\u015eLETENLERE DE KATKI SA\u011eLANMALI\u201d<\/strong><\/p>\n<p>CHP Antalya Milletvekili Cavit Ar\u0131, \u201cBu torba yasa teklifi i\u00e7erisinde, kamu arazilerine yap\u0131lm\u0131\u015f bulunan be\u015f y\u0131ld\u0131zl\u0131 otellerin, tatil k\u00f6ylerinin ecrimisil olarak \u00f6demek zorunda kalaca\u011f\u0131 \u00fccretlerin 2022 y\u0131l\u0131 30 Kas\u0131m tarihine kadar ertelenmesi h\u00fckm\u00fc bulunmakta yani bu otellerin hazineye \u00f6demesi gereken ecrimisillerin yani kiralar\u0131n\u0131n bir y\u0131l s\u00fcreyle ertelenmesine dair bir h\u00fck\u00fcm. Bir Antalya Milletvekili olarak, turizme yap\u0131lan her t\u00fcrl\u00fc deste\u011fe tabii ki biz de destek veririz. Ancak, burada, bu otellerin yani hazineden tahsisli bu otellerin sahiplerinin de kim oldu\u011funu ayr\u0131ca merak etmek de bizim hakk\u0131m\u0131z. \u015eimdi, bu otellere bu ayr\u0131cal\u0131k tan\u0131nmakla beraber, turizm i\u00e7in belki destektir b\u00f6yle bakabiliriz ama peki \u015fah\u0131slardan, \u015firketlerden kiralayan yani \u00f6zel m\u00fclkiyete tabi olan otelleri ki esas i\u015fletme olarak y\u00fczde 80&#8217;e kadar var olan bu otellerin kiralar\u0131 ne olacak? \u015eimdi, siz bir taraftan hazineye ait olan yerlerin kiralar\u0131n\u0131 erteliyorsunuz ama \u015fah\u0131slara ait olan bu otelleri i\u015fletenlere b\u00f6yle bir hak tan\u0131nm\u0131yor \u00e7\u00fcnk\u00fc \u00f6zel m\u00fclkiyet. Bunlara bir destek sa\u011flam\u0131yorsunuz, iki i\u015fletmeci aras\u0131nda bir haks\u0131zl\u0131k s\u00f6z konusu. Devlet almayacak, \u00f6b\u00fcr taraftan \u015fahsa ait olan kiralar \u00f6denecek. \u015eimdi, b\u00f6yle bir haks\u0131zl\u0131k da s\u00f6z konusu. E\u011fer bir destek verilecekse bu tarzda olan otellere de olabildi\u011fince katk\u0131 sa\u011flanmal\u0131d\u0131r.\u201d dedi.<\/p>\n<p>&nbsp;<\/p>\n<p><strong>\u201cTUR\u0130ZM ESNAFININ SES\u0130N\u0130 DUYUN\u201d<\/strong><\/p>\n<p>Sizler bu pandemi s\u00fcrecini do\u011fru y\u00f6netemedi\u011finizden dolay\u0131, turizm \u015fu an can \u00e7eki\u015fiyor diyen Ar\u0131, \u201c2020 turizm sezonu sayenizde kaybedildi. Turizmden sa\u011flanacak olan gerekli destek sa\u011flanamad\u0131. \u015eimdi, geldik 2021 y\u0131l\u0131 May\u0131s ortas\u0131na. Normalde, Antalya&#8217;da \u00f6rne\u011fin; turizmin nisan ay\u0131nda ba\u015flamas\u0131 gerekirdi ancak bu pandemi s\u00fcrecindeki ba\u015far\u0131s\u0131zl\u0131\u011f\u0131n\u0131z bug\u00fcn turizm sezonunun ba\u015flamas\u0131na engel te\u015fkil etmekte. \u015eu an, Antalya&#8217;da turizm b\u00f6lgelerindeki esnaf\u0131m\u0131z karamsar, her \u015feyini haz\u0131rlad\u0131, d\u00fckk\u00e2n\u0131n\u0131 haz\u0131rlad\u0131, mal\u0131n\u0131 ald\u0131, temizli\u011fini yapt\u0131 ama d\u00fckk\u00e2n\u0131n\u0131 a\u00e7\u0131p a\u00e7amayaca\u011f\u0131n\u0131, a\u00e7sa da ne \u015fekilde \u00e7al\u0131\u015faca\u011f\u0131n\u0131, ne kadar turist gelece\u011fini bilemiyor. \u015eimdi, bak\u0131n, tedbirlerle ilgili a\u00e7\u0131klamalar yap\u0131ld\u0131, saat 10.00 ile 20.00 aras\u0131nda esnaf i\u015f yerlerini a\u00e7abilecek. Bak\u0131n, de\u011ferli arkada\u015flar, turizm b\u00f6lgelerinde esnaf saat 20.00&#8217;den sonra i\u015f yapar \u00e7\u00fcnk\u00fc turist, sabah kalkar kahvalt\u0131s\u0131na yapar, denizine girer, ak\u015fam yeme\u011fini yedikten sonra \u00e7ar\u015f\u0131ya \u00e7\u0131kar, al\u0131\u015fveri\u015f yapmak ister, gezmek ister, esnaf o saatte i\u015f yapar ama siz saat 20.00&#8217;de i\u015f yerlerinin kapanmas\u0131na karar vermi\u015fsiniz, soka\u011fa \u00e7\u0131kan turistin al\u0131\u015fveri\u015f yapaca\u011f\u0131 bir d\u00fckk\u00e2n a\u00e7\u0131k de\u011fil ve esnaf da turisti bekliyor, tam turist gelecek, i\u015f yerleri kapal\u0131. \u015eimdi, bizden bu konuda \u00e7are bekleyen ba\u015fta Antalya&#8217;da olmak \u00fczere turizm b\u00f6lgelerindeki esnaf var. Bu i\u015fyerlerinin a\u00e7\u0131l\u0131\u015f kapan\u0131\u015f saatlerinin yeniden turizm b\u00f6lgelerine g\u00f6re planlanmas\u0131na acil ihtiya\u00e7 var. Buradan, turizm esnaf\u0131n\u0131n sesini duyun diyorum.\u201d diye konu\u015ftu.<\/p>\n<p>&nbsp;<\/p>\n<p><strong>\u00a0<\/strong><\/p>\n<p><strong>\u00a0<\/strong><\/p>\n<p><strong>\u00a0<\/strong><\/p>\n<p><strong>\u201cPANDEM\u0130 S\u00dcREC\u0130N\u0130 DO\u011eRU Y\u00d6NETEMED\u0130N\u0130Z\u201d<\/strong><\/p>\n<p>Milletvekili Ar\u0131, \u201cSiz, Rusya&#8217;y\u0131 ikna etme turuna \u00e7\u0131kt\u0131n\u0131z; Turizm Bakan\u0131 gitti, Cumhurba\u015fkan\u0131 S\u00f6zc\u00fcs\u00fc gitti, Sa\u011fl\u0131k Bakan Yard\u0131mc\u0131s\u0131 gitti. Ruslar\u0131 ikna edecektiniz s\u00f6zde, turist gelsin diye ama maalesef arkan\u0131za baka baka geldiniz. 15 Hazirana kadar maalesef Ruslardan bir umut yok. \u0130n\u015fallah, 15 Hazirandan itibaren bir umut olur da Rus turistler T\u00fcrkiye&#8217;ye gelmeye ba\u015flar. \u0130\u015fte, turistlerin T\u00fcrkiye&#8217;ye gelmeyi\u015finin sebebi de yine sizin bu pandemi s\u00fcrecini do\u011fru y\u00f6netememi\u015f olman\u0131zdan kaynaklanan bir durumdur.\u201d dedi.<\/p>\n<p>&nbsp;<\/p>\n<p><strong>\u201cYAPTI\u011eINIZ \u0130\u015eLER\u0130N\u0130N NEREYE G\u0130DECE\u011e\u0130N\u0130 HESAP ED\u0130N\u201d<\/strong><\/p>\n<p>Yapt\u0131\u011f\u0131n\u0131z her i\u015fin sonucu bir \u015fekilde olumsuz sonu\u00e7lanmakta diyen Ar\u0131, \u201cDaha bundan \u00fc\u00e7 hafta \u00f6nce, 29 Nisan g\u00fcn\u00fc bu saatlerde, bu Mecliste bir karar ald\u0131n\u0131z; 30 Nisan 2021-31 May\u0131s 2021 tarihleri aras\u0131nda \u00e7eklerin ibraz\u0131n\u0131 yasaklad\u0131n\u0131z. \u015eimdi, bunun \u00f6tesini berisini hi\u00e7 d\u00fc\u015f\u00fcnmeden yani b\u00f6yle bir yasaklaman\u0131n ticari hayata ne getirece\u011fini, ne g\u00f6t\u00fcrece\u011fini hesap etmeden, alelacele burada bir karar ald\u0131n\u0131z. Ne oldu? Ertesi g\u00fcn \u00e7ekleri bankaya ibraz etmek b\u00fct\u00fcn \u00e7ek alacakl\u0131lar\u0131n\u0131n hepsi ibraz yasa\u011f\u0131yla kar\u015f\u0131la\u015ft\u0131, ticari hayat\u0131 kilitlediniz. Akabinde, \u00f6\u011fleden sonra Bakanl\u0131k taraf\u0131ndan bir genelge \u00e7\u0131kar\u0131ld\u0131. Bu genelgeyle &#8220;E\u011fer bankalarda hesaplarda para varsa \u00e7ekilebilir.&#8221; genelgesi getirdiniz. Ne oldu? Daha yirmi d\u00f6rt saat bile dolmadan getirdi\u011finiz bir genelgeyle kanuna ayk\u0131r\u0131 d\u00fczenleme yapt\u0131n\u0131z. \u015eimdi, bu torba yasada \u00c7ek Yasas\u0131&#8217;ndaki bu karma\u015f\u0131kl\u0131\u011f\u0131 -yani \u015fu anki genelgeyle- kanuna ayk\u0131r\u0131 durumu d\u00fczeltmeye \u00e7al\u0131\u015f\u0131yorsunuz, \u015fimdi genelgeye uygun kanun \u00e7\u0131karmaya \u00e7al\u0131\u015f\u0131yoruz. Yani biraz hesap edin, yapt\u0131\u011f\u0131n\u0131z i\u015flerin nereye gidece\u011fini, nereye gelece\u011fini bir d\u00fc\u015f\u00fcnmenizde biraz fayda var arkada\u015flar.\u201d diye konu\u015ftu.<\/p>\n<p>&nbsp;<\/p>\n<p><strong>\u201c\u00c7\u0130FT\u00c7\u0130Y\u0130, T\u00dcCCARI ZARARA SOKTUNUZ\u201d<\/strong><\/p>\n<p>On yedi g\u00fcnl\u00fck kapanma karar\u0131 ald\u0131n\u0131z. Ne oldu? On yedi g\u00fcnl\u00fck s\u00fcre i\u00e7erisinde T\u00fcrk \u00e7ift\u00e7isini mahvettiniz, T\u00fcrk \u00e7ift\u00e7isi sizin y\u00fcz\u00fcn\u00fczden ma\u011fdur oldu diyen Ar\u0131, \u201cOn yedi g\u00fcnl\u00fck s\u00fcre i\u00e7erisinde -\u00f6rne\u011fin, Antalya&#8217;da \u00fcr\u00fcnlerin en bol yeti\u015fti\u011fi g\u00fcnler- daha \u00fc\u00e7\u00fcnc\u00fc g\u00fcn haller a\u011fz\u0131na kadar malla doldu. Domates, salatal\u0131k, patl\u0131can, \u00fcr\u00fcnlerle dolu ama al\u0131c\u0131 yok; pazarc\u0131 almak istiyor ama kuraca\u011f\u0131 pazar yok; t\u00fcccar mal almak istiyor, g\u00f6t\u00fcrece\u011fi, sataca\u011f\u0131 pazar yok. Ne oldu? \u00dcretici \u00fcr\u00fcnleri d\u00f6kmek zorunda kald\u0131. Siz, \u015funu d\u00fc\u015f\u00fcnemediniz: Bu on yedi g\u00fcnl\u00fck s\u00fcre i\u00e7erisinde bu \u00fcr\u00fcnlerin, bu \u015fekilde yeti\u015fece\u011fini ve sonu\u00e7ta, bunlar\u0131n sat\u0131lmak zorunda olaca\u011f\u0131 bir pazar kurulmas\u0131 gerekti\u011fini d\u00fc\u015f\u00fcnemediniz ve \u00e7ift\u00e7i, \u00fcretici al\u0131n teriyle yeti\u015ftirdi\u011fi, b\u00fcy\u00fck masraflar yapt\u0131\u011f\u0131 bu \u00fcr\u00fcnleri satacak pazar bulamad\u0131 ve bundan dolay\u0131 b\u00fcy\u00fck zararlar g\u00f6rd\u00fc. Pazarc\u0131 on yedi g\u00fcnl\u00fck s\u00fcre i\u00e7inde al\u0131p ticaret yapamad\u0131, kaybetti; t\u00fcketici de taze ve ucuza alaca\u011f\u0131 bu \u00fcr\u00fcn\u00fc alamad\u0131 ve iki tarafl\u0131 zarar ger\u00e7ekle\u015fti. Neyse ki t\u00fcm bask\u0131lar\u0131m\u0131zla sonu\u00e7ta, sadece cumartesiden cumartesiye pazar kurulabilmesine onay \u00e7\u0131kt\u0131 ve \u00f6yle rahatland\u0131. Bu da sizin geli\u015fmeleri \u00f6ng\u00f6rmedi\u011finizin bir ger\u00e7e\u011fidir. Bu surette siz T\u00fcrk \u00e7ift\u00e7isini zarara soktunuz. Siz, bir taraftan t\u00fcccar\u0131, \u00e7ift\u00e7iyi zarara sokarken insanlar\u0131 da s\u00fcpermarketlere y\u00f6nlerdiniz; a\u00e7\u0131k alanlarda pazar kurulmas\u0131n\u0131 yasaklad\u0131n\u0131z, kapal\u0131 s\u00fcpermarketlerde al\u0131\u015fveri\u015f yapmaya y\u00f6nlendirdiniz.\u201d dedi.<\/p>\n<p>&nbsp;<\/p>\n<p><strong>\u201cESNAF SAYEN\u0130ZDE PER\u0130\u015eAN\u201d<\/strong><\/p>\n<p>Milletvekili Ar\u0131, \u201cSizler bu pandemi s\u00fcrecinde sadece \u00e7ift\u00e7iyi ma\u011fdur etmekle kalmad\u0131n\u0131z. Yakla\u015f\u0131k on d\u00f6rt ayd\u0131r bu \u00fclkede esnaf sayenizde peri\u015fan. Kahveci, kafeci, \u00e7ay bah\u00e7esi i\u015fletmesi, kantin i\u015fletmesi, personel servislerini ta\u015f\u0131yanlar, d\u00fc\u011f\u00fcn salonlar\u0131, \u00f6\u011frenci yurtlar\u0131, hamamlar yakla\u015f\u0131k bir y\u0131ld\u0131r kapal\u0131. 2020 y\u0131l\u0131nda her g\u00fcn ortalama en az 273 esnaf iflas etmi\u015f oldu. 2020 y\u0131l\u0131nda toplamda 80 bin 166 esnaf sicil terkini ger\u00e7ekle\u015ftirirken, 19 bin 422 esnaf ise meslek terkini ger\u00e7ekle\u015ftirdi. 2019 y\u0131l\u0131nda ise bu oran 114 bindi, yani son iki y\u0131lda (2019 ve 2020 y\u0131llar\u0131) toplamda en az 213 bin esnaf sicilden ve meslekten terkini yaparak kepenk kapatm\u0131\u015f oldu. 2020 y\u0131l\u0131nda; \u0130stanbul&#8217;da 9 bin 587 esnaf, \u0130zmir&#8217;de 6 bin 537 esnaf, Ankara&#8217;da 5 bin 586 esnaf, Antalya&#8217;da 4 bin 735 esnaf Bursa&#8217;da 3 bin 993 esnaf, sicil ve meslek terkinini yaparak kepenk kapatt\u0131. Bu konularda do\u011fru d\u00fczg\u00fcn bir d\u00fczenleme yapamad\u0131n\u0131z, bu s\u00fcre i\u00e7erisinde bu esnaf kesimini destekleyemediniz. Aradan on d\u00f6rt ay ge\u00e7ti, biz Cumhuriyet Halk Partisi olarak -ba\u015fta Say\u0131n Genel Ba\u015fkan\u0131m\u0131z olmak \u00fczere, b\u00fct\u00fcn milletvekilleriyle- bu esnafa destek verilmesi gerekti\u011fini ifade ettik. Destek veremediniz, on d\u00f6rt ay sonra akl\u0131n\u0131za geldi, i\u015fte \u015fimdi l\u00fctufmu\u015f gibi destek a\u00e7\u0131klamas\u0131 yapt\u0131n\u0131z. \u0130\u015f i\u015ften ge\u00e7ti, bu insanlar peri\u015fan oldu, bu insanlar batt\u0131, \u015fimdi 5 bin liray\u0131 verseniz ne vermeseniz ne! Bak\u0131n, bu \u00fclkede kaportac\u0131lar\u0131, tamircileri, seyyar sat\u0131c\u0131lar\u0131 ve \u00f6zellikle m\u00fczisyenleri ma\u011fdur ettiniz; 100&#8217;e yak\u0131n m\u00fczisyen intihar etti. Bu i\u015fleri beceremediniz, bu s\u00fcre i\u00e7erisinde gerekli destekleri veremediniz. Y\u0131l i\u00e7erisinde d\u00fczenli destek vermeniz gereken bu esnaf kesimine, aradan tam bir y\u0131l ge\u00e7ti, \u015fimdi l\u00fctufmu\u015f gibi 3 bin TL destek sa\u011flayabildiniz.\u201d dedi.<\/p>\n<p>&nbsp;<\/p>\n<p>Ar\u0131 konu\u015fmas\u0131n\u0131 <strong>\u201cK\u0131sacas\u0131, sizler bu s\u00fcre i\u00e7erisinde esnaf\u0131m\u0131z\u0131 da, \u00e7ift\u00e7imizi de, i\u015f\u00e7iyi de, i\u015fsizi de, emekliyi de ma\u011fdur ettiniz. Bu millet size hakk\u0131n\u0131 helal etmiyor.\u201d<\/strong> diyerek tamamlad\u0131.<\/p>\n<p><iframe loading=\"lazy\" width=\"560\" height=\"315\" src=\"https:\/\/www.youtube.com\/embed\/rMVsQ8Zwkjs\" title=\"YouTube video player\" frameborder=\"0\" allow=\"accelerometer; autoplay; clipboard-write; encrypted-media; gyroscope; picture-in-picture\" allowfullscreen><\/iframe><\/p>\n","protected":false},"excerpt":{"rendered":"<p>\u201cBU M\u0130LLET S\u0130ZE HAKKINI HELAL ETM\u0130YOR\u201d &nbsp; TBMM Plan ve B\u00fct\u00e7e Komisyonu \u00fcyesi CHP Antalya Milletvekili Av.Cavit Ar\u0131, d\u00fcn TBMM Genel Kurulunda g\u00f6r\u00fc\u015f\u00fclen torba kanun teklifi \u00fczerine CHP Grubu ad\u0131na konu\u015ftu. Milletvekili Ar\u0131, \u201cSizler bu s\u00fcre i\u00e7erisinde esnaf\u0131m\u0131z\u0131 da, \u00e7ift\u00e7imizi de, i\u015f\u00e7iyi de, i\u015fsizi de, emekliyi de ma\u011fdur ettiniz. Bu millet size hakk\u0131n\u0131 helal etmiyor.\u201d [&hellip;]<\/p>\n","protected":false},"author":1,"featured_media":18324,"comment_status":"closed","ping_status":"open","sticky":false,"template":"","format":"standard","meta":[],"categories":[63,35],"tags":[],"amp_enabled":true,"_links":{"self":[{"href":"https:\/\/chpantalya.com\/index.php?rest_route=\/wp\/v2\/posts\/22514"}],"collection":[{"href":"https:\/\/chpantalya.com\/index.php?rest_route=\/wp\/v2\/posts"}],"about":[{"href":"https:\/\/chpantalya.com\/index.php?rest_route=\/wp\/v2\/types\/post"}],"author":[{"embeddable":true,"href":"https:\/\/chpantalya.com\/index.php?rest_route=\/wp\/v2\/users\/1"}],"replies":[{"embeddable":true,"href":"https:\/\/chpantalya.com\/index.php?rest_route=%2Fwp%2Fv2%2Fcomments&post=22514"}],"version-history":[{"count":0,"href":"https:\/\/chpantalya.com\/index.php?rest_route=\/wp\/v2\/posts\/22514\/revisions"}],"wp:featuredmedia":[{"embeddable":true,"href":"https:\/\/chpantalya.com\/index.php?rest_route=\/wp\/v2\/media\/18324"}],"wp:attachment":[{"href":"https:\/\/chpantalya.com\/index.php?rest_route=%2Fwp%2Fv2%2Fmedia&parent=22514"}],"wp:term":[{"taxonomy":"category","embeddable":true,"href":"https:\/\/chpantalya.com\/index.php?rest_route=%2Fwp%2Fv2%2Fcategories&post=22514"},{"taxonomy":"post_tag","embeddable":true,"href":"https:\/\/chpantalya.com\/index.php?rest_route=%2Fwp%2Fv2%2Ftags&post=22514"}],"curies":[{"name":"wp","href":"https:\/\/api.w.org\/{rel}","templated":true}]}}