{"id":22517,"date":"2021-05-21T12:34:03","date_gmt":"2021-05-21T09:34:03","guid":{"rendered":"http:\/\/chpantalya.com\/?p=22517"},"modified":"2021-05-21T12:34:03","modified_gmt":"2021-05-21T09:34:03","slug":"belediyemiz-hem-ureticiyi-hem-tuketiciyi-gulduruyor","status":"publish","type":"post","link":"https:\/\/chpantalya.com\/?p=22517","title":{"rendered":"\u201cBELED\u0130YEM\u0130Z HEM \u00dcRET\u0130C\u0130Y\u0130 HEM T\u00dcKET\u0130C\u0130Y\u0130 G\u00dcLD\u00dcR\u00dcYOR\u201d"},"content":{"rendered":"<p>\u00dclkemizde 21 May\u0131s\u2019ta kutlanan D\u00fcnya S\u00fct G\u00fcn\u00fc dolay\u0131s\u0131yla s\u00fct \u00fcreticilerinin sorunlar\u0131na de\u011finen CHP Antalya \u0130l Ba\u015fkan\u0131 Nuri Cengiz, Antalya B\u00fcy\u00fck\u015fehir Belediyesi\u2019nin y\u00fcr\u00fctt\u00fc\u011f\u00fc Halk S\u00fct projesinden \u201cHem \u00fcreticinin, hem t\u00fcketicinin y\u00fcz\u00fcn\u00fc g\u00fcld\u00fcren \u00f6nemli bir proje\u201d diye bahsetti<\/p>\n<p>T\u00fcm d\u00fcnyan\u0131n 1 Haziran\u2019da kutlad\u0131\u011f\u0131, \u00fclkemizde ise 21 May\u0131s\u2019ta kutlanan D\u00fcnya S\u00fct G\u00fcn\u00fc dolay\u0131s\u0131yla \u00fclkemizdeki s\u00fct \u00fcreticilerinin AKP d\u00f6neminde ya\u015fad\u0131\u011f\u0131 zorluklara de\u011finen CHP Antalya \u0130l Ba\u015fkan\u0131 Nuri Cengiz, Muhittin B\u00f6cek\u2019in se\u00e7im vaatleri aras\u0131nda bulunan ve Antalya B\u00fcy\u00fck\u015fehir Belediyesi\u2019nin ba\u015far\u0131yla y\u00fcr\u00fctt\u00fc\u011f\u00fc Halk S\u00fct projesinden de \u00f6vg\u00fcyle bahsetti. Ba\u015fkan Nuri Cengiz\u2019in yay\u0131nlad\u0131\u011f\u0131 mesaj\u0131n tamam\u0131nda \u015fu ifadeler yer ald\u0131;<br \/>\n\u201c1 y\u0131l\u0131 a\u015fk\u0131n s\u00fcredir i\u00e7erisinde bulundu\u011fumuz pandemi s\u00fcreci, t\u00fcm \u00fcretim sekt\u00f6rlerinde oldu\u011fu gibi s\u00fct \u00fcretiminde de ne yaz\u0131k ki olumsuz etkiler yaratt\u0131.<br \/>\nGerek okullar\u0131n kapal\u0131 olmas\u0131, gerek turizmin verimli i\u015flemiyor olmas\u0131 dolay\u0131s\u0131yla s\u00fct \u00fcreticileri olduk\u00e7a zor zamanlardan ge\u00e7mekte. Bu nedenle s\u00fct \u00fcreticilerimizin \u00fcz\u00fcnt\u00fcs\u00fcn\u00fc derinden payla\u015f\u0131yor, 21 May\u0131s D\u00fcnya S\u00fct G\u00fcn\u00fc\u2019n\u00fc buruk bir sevin\u00e7le kutluyorum.<br \/>\nS\u00fct ve s\u00fct \u00fcr\u00fcnlerinin, \u00f6zellikle \u00e7ocuklar\u0131m\u0131z\u0131n fiziksel ve zihinsel geli\u015fimlerinde yaratt\u0131\u011f\u0131 etki yads\u0131namaz. Hayvansal protein ihtiyac\u0131n\u0131 b\u00fcy\u00fck \u00f6l\u00e7\u00fcde kar\u015f\u0131layan s\u00fct ve s\u00fct \u00fcr\u00fcnleri, her ya\u015ftan insan grubu i\u00e7in olduk\u00e7a \u00f6nemli bir besin kayna\u011f\u0131d\u0131r.<br \/>\nHayvanc\u0131l\u0131k ve imalat a\u00e7\u0131s\u0131ndan ekonomimize de b\u00fcy\u00fck katk\u0131 sa\u011flayan s\u00fct ve s\u00fct \u00fcr\u00fcnleri, her ne kadar insan\u0131m\u0131z i\u00e7in b\u00fcy\u00fck \u00f6nem arz etse de; ne yaz\u0131k ki AKP h\u00fck\u00fcmetinin bir\u00e7ok g\u0131da malzemesinde izledi\u011fi politika gibi \u00fcretimini desteklemekten geri durdu\u011fu bir sekt\u00f6rd\u00fcr.<br \/>\nBu anlamda s\u00fct\u00fcn \u00f6nemini bilen, \u00fcreticiye ve t\u00fcketiciye gereken de\u011feri veren bir yap\u0131ya sahip olarak Cumhuriyet Halk Partisi, yerel y\u00f6netimlerinde \u00e7e\u015fitli projelerle \u00fcretici ve t\u00fcketici aras\u0131nda k\u00f6pr\u00fc olu\u015fturmakta.<br \/>\nBu politikay\u0131 ise en ba\u015far\u0131l\u0131 y\u00fcr\u00fcten belediyelerimizin ba\u015f\u0131nda Antalya B\u00fcy\u00fck\u015fehir Belediyemiz gelmektedir.<br \/>\n31 Mart se\u00e7imleri \u00f6ncesinde verdi\u011fi s\u00f6zleri bir bir yerine getiren Muhittin B\u00f6cek Ba\u015fkan\u0131m\u0131z\u0131n se\u00e7im vaatleri aras\u0131nda bulunan Halk S\u00fct projesi, olduk\u00e7a ba\u015far\u0131l\u0131 bir bi\u00e7imde y\u00fcr\u00fct\u00fclmekte.<br \/>\nB\u00fcy\u00fck\u015fehir Belediyemiz; Halk S\u00fct projesi kapsam\u0131nda Dam\u0131zl\u0131k S\u0131\u011f\u0131r Yeti\u015ftiricileri Birli\u011fi arac\u0131l\u0131\u011f\u0131yla \u00fcreticiden ald\u0131\u011f\u0131 s\u00fct\u00fc, ihtiya\u00e7 sahibi ailelerle bulu\u015fturmakta.<br \/>\n5 ya\u015f\u0131n alt\u0131ndaki \u00e7ocuklar\u0131n sa\u011fl\u0131kl\u0131 geli\u015fimini hedef alan proje kapsam\u0131nda her aileye ayl\u0131k 8 litre s\u00fct tedarik edilmektedir.<br \/>\nG\u00fcn ge\u00e7tik\u00e7e h\u0131z kazanan, daha geni\u015f \u00fcretim ve t\u00fcketim a\u011f\u0131na ula\u015fan projede; 2021 y\u0131l\u0131n\u0131n ilk 6 ay\u0131 i\u00e7in ayl\u0131k 80 bin litre s\u00fct da\u011f\u0131t\u0131m\u0131 planlanm\u0131\u015f ve planland\u0131\u011f\u0131 gibi uygulanmaktad\u0131r.<br \/>\nG\u00fcn\u00fcm\u00fcz T\u00fcrkiye\u2019sinde, AKP iktidar\u0131n\u0131n g\u00f6rmezden geldi\u011fi, sahipsiz b\u0131rakt\u0131\u011f\u0131 \u00fcreticiye birinci elden ula\u015fan Antalya B\u00fcy\u00fck\u015fehir Belediyemiz; hem pandemi dolay\u0131s\u0131yla zor g\u00fcnler ge\u00e7iren \u00fcreticinin, hem de k\u00f6t\u00fc giden ekonomik ko\u015fullar gere\u011fi s\u00fcte eri\u015fimi zor olan ailelerin y\u00fcz\u00fcn\u00fc g\u00fcld\u00fcr\u00fcyor.<br \/>\n<a href=\"https:\/\/chpantalya.com\/?attachment_id=22518\" rel=\"attachment wp-att-22518\"><img loading=\"lazy\" class=\"alignleft size-medium wp-image-22518\" src=\"https:\/\/chpantalya.com\/wp-content\/uploads\/2021\/05\/2-1-300x200.jpg\" alt=\"\" width=\"300\" height=\"200\" srcset=\"https:\/\/chpantalya.com\/wp-content\/uploads\/2021\/05\/2-1-300x200.jpg 300w, https:\/\/chpantalya.com\/wp-content\/uploads\/2021\/05\/2-1.jpg 550w\" sizes=\"(max-width: 300px) 100vw, 300px\" \/><\/a>B\u00f6ylesi \u00f6nemli bir g\u0131da maddesini, \u00fcretimin desteklenmesi anlam\u0131nda da olduk\u00e7a fayda sa\u011flayarak t\u00fcketiciyle bulu\u015fturulmas\u0131nda \u00f6nc\u00fcl\u00fck eden; ba\u015fta B\u00fcy\u00fck\u015fehir Belediye Ba\u015fkan\u0131m\u0131z Muhittin B\u00f6cek olmak \u00fczere, t\u00fcm b\u00fcy\u00fck\u015fehir belediyesi emek\u00e7ilerimize te\u015fekk\u00fcr ediyorum.<br \/>\nCumhuriyet Halk Partisi var oldu\u011fu s\u00fcrece; halka hizmet devam edecektir!<br \/>\nBug\u00fcn yerel y\u00f6netimlerde sahip oldu\u011fumuz iktidar, halk\u0131n belediyeleri olarak halk i\u00e7in nas\u0131l \u00e7al\u0131\u015f\u0131yor ise; T\u00fcrkiye genelinde bizleri bekleyen iktidar da yaln\u0131z halk i\u00e7in \u00e7al\u0131\u015facak, halka hizmet i\u00e7in var olacakt\u0131r!\u201d<\/p>\n","protected":false},"excerpt":{"rendered":"<p>\u00dclkemizde 21 May\u0131s\u2019ta kutlanan D\u00fcnya S\u00fct G\u00fcn\u00fc dolay\u0131s\u0131yla s\u00fct \u00fcreticilerinin sorunlar\u0131na de\u011finen CHP Antalya \u0130l Ba\u015fkan\u0131 Nuri Cengiz, Antalya B\u00fcy\u00fck\u015fehir Belediyesi\u2019nin y\u00fcr\u00fctt\u00fc\u011f\u00fc Halk S\u00fct projesinden \u201cHem \u00fcreticinin, hem t\u00fcketicinin y\u00fcz\u00fcn\u00fc g\u00fcld\u00fcren \u00f6nemli bir proje\u201d diye bahsetti T\u00fcm d\u00fcnyan\u0131n 1 Haziran\u2019da kutlad\u0131\u011f\u0131, \u00fclkemizde ise 21 May\u0131s\u2019ta kutlanan D\u00fcnya S\u00fct G\u00fcn\u00fc dolay\u0131s\u0131yla \u00fclkemizdeki s\u00fct \u00fcreticilerinin AKP d\u00f6neminde [&hellip;]<\/p>\n","protected":false},"author":1,"featured_media":22522,"comment_status":"closed","ping_status":"open","sticky":false,"template":"","format":"standard","meta":[],"categories":[58],"tags":[],"amp_enabled":true,"_links":{"self":[{"href":"https:\/\/chpantalya.com\/index.php?rest_route=\/wp\/v2\/posts\/22517"}],"collection":[{"href":"https:\/\/chpantalya.com\/index.php?rest_route=\/wp\/v2\/posts"}],"about":[{"href":"https:\/\/chpantalya.com\/index.php?rest_route=\/wp\/v2\/types\/post"}],"author":[{"embeddable":true,"href":"https:\/\/chpantalya.com\/index.php?rest_route=\/wp\/v2\/users\/1"}],"replies":[{"embeddable":true,"href":"https:\/\/chpantalya.com\/index.php?rest_route=%2Fwp%2Fv2%2Fcomments&post=22517"}],"version-history":[{"count":0,"href":"https:\/\/chpantalya.com\/index.php?rest_route=\/wp\/v2\/posts\/22517\/revisions"}],"wp:featuredmedia":[{"embeddable":true,"href":"https:\/\/chpantalya.com\/index.php?rest_route=\/wp\/v2\/media\/22522"}],"wp:attachment":[{"href":"https:\/\/chpantalya.com\/index.php?rest_route=%2Fwp%2Fv2%2Fmedia&parent=22517"}],"wp:term":[{"taxonomy":"category","embeddable":true,"href":"https:\/\/chpantalya.com\/index.php?rest_route=%2Fwp%2Fv2%2Fcategories&post=22517"},{"taxonomy":"post_tag","embeddable":true,"href":"https:\/\/chpantalya.com\/index.php?rest_route=%2Fwp%2Fv2%2Ftags&post=22517"}],"curies":[{"name":"wp","href":"https:\/\/api.w.org\/{rel}","templated":true}]}}