{"id":22537,"date":"2021-05-31T17:50:58","date_gmt":"2021-05-31T14:50:58","guid":{"rendered":"http:\/\/chpantalya.com\/?p=22537"},"modified":"2021-05-31T17:50:58","modified_gmt":"2021-05-31T14:50:58","slug":"tarihini-ve-haddini-bilmezler","status":"publish","type":"post","link":"https:\/\/chpantalya.com\/?p=22537","title":{"rendered":"\u201cTAR\u0130H\u0130N\u0130 VE HADD\u0130N\u0130 B\u0130LMEZLER!\u201d"},"content":{"rendered":"<p>&nbsp;<\/p>\n<p>Cumhuriyet Halk Partisi Antalya \u0130l Ba\u015fkan\u0131 Nuri Cengiz, ge\u00e7ti\u011fimiz g\u00fcn Ayasofya\u2019da Atat\u00fcrk hedef al\u0131narak lanet okuyan imam Demirkan ve AKP\u2019ye kar\u015f\u0131 sert ele\u015ftirilerde bulundu. Ba\u015fkan Cengiz, \u201cHak, hukuk tan\u0131maz, tarihini ve haddini bilmez bir \u00fcslupla \u00fclkemizi itibars\u0131zla\u015ft\u0131rd\u0131rlar\u201d dedi<\/p>\n<p>Ge\u00e7ti\u011fimiz ak\u015fam Ayasofya\u2019daki programda imam Mustafa Demirkan\u2019\u0131n Atat\u00fcrk\u2019e y\u00f6nelik hakaret ve lanet i\u00e7eren c\u00fcmleler kurmas\u0131 ve o esnada orada bulunan Cumhurba\u015fkan\u0131 Erdo\u011fan\u2019\u0131n olanlara kay\u0131ts\u0131z kalmas\u0131 \u00fczerine tepkiler b\u00fcy\u00fcrken; konuyla alakal\u0131 Cumhuriyet Halk Partisi Antalya \u0130l Ba\u015fkan\u0131 Nuri Cengiz\u2019den de sert ele\u015ftriler geldi. AKP\u2019nin Cumhuriyet\u2019in kurucu de\u011ferlerine kar\u015f\u0131 kara bir propaganda y\u00fcr\u00fctt\u00fc\u011f\u00fcn\u00fc ileri s\u00fcren Ba\u015fkan Cengiz, sergilenen \u00fcslubu \u201cHak, hukuk tan\u0131maz, tarihini ve haddini bilmez\u201d olarak tan\u0131mlad\u0131. Ba\u015fkan Cengiz\u2019in a\u00e7\u0131klamas\u0131n\u0131n tamam\u0131nda \u015fu ifadeler yer ald\u0131;<\/p>\n<p>\u201cCumhuriyet\u2019e ve Cumhuriyet\u2019in kurucu de\u011ferlerine kar\u015f\u0131 AKP h\u00fck\u00fcmetinin, g\u00f6reve geldikleri g\u00fcnden bu yana y\u00fcr\u00fctt\u00fc\u011f\u00fc d\u00fc\u015fmanca tavr\u0131 son y\u0131llarda a\u00e7\u0131k\u00e7a sergiledi\u011fini g\u00f6rmekteyiz.<\/p>\n<p>Ayasofya&#8217;da ger\u00e7ekle\u015fen Fetih etkinliklerinde; yine Mustafa Kemal Atat\u00fcrk&#8217;e lanet okuyup &#8220;kafir&#8221; ilan ettiler.<\/p>\n<p>T\u00fcm bunlar Cumhurba\u015fkan\u0131, AKP Genel Ba\u015fkan\u0131 Erdo\u011fan&#8217;\u0131n g\u00f6zlerinin \u00f6n\u00fcnde oldu. Devletin ba\u015f\u0131ndaki isim, devletin kurucusuna zalim ve kafir diye hakaret edilmesine nas\u0131l izin verir! Bu s\u00f6zler Atat\u00fcrk&#8217;\u00fcn kurdu\u011fu T\u00fcrkiye Cumhuriyeti&#8217;nin ba\u015f\u0131nda olan insan i\u00e7in nas\u0131l sorun te\u015fkil etmez anlamak m\u00fcmk\u00fcn de\u011fil!<\/p>\n<p>\u00dcstelik Ulu \u00d6nderimiz Gazi Mustafa Kemal Atat\u00fcrk\u2019e lanet okuyan Mustafa Demirkan isimli \u015fahs\u0131n, Cumhurba\u015fkan\u0131 Erdo\u011fan\u2019\u0131n yak\u0131n arkada\u015f\u0131 oldu\u011fu bilinirken, Y\u00d6K Ba\u015fkan\u0131n\u0131n da kay\u0131npederi oldu\u011fu ortaya \u00e7\u0131kt\u0131! Ayr\u0131ca bu \u015fahs\u0131n, diyanet i\u015flerindeki atamalarda da \u00f6nc\u00fc rol oynad\u0131\u011f\u0131 iddia edilmekte!<\/p>\n<p>A\u00e7\u0131k\u00e7a g\u00f6r\u00fclmektedir ki bu zihniyet; planl\u0131 bir \u015fekilde devletin t\u00fcm birimlerinde y\u00f6netimlerden ba\u015flamak \u00fczere b\u00fct\u00fcn kadrolara s\u0131zm\u0131\u015f ve a\u00e7\u0131k bir kara propaganda y\u00fcr\u00fctmektedir!<\/p>\n<p>Bu milletin k\u00fcllerinden do\u011farak yeni bir devlet kurmas\u0131na ve kurulan devletin k\u0131sa s\u00fcre i\u00e7erisinde t\u00fcm d\u00fcnyada sayg\u0131nl\u0131k kazanmas\u0131na liderlik etmi\u015f olan Atat\u00fcrk ba\u015fta olmak \u00fczere t\u00fcm kurucu de\u011ferlerimize her f\u0131rsatta dil uzatanlar, liyakati hi\u00e7e sayarak b\u00fcy\u00fck T\u00fcrkiye Cumhuriyeti Devletini resmen aile \u015firketine \u00e7evirmi\u015fler ve hak, hukuk tan\u0131maz, tarihini ve haddini bilmez \u00fcsluplar\u0131yla \u00fclkemizi itibars\u0131zla\u015ft\u0131rm\u0131\u015flard\u0131r!<\/p>\n<p>Kendileri gibi d\u00fc\u015f\u00fcnmeyenleri kafir, zalim, ter\u00f6rist ilan eden bu zihniyet, toplumda derinle\u015fen bir kutupla\u015fmaya, tahamm\u00fcls\u00fczl\u00fck ve d\u00fc\u015fmanl\u0131\u011fa yol a\u00e7maktad\u0131r!<\/p>\n<p>Bu \u00fclkede Kurucu de\u011ferlerini bilen, seven, sayg\u0131 duyan insanlar\u0131n, \u00f6zellikle gen\u00e7 nesillerin fikirlerine, geleceklerine, ya\u015fam tarzlar\u0131na en ufak sayg\u0131 g\u00f6stermeyen AKP zihniyeti; bu \u00fclkenin gelece\u011fini de anti-demokratik uygulamalarla, yaln\u0131zca yanda\u015flara hizmet eden yat\u0131r\u0131mlarla, 128 milyar dolarl\u0131k rezervle beraber yok edip; geriye koskocaman bir enkaz b\u0131rakmakta kararl\u0131!<\/p>\n<p>S\u00f6z\u00fcm\u00fcz s\u00f6z! Cumhuriyet Halk Partisi olarak halk\u0131n iktidar\u0131n\u0131 kurdu\u011fumuzda; gen\u00e7lerin gelece\u011fe umutla bakabilecekleri, toplumun t\u00fcm de\u011ferlerine sayg\u0131l\u0131, liyakati demokratik, laik ve \u00e7a\u011fda\u015f T\u00fcrkiye Cumhuriyet\u2019ini yeniden in\u015fa edece\u011fiz!\u201d<\/p>\n","protected":false},"excerpt":{"rendered":"<p>&nbsp; Cumhuriyet Halk Partisi Antalya \u0130l Ba\u015fkan\u0131 Nuri Cengiz, ge\u00e7ti\u011fimiz g\u00fcn Ayasofya\u2019da Atat\u00fcrk hedef al\u0131narak lanet okuyan imam Demirkan ve AKP\u2019ye kar\u015f\u0131 sert ele\u015ftirilerde bulundu. Ba\u015fkan Cengiz, \u201cHak, hukuk tan\u0131maz, tarihini ve haddini bilmez bir \u00fcslupla \u00fclkemizi itibars\u0131zla\u015ft\u0131rd\u0131rlar\u201d dedi Ge\u00e7ti\u011fimiz ak\u015fam Ayasofya\u2019daki programda imam Mustafa Demirkan\u2019\u0131n Atat\u00fcrk\u2019e y\u00f6nelik hakaret ve lanet i\u00e7eren c\u00fcmleler kurmas\u0131 ve [&hellip;]<\/p>\n","protected":false},"author":1,"featured_media":22522,"comment_status":"closed","ping_status":"open","sticky":false,"template":"","format":"standard","meta":[],"categories":[58],"tags":[],"amp_enabled":true,"_links":{"self":[{"href":"https:\/\/chpantalya.com\/index.php?rest_route=\/wp\/v2\/posts\/22537"}],"collection":[{"href":"https:\/\/chpantalya.com\/index.php?rest_route=\/wp\/v2\/posts"}],"about":[{"href":"https:\/\/chpantalya.com\/index.php?rest_route=\/wp\/v2\/types\/post"}],"author":[{"embeddable":true,"href":"https:\/\/chpantalya.com\/index.php?rest_route=\/wp\/v2\/users\/1"}],"replies":[{"embeddable":true,"href":"https:\/\/chpantalya.com\/index.php?rest_route=%2Fwp%2Fv2%2Fcomments&post=22537"}],"version-history":[{"count":0,"href":"https:\/\/chpantalya.com\/index.php?rest_route=\/wp\/v2\/posts\/22537\/revisions"}],"wp:featuredmedia":[{"embeddable":true,"href":"https:\/\/chpantalya.com\/index.php?rest_route=\/wp\/v2\/media\/22522"}],"wp:attachment":[{"href":"https:\/\/chpantalya.com\/index.php?rest_route=%2Fwp%2Fv2%2Fmedia&parent=22537"}],"wp:term":[{"taxonomy":"category","embeddable":true,"href":"https:\/\/chpantalya.com\/index.php?rest_route=%2Fwp%2Fv2%2Fcategories&post=22537"},{"taxonomy":"post_tag","embeddable":true,"href":"https:\/\/chpantalya.com\/index.php?rest_route=%2Fwp%2Fv2%2Ftags&post=22537"}],"curies":[{"name":"wp","href":"https:\/\/api.w.org\/{rel}","templated":true}]}}