{"id":22539,"date":"2021-06-03T10:59:08","date_gmt":"2021-06-03T07:59:08","guid":{"rendered":"http:\/\/chpantalya.com\/?p=22539"},"modified":"2021-06-03T10:59:08","modified_gmt":"2021-06-03T07:59:08","slug":"derekoyde-skandal-karar","status":"publish","type":"post","link":"https:\/\/chpantalya.com\/?p=22539","title":{"rendered":"\u201cDEREK\u00d6Y\u2019DE SKANDAL KARAR!\u201d"},"content":{"rendered":"<p>TBMM Plan ve B\u00fct\u00e7e Komisyonu \u00fcyesi, CHP Antalya Milletvekili Av. Cavit Ar\u0131, \u201cAntalya \u0130li Korkuteli \u0130l\u00e7esi, Derek\u00f6y Yaylas\u0131nda a\u00e7\u0131lmas\u0131 planlanan k\u00f6m\u00fcr madeni oca\u011f\u0131na ili\u015fkin olarak Antalya Valili\u011fi, \u00c7evre ve \u015eehircilik \u0130l M\u00fcd\u00fcrl\u00fc\u011f\u00fcn\u00fcn 18.05.2021 tarihli yaz\u0131s\u0131yla hukuka ayk\u0131r\u0131 <strong>\u201c\u00c7evresel Etki De\u011ferlendirilmesi (\u00c7ED) Gerekli De\u011fildir\u201d<\/strong> karar\u0131 vermi\u015f olmas\u0131 tek kelimeyle SKANDAL\u2019d\u0131r.\u201d diyerek sert bir \u015fekilde tepki g\u00f6sterdi.<\/p>\n<p>Milletvekili Ar\u0131, \u201cDerek\u00f6y halk\u0131 bu projeye en ba\u015f\u0131ndan beri kar\u015f\u0131, ya\u015fam kaynaklar\u0131n\u0131n tam ortas\u0131na adeta han\u00e7er gibi saplanm\u0131\u015f bir k\u00f6m\u00fcr madeni oca\u011f\u0131 istemiyorlar. Tar\u0131m topraklar\u0131n\u0131 korumas\u0131 gereken \u201cToprak Koruma Kurulu\u201d 340 d\u00f6n\u00fcm\u00fc \u201cSulu Mutlak Tar\u0131m Arazisi\u201d 55 d\u00f6n\u00fcm\u00fc \u201cDikili Tar\u0131m Alan\u0131\u201d olarak ifade ettikleri bu alana k\u00f6m\u00fcr madeni oca\u011f\u0131 a\u00e7\u0131lmas\u0131n\u0131 evet demi\u015flerdi. \u00c7evre Bakanl\u0131\u011f\u0131nda \u00c7ED s\u00fcrecinin ba\u015flat\u0131ld\u0131\u011f\u0131 duyurusu yap\u0131lm\u0131\u015f bu alanla ilgili al\u0131nan son kararla \u00c7ED raporu dahi almaya gerek g\u00f6r\u00fclmemi\u015ftir. Bu karar\u0131n al\u0131nmas\u0131n\u0131 sa\u011flayan g\u00fc\u00e7 nereden gelmektedir? Bu karar\u0131n al\u0131nmas\u0131n\u0131 sa\u011flayan iktidar g\u00fcc\u00fc m\u00fcd\u00fcr? Tar\u0131m topraklar\u0131 i\u00e7in, su kaynaklar\u0131 i\u00e7in, hayvanc\u0131l\u0131k i\u00e7in, tarihi alanlar i\u00e7in bu kadar tehlike ta\u015f\u0131yan bir projede, bu karar\u0131 kimler ald\u0131rm\u0131\u015ft\u0131r? Bu s\u00fcrecin sorumlusu AKP iktidar\u0131d\u0131r. Halk\u0131, \u00e7ift\u00e7iyi, \u00fcreticiyi, tar\u0131m topraklar\u0131n\u0131, su kaynaklar\u0131n\u0131 de\u011fil sermayeyi ve \u00e7evre katliam\u0131n\u0131 tercih etmi\u015flerdir.\u201d dedi.<\/p>\n<p>\u00c7ED gerekli de\u011fildir karar\u0131yla Derek\u00f6y bir \u00e7evre cinayetine kurban edilecektir diyen Ar\u0131, \u201cA\u00e7\u0131lacak k\u00f6m\u00fcr oca\u011f\u0131n\u0131n do\u011fal yap\u0131y\u0131, bio-\u00e7e\u015fitlili\u011fi, ekolojik dengeyi bozacak vas\u0131fta oldu\u011fu, b\u00f6lgedeki floraya, toprak yap\u0131s\u0131na, yer alt\u0131 su kaynaklar\u0131n\u0131n kirlenmesine, y\u00fczeysel su kaynaklar\u0131n\u0131n kurumas\u0131na, \u00e7evre arazilerinin de\u011ferinin d\u00fc\u015fmesine, tar\u0131mda verim kayb\u0131na, b\u00f6lgede mevcut hayvanc\u0131l\u0131\u011f\u0131n zarar g\u00f6rmesine yol a\u00e7aca\u011f\u0131 \u00e7ok nettir. Bu nedenle \u201c\u00c7ED GEREKL\u0130 DE\u011e\u0130LD\u0130R\u201d karar\u0131 hukuka a\u00e7\u0131k\u00e7a ayk\u0131r\u0131d\u0131r.\u201d dedi.<\/p>\n<p>Milletvekili Ar\u0131 s\u00f6zlerini \u201cBurada herhangi bir \u015fekilde maden oca\u011f\u0131 a\u00e7\u0131lmas\u0131 demek, buradaki 5 bin d\u00f6n\u00fcml\u00fck \u00e7evre ile beraber 11 bin d\u00f6n\u00fcml\u00fck tar\u0131m alan\u0131n yok olmas\u0131 demek. Su kaynaklar\u0131n\u0131n yok olmas\u0131 demek. Tarihi eserlerin yok olmas\u0131 demek anlam\u0131na gelecektir. O nedenle biz Derek\u00f6y\u2019de maden oca\u011f\u0131 a\u00e7\u0131lmas\u0131na kesinlikle kar\u015f\u0131y\u0131z. Bunun kesinlikle \u00f6n\u00fcne ge\u00e7mek durumunday\u0131z. Buradan bir kez daha yetkililere seslenmek istiyorum. \u0130ktidar sahipleri burada maden oca\u011f\u0131 a\u00e7\u0131lmas\u0131n\u0131n \u00f6n\u00fcne ge\u00e7mek zorundalar. Aksi halde bunun t\u00fcm sorumlulu\u011fu onlar\u0131n \u00fczerlerinde olacakt\u0131r. Gen\u00e7lerimizin vebali onlar\u0131n omuzlar\u0131nda olacakt\u0131r\u201d diyerek tamamlad\u0131.<\/p>\n","protected":false},"excerpt":{"rendered":"<p>TBMM Plan ve B\u00fct\u00e7e Komisyonu \u00fcyesi, CHP Antalya Milletvekili Av. Cavit Ar\u0131, \u201cAntalya \u0130li Korkuteli \u0130l\u00e7esi, Derek\u00f6y Yaylas\u0131nda a\u00e7\u0131lmas\u0131 planlanan k\u00f6m\u00fcr madeni oca\u011f\u0131na ili\u015fkin olarak Antalya Valili\u011fi, \u00c7evre ve \u015eehircilik \u0130l M\u00fcd\u00fcrl\u00fc\u011f\u00fcn\u00fcn 18.05.2021 tarihli yaz\u0131s\u0131yla hukuka ayk\u0131r\u0131 \u201c\u00c7evresel Etki De\u011ferlendirilmesi (\u00c7ED) Gerekli De\u011fildir\u201d karar\u0131 vermi\u015f olmas\u0131 tek kelimeyle SKANDAL\u2019d\u0131r.\u201d diyerek sert bir \u015fekilde tepki g\u00f6sterdi. [&hellip;]<\/p>\n","protected":false},"author":1,"featured_media":22525,"comment_status":"closed","ping_status":"open","sticky":false,"template":"","format":"standard","meta":[],"categories":[63,35],"tags":[],"amp_enabled":true,"_links":{"self":[{"href":"https:\/\/chpantalya.com\/index.php?rest_route=\/wp\/v2\/posts\/22539"}],"collection":[{"href":"https:\/\/chpantalya.com\/index.php?rest_route=\/wp\/v2\/posts"}],"about":[{"href":"https:\/\/chpantalya.com\/index.php?rest_route=\/wp\/v2\/types\/post"}],"author":[{"embeddable":true,"href":"https:\/\/chpantalya.com\/index.php?rest_route=\/wp\/v2\/users\/1"}],"replies":[{"embeddable":true,"href":"https:\/\/chpantalya.com\/index.php?rest_route=%2Fwp%2Fv2%2Fcomments&post=22539"}],"version-history":[{"count":0,"href":"https:\/\/chpantalya.com\/index.php?rest_route=\/wp\/v2\/posts\/22539\/revisions"}],"wp:featuredmedia":[{"embeddable":true,"href":"https:\/\/chpantalya.com\/index.php?rest_route=\/wp\/v2\/media\/22525"}],"wp:attachment":[{"href":"https:\/\/chpantalya.com\/index.php?rest_route=%2Fwp%2Fv2%2Fmedia&parent=22539"}],"wp:term":[{"taxonomy":"category","embeddable":true,"href":"https:\/\/chpantalya.com\/index.php?rest_route=%2Fwp%2Fv2%2Fcategories&post=22539"},{"taxonomy":"post_tag","embeddable":true,"href":"https:\/\/chpantalya.com\/index.php?rest_route=%2Fwp%2Fv2%2Ftags&post=22539"}],"curies":[{"name":"wp","href":"https:\/\/api.w.org\/{rel}","templated":true}]}}