{"id":22541,"date":"2021-06-03T11:00:41","date_gmt":"2021-06-03T08:00:41","guid":{"rendered":"http:\/\/chpantalya.com\/?p=22541"},"modified":"2021-06-03T11:00:41","modified_gmt":"2021-06-03T08:00:41","slug":"budak-turizm-calisanlarinin-asilanma-surecini-tbmmye-tasidi","status":"publish","type":"post","link":"https:\/\/chpantalya.com\/?p=22541","title":{"rendered":"BUDAK, TUR\u0130ZM \u00c7ALI\u015eANLARININ A\u015eILANMA S\u00dcREC\u0130N\u0130 TBMM\u2019YE TA\u015eIDI"},"content":{"rendered":"<p><strong>BUDAK: \u201cHAZ\u0130RAN SONUNA KADAR TUR\u0130ZM KENTLER\u0130N\u0130N TAMAMI A\u015eILANIRSA SEZONUN B\u0130R B\u00d6L\u00dcM\u00dc KURTULUR&#8221;<\/strong><\/p>\n<p><strong>CHP Antalya Milletvekili \u00c7etin Osman Budak, turizm personelinin a\u015f\u0131lanma s\u00fcrecine y\u00f6nelik K\u00fclt\u00fcr ve Turizm Bakan\u0131 Mehmet Nuri Ersoy\u2019un yan\u0131tlamas\u0131 istemiyle TBMM Ba\u015fkanl\u0131\u011f\u0131\u2019na bir soru \u00f6nergesi verdi.\u00a0 Budak, \u201c2021 turizm sezonu \u00e7ok s\u0131k\u0131 rekabet i\u00e7erisinde ge\u00e7ecek. A\u015f\u0131lama bu rekabetin en \u00f6nemli unsuru. Vatanda\u015flar\u0131na yeterli a\u015f\u0131y\u0131 sa\u011flayamayan iktidar, turizm \u00e7al\u0131\u015fanlar\u0131n\u0131 a\u015f\u0131layarak sezonu a\u00e7mak istedi. Ancak bunu da ellerine y\u00fczlerine bula\u015ft\u0131rd\u0131lar. Sadece turizm \u00e7al\u0131\u015fanlar\u0131n\u0131 a\u015f\u0131lamak yetmez. Haziran sonuna kadar turizm kentlerinin tamam\u0131 a\u015f\u0131lanabilirse sezonun bir b\u00f6l\u00fcm\u00fc kurtulur\u201d dedi.<\/strong><\/p>\n<p>Turizm sekt\u00f6r\u00fcnde rakibimiz olan \u00fclkelerin a\u015f\u0131lama konusunda \u00fclkemizden \u00e7ok \u00f6nde oldu\u011funa dikkat \u00e7eken Budak \u015f\u00f6yle konu\u015ftu:<\/p>\n<p>\u201cRakiplerimizden \u0130spanya n\u00fcfusunun y\u00fczde 38\u2019ini, \u0130talya y\u00fczde 37\u2019sini, Yunanistan ise y\u00fczde 34\u2019\u00fcn\u00fcn ilk doz a\u015f\u0131s\u0131n\u0131 tamamlad\u0131. Bizde bu rakam hala y\u00fczde 20 civar\u0131nda. Bu \u00fclkeler sezonu \u00e7oktan a\u00e7t\u0131. Biz b\u0131rak\u0131n n\u00fcfusu turizm \u00e7al\u0131\u015fanlar\u0131m\u0131z\u0131n bile y\u00fczde 25\u2019ini ancak a\u015f\u0131layabildik. K\u00fclt\u00fcr ve Turizm Bakanl\u0131\u011f\u0131 \u00e7al\u0131\u015fanlar\u0131n h\u0131zl\u0131 bir bi\u00e7imde a\u015f\u0131lanmalar\u0131n\u0131 sa\u011flamak yerine, kaynaklar\u0131n\u0131 skandal reklam filmlerine harcayarak hem zaman kaybetti hem \u00fclkemizin prestij kaybetmesine neden oldu.<\/p>\n<p>\u0130ktidar vatanda\u015flar\u0131m\u0131z\u0131 a\u015f\u0131lamada geride kal\u0131nca, turizm \u00e7al\u0131\u015fanlar\u0131n\u0131 a\u015f\u0131layarak sezonu kurtarmaya \u00e7al\u0131\u015ft\u0131. 8 Nisan\u2019da ba\u015flayan a\u015f\u0131lama s\u00fcrecinde 23 May\u0131s itibariyle yap\u0131lan a\u00e7\u0131klama da yakla\u015f\u0131k 300 bin turizm \u00e7al\u0131\u015fan\u0131n\u0131n a\u015f\u0131land\u0131\u011f\u0131 s\u00f6ylendi. 45 g\u00fcnde turizm sekt\u00f6r\u00fcnde \u00e7al\u0131\u015fanlar\u0131n yaln\u0131zca y\u00fczde 25\u2019inin a\u015f\u0131lanabilmesi bu s\u00fcrecin bile y\u00f6netilemedi\u011fini g\u00f6steriyor. Nas\u0131l \u00f6\u011fretmenlerin a\u015f\u0131lanmas\u0131nda ba\u015far\u0131l\u0131 olamad\u0131larsa, turizm \u00e7al\u0131\u015fanlar\u0131n\u0131n a\u015f\u0131lanmas\u0131nda da ayn\u0131 derece de ba\u015far\u0131s\u0131zlar. Hadi okullar\u0131 tatil edip sorunu ge\u00e7ici olarak \u00e7\u00f6zd\u00fcn\u00fcz, turizmdeki a\u015f\u0131lama fiyaskosunu da sezonu a\u00e7mayarak m\u0131 ge\u00e7i\u015ftireceksiniz?<\/p>\n<p><strong>ANTALYA A\u015eILAMADA 35\u2019\u0130NC\u0130 SIRADA <\/strong><\/p>\n<p>Hem \u0130talya hem Yunanistan turizm b\u00f6lgelerinde a\u015f\u0131lama s\u00fcrecine \u00f6zel \u00f6nem g\u00f6sterdi. Bunun pazarlamas\u0131n\u0131 yaparak \u00fclkelerine turist \u00e7ekiyorlar. Bizde durum i\u00e7ler ac\u0131s\u0131. Turizm g\u00f6zbebe\u011fi Antalya\u2019da ilk doz a\u015f\u0131lananlar\u0131n il n\u00fcfusuna oran\u0131 y\u00fczde 24, iki doz a\u015f\u0131 olanlar\u0131n oran\u0131 sadece y\u00fczde 17.\u00a0 Antalya, T\u00fcrkiye\u2019de a\u015f\u0131 yap\u0131lan iller s\u0131ralamas\u0131nda 35\u2019inci s\u0131rada. Di\u011fer turizm b\u00f6lgelerinde de a\u015f\u0131lama \u00e7ok yava\u015f ilerliyor. Mu\u011fla\u2019da sadece n\u00fcfusun y\u00fczde 31\u2019i, Ayd\u0131n\u2019da ise sadece y\u00fczde 28\u2019i ilk doz a\u015f\u0131lar\u0131n\u0131 olabildi. \u00dclkemizin en nadide turizm merkezlerinden olan Kapadokya\u2019y\u0131 i\u00e7inde bar\u0131nd\u0131ran Nev\u015fehir\u2019de ilk doz a\u015f\u0131 olanlar\u0131n oran\u0131 sadece y\u00fczde 23. Turizm b\u00f6lgelerindeki esnaflar, \u00e7ift\u00e7iler ve i\u015f\u00e7iler bir an \u00f6nce a\u015f\u0131lama program\u0131na dahil edilmeli ve a\u015f\u0131lama s\u00fcreci haziran sonunda kadar tamamlanmal\u0131d\u0131r\u201d<\/p>\n<p><strong>YANITI BEKLENEN SORULAR<\/strong><\/p>\n<p>\u201cTurizm Personeli A\u015f\u0131lama Kay\u0131t Sistemi\u2019ne ka\u00e7 turizm \u00e7al\u0131\u015fan\u0131 ad\u0131na ba\u015fvuru yap\u0131lm\u0131\u015ft\u0131r? Ka\u00e7 turizm \u00e7al\u0131\u015fan\u0131na a\u015f\u0131 yap\u0131lmas\u0131 hedeflenmektedir? \u015eimdiye kadar ka\u00e7 turizm \u00e7al\u0131\u015fan\u0131na ilk doz a\u015f\u0131s\u0131 uygulanm\u0131\u015ft\u0131r? \u0130ki doz a\u015f\u0131s\u0131n\u0131 yapt\u0131rabilen ka\u00e7 turizm \u00e7al\u0131\u015fan\u0131 vard\u0131r? Sa\u011fl\u0131k Bakan\u0131 taraf\u0131ndan BioNTech a\u015f\u0131s\u0131n\u0131n iki dozunun uygulanmas\u0131 aras\u0131ndaki s\u00fcrenin 6- 8 hafta olarak uygulanaca\u011f\u0131 a\u00e7\u0131klanm\u0131\u015ft\u0131r. Turizm \u00e7al\u0131\u015fanlar\u0131n\u0131n ikinci doz a\u015f\u0131lar\u0131 ne zaman tamamlanacakt\u0131r? Mevsimlik turizm \u00e7al\u0131\u015fanlar\u0131 a\u015f\u0131lama program\u0131na dahil edilecek midir? Turizm b\u00f6lgelerindeki esnaf a\u015f\u0131 program\u0131na dahil edilecek midir?\u201d<\/p>\n","protected":false},"excerpt":{"rendered":"<p>BUDAK: \u201cHAZ\u0130RAN SONUNA KADAR TUR\u0130ZM KENTLER\u0130N\u0130N TAMAMI A\u015eILANIRSA SEZONUN B\u0130R B\u00d6L\u00dcM\u00dc KURTULUR&#8221; CHP Antalya Milletvekili \u00c7etin Osman Budak, turizm personelinin a\u015f\u0131lanma s\u00fcrecine y\u00f6nelik K\u00fclt\u00fcr ve Turizm Bakan\u0131 Mehmet Nuri Ersoy\u2019un yan\u0131tlamas\u0131 istemiyle TBMM Ba\u015fkanl\u0131\u011f\u0131\u2019na bir soru \u00f6nergesi verdi.\u00a0 Budak, \u201c2021 turizm sezonu \u00e7ok s\u0131k\u0131 rekabet i\u00e7erisinde ge\u00e7ecek. A\u015f\u0131lama bu rekabetin en \u00f6nemli unsuru. Vatanda\u015flar\u0131na yeterli [&hellip;]<\/p>\n","protected":false},"author":1,"featured_media":22508,"comment_status":"closed","ping_status":"open","sticky":false,"template":"","format":"standard","meta":[],"categories":[52,35],"tags":[],"amp_enabled":true,"_links":{"self":[{"href":"https:\/\/chpantalya.com\/index.php?rest_route=\/wp\/v2\/posts\/22541"}],"collection":[{"href":"https:\/\/chpantalya.com\/index.php?rest_route=\/wp\/v2\/posts"}],"about":[{"href":"https:\/\/chpantalya.com\/index.php?rest_route=\/wp\/v2\/types\/post"}],"author":[{"embeddable":true,"href":"https:\/\/chpantalya.com\/index.php?rest_route=\/wp\/v2\/users\/1"}],"replies":[{"embeddable":true,"href":"https:\/\/chpantalya.com\/index.php?rest_route=%2Fwp%2Fv2%2Fcomments&post=22541"}],"version-history":[{"count":0,"href":"https:\/\/chpantalya.com\/index.php?rest_route=\/wp\/v2\/posts\/22541\/revisions"}],"wp:featuredmedia":[{"embeddable":true,"href":"https:\/\/chpantalya.com\/index.php?rest_route=\/wp\/v2\/media\/22508"}],"wp:attachment":[{"href":"https:\/\/chpantalya.com\/index.php?rest_route=%2Fwp%2Fv2%2Fmedia&parent=22541"}],"wp:term":[{"taxonomy":"category","embeddable":true,"href":"https:\/\/chpantalya.com\/index.php?rest_route=%2Fwp%2Fv2%2Fcategories&post=22541"},{"taxonomy":"post_tag","embeddable":true,"href":"https:\/\/chpantalya.com\/index.php?rest_route=%2Fwp%2Fv2%2Ftags&post=22541"}],"curies":[{"name":"wp","href":"https:\/\/api.w.org\/{rel}","templated":true}]}}