{"id":22543,"date":"2021-06-03T11:04:59","date_gmt":"2021-06-03T08:04:59","guid":{"rendered":"http:\/\/chpantalya.com\/?p=22543"},"modified":"2021-06-03T11:04:59","modified_gmt":"2021-06-03T08:04:59","slug":"budak-durust-mukelleflerin-guvenini-sarsmayin","status":"publish","type":"post","link":"https:\/\/chpantalya.com\/?p=22543","title":{"rendered":"BUDAK: \u201cD\u00dcR\u00dcST M\u00dcKELLEFLER\u0130N G\u00dcVEN\u0130N\u0130 SARSMAYIN\u201d"},"content":{"rendered":"<p>\u201cVERG\u0130S\u0130N\u0130 D\u00dcZENL\u0130 \u00d6DEYEN\u0130 TE\u015eV\u0130K ED\u0130N\u201d<\/p>\n<p>CHP Antalya Milletvekili \u00c7etin Osman Budak, pandemi nedeniyle vatanda\u015flar\u0131n tahakkuk eden vergileri zaman\u0131nda \u00f6deyemedikleri i\u00e7in bor\u00e7land\u0131klar\u0131n\u0131, bu nedenle TBMM\u2019ye getirilen yap\u0131land\u0131rma teklifinin bu a\u00e7\u0131dan olumlu oldu\u011funu belirterek, \u201cAma bunun bir y\u00f6ntem haline getirilmesi mali disiplin a\u00e7\u0131s\u0131ndan son derece yanl\u0131\u015ft\u0131r. Bu vergi adaletini de yok eder. T\u00fcm d\u00fcnyada vergisini zaman\u0131nda \u00f6deyen yurtta\u015flar \u00f6d\u00fcllendirilirken bizde neden bu uygulanm\u0131yor? Vergisini d\u00fczenli \u00f6deyene te\u015fvik olarak bir \u00f6d\u00fcl verin ki \u00f6demeyenleri de te\u015fvik etsin\u201d dedi.<\/p>\n<p>Budak, TBMM Genel Kurulunda vergi bor\u00e7lar\u0131na yap\u0131land\u0131rma getiren yasa teklifinin g\u00f6r\u00fc\u015fmeleri s\u0131ras\u0131nda yapt\u0131\u011f\u0131 konu\u015fmada \u015funlar\u0131 s\u00f6yledi:<\/p>\n<p>\u201c2020 y\u0131l\u0131 b\u00fct\u00e7esinde b\u00fct\u00e7e a\u00e7\u0131\u011f\u0131 tahmini 138,9 milyar lirayd\u0131 fakat 172,7 milyar lira a\u00e7\u0131k verdik. Yani b\u00fct\u00e7e tahmini y\u00fczde 24,3 sapt\u0131. Bu a\u00e7\u0131\u011f\u0131n sadece pandemi nedeniyle oldu\u011funu s\u00f6ylemek yanl\u0131\u015f olur, temel neden mali disiplin ve y\u00f6netim zafiyeti sorunudur. Dolay\u0131s\u0131yla, s\u00f6z konusu b\u00fct\u00e7e a\u00e7\u0131\u011f\u0131 ke\u015fke gelir kayb\u0131na u\u011frayan vatanda\u015flar\u0131m\u0131z\u0131n, i\u015fsiz kalan yurtta\u015flar\u0131m\u0131z\u0131n ve onlara yap\u0131lmas\u0131 gereken gelir deste\u011fi kaynakl\u0131 olsayd\u0131.<\/p>\n<p>T\u00fcm d\u00fcnyada vergisini d\u00fczenli \u00f6deyen vatanda\u015flar m\u00fck\u00e2fatland\u0131r\u0131l\u0131r. Ben bunu otuz y\u0131ll\u0131k vergi m\u00fckellefi olarak s\u00f6yl\u00fcyorum. Vergisini d\u00fczenli \u00f6deyene te\u015fvik olarak bir \u00f6d\u00fcl verin; \u00f6demeyenleri de te\u015fvik etsin. Bu iktidar \u00e7\u0131kard\u0131\u011f\u0131 her vergi aff\u0131yla, matrah art\u0131r\u0131m\u0131yla d\u00fcr\u00fcst m\u00fckelleflerin g\u00fcvenini de sarsm\u0131\u015ft\u0131r. Bu a\u00e7\u0131dan T\u00fcrkiye\u2019de bir vergi adaletinin olmad\u0131\u011f\u0131 ortadad\u0131r.\u201d<\/p>\n<p>MAL\u0130YE BAKANLI\u011eINDAN \u0130T\u0130RAF G\u0130B\u0130 GRAF\u0130K<\/p>\n<p>Hazine ve Maliye Bakanl\u0131\u011f\u0131n\u0131n ge\u00e7en ay yay\u0131mlad\u0131\u011f\u0131 Kamu Maliyesi Raporuna ili\u015fkin ele\u015ftirilerini de dile getiren Budak, \u201cBu raporda itiraf gibi bir grafik var. Avrupa Birli\u011fi \u00fcyesi \u00fclkeler ile T\u00fcrkiye&#8217;nin merkezi y\u00f6netim b\u00fct\u00e7e dengesinin gayrisafi yurt i\u00e7i has\u0131laya oranlar\u0131 2019 y\u0131l\u0131 ile pandemiyle ge\u00e7en 2020 y\u0131l\u0131 i\u00e7in kararla\u015ft\u0131r\u0131lm\u0131\u015f. Bu \u00fclkelerin 2019 y\u0131l\u0131nda merkez\u00ee b\u00fct\u00e7esi gayrisafi yurt i\u00e7i has\u0131lalar\u0131n\u0131n binde 8&#8217;i oran\u0131nda a\u00e7\u0131k vermi\u015f, bu a\u00e7\u0131k 2020 y\u0131l\u0131nda y\u00fczde 5,9&#8217;a \u00e7\u0131km\u0131\u015f. \u0130spanya&#8217;da 2019&#8217;da y\u00fczde 1,3 olan bu a\u00e7\u0131k 2020&#8217;de y\u00fczde 8,4&#8217;e \u00e7\u0131km\u0131\u015f. \u0130talya&#8217;da ise y\u00fczde 1,8&#8217;den y\u00fczde 9,3&#8217;e y\u00fckselmi\u015f. \u00dclkemizde ise 2019 y\u0131l\u0131nda y\u00fczde 2,9 olan a\u00e7\u0131k oran\u0131 2020 y\u0131l\u0131nda yaln\u0131zca y\u00fczde 3,4&#8217;e \u00e7\u0131km\u0131\u015f. Yani Maliye Bakanl\u0131\u011f\u0131 bu tabloyu bir \u00f6v\u00fcn\u00e7 tablosu olarak sunuyor ancak bu bir utan\u00e7 vesikas\u0131. \u00c7\u00fcnk\u00fc b\u00fct\u00fcn Avrupa \u00fclkelerinin halk\u0131n\u0131 covidden korumak i\u00e7in kaynaklar\u0131n\u0131 seferber etmesinin g\u00f6stergesi. B\u00fct\u00e7e kaynaklar\u0131n\u0131 covidden etkilenen esnafa, i\u015fsiz kalan vatanda\u015fa, g\u00fcvencesiz turizm \u00e7al\u0131\u015fanlar\u0131na bu d\u00f6nemde da\u011f\u0131tmayacaks\u0131n\u0131z da ne zaman, kime da\u011f\u0131tacaks\u0131n\u0131z? Bu g\u00f6stergeler bir mali ba\u015far\u0131 de\u011fil, H\u00fck\u00fbmetin yurtta\u015flar\u0131m\u0131z\u0131 pandemi d\u00f6neminde yaln\u0131z ve \u00e7aresiz b\u0131rakt\u0131\u011f\u0131n\u0131n g\u00f6stergesidir\u201d diye konu\u015ftu.<\/p>\n","protected":false},"excerpt":{"rendered":"<p>\u201cVERG\u0130S\u0130N\u0130 D\u00dcZENL\u0130 \u00d6DEYEN\u0130 TE\u015eV\u0130K ED\u0130N\u201d CHP Antalya Milletvekili \u00c7etin Osman Budak, pandemi nedeniyle vatanda\u015flar\u0131n tahakkuk eden vergileri zaman\u0131nda \u00f6deyemedikleri i\u00e7in bor\u00e7land\u0131klar\u0131n\u0131, bu nedenle TBMM\u2019ye getirilen yap\u0131land\u0131rma teklifinin bu a\u00e7\u0131dan olumlu oldu\u011funu belirterek, \u201cAma bunun bir y\u00f6ntem haline getirilmesi mali disiplin a\u00e7\u0131s\u0131ndan son derece yanl\u0131\u015ft\u0131r. Bu vergi adaletini de yok eder. T\u00fcm d\u00fcnyada vergisini zaman\u0131nda \u00f6deyen [&hellip;]<\/p>\n","protected":false},"author":1,"featured_media":22544,"comment_status":"closed","ping_status":"open","sticky":false,"template":"","format":"standard","meta":[],"categories":[52,35],"tags":[],"amp_enabled":true,"_links":{"self":[{"href":"https:\/\/chpantalya.com\/index.php?rest_route=\/wp\/v2\/posts\/22543"}],"collection":[{"href":"https:\/\/chpantalya.com\/index.php?rest_route=\/wp\/v2\/posts"}],"about":[{"href":"https:\/\/chpantalya.com\/index.php?rest_route=\/wp\/v2\/types\/post"}],"author":[{"embeddable":true,"href":"https:\/\/chpantalya.com\/index.php?rest_route=\/wp\/v2\/users\/1"}],"replies":[{"embeddable":true,"href":"https:\/\/chpantalya.com\/index.php?rest_route=%2Fwp%2Fv2%2Fcomments&post=22543"}],"version-history":[{"count":0,"href":"https:\/\/chpantalya.com\/index.php?rest_route=\/wp\/v2\/posts\/22543\/revisions"}],"wp:featuredmedia":[{"embeddable":true,"href":"https:\/\/chpantalya.com\/index.php?rest_route=\/wp\/v2\/media\/22544"}],"wp:attachment":[{"href":"https:\/\/chpantalya.com\/index.php?rest_route=%2Fwp%2Fv2%2Fmedia&parent=22543"}],"wp:term":[{"taxonomy":"category","embeddable":true,"href":"https:\/\/chpantalya.com\/index.php?rest_route=%2Fwp%2Fv2%2Fcategories&post=22543"},{"taxonomy":"post_tag","embeddable":true,"href":"https:\/\/chpantalya.com\/index.php?rest_route=%2Fwp%2Fv2%2Ftags&post=22543"}],"curies":[{"name":"wp","href":"https:\/\/api.w.org\/{rel}","templated":true}]}}