{"id":22606,"date":"2021-06-09T13:40:23","date_gmt":"2021-06-09T10:40:23","guid":{"rendered":"http:\/\/chpantalya.com\/?p=22606"},"modified":"2021-06-09T13:40:23","modified_gmt":"2021-06-09T10:40:23","slug":"akp-baski-ve-yildirmada-da-sinir-tanimiyor-odul-yerine-ceza","status":"publish","type":"post","link":"https:\/\/chpantalya.com\/?p=22606","title":{"rendered":"\u201cAKP BASKI VE YILDIRMADA DA SINIR TANIMIYOR. \u00d6D\u00dcL YER\u0130NE CEZA.\u201d"},"content":{"rendered":"<p>TBMM Plan ve B\u00fct\u00e7e Komisyonu \u00fcyesi CHP Antalya Milletvekili Av.Cavit Ar\u0131, ge\u00e7ti\u011fimiz \u015eubat ay\u0131nda \u201cPatara \u00d6zel \u00c7evre Koruma B\u00f6lgesi\u2019\u2019 s\u0131n\u0131rlar\u0131 i\u00e7inde ya\u015fanan kum h\u0131rs\u0131zl\u0131\u011f\u0131nda tutanak tutarak g\u00f6revini yapan orman muhafaza memurunun \u00f6nce lojmandan \u00e7\u0131kart\u0131lmas\u0131, Cumhurba\u015fkan\u0131na hakaret gerek\u00e7esiyle g\u00f6revden al\u0131nmas\u0131 ve sonras\u0131nda da g\u00f6rev yeri de\u011fi\u015fikli\u011fiyle uzakla\u015ft\u0131r\u0131lmas\u0131n\u0131 hem Tar\u0131m ve Orman Bakan\u0131na hem de \u0130\u00e7i\u015fleri Bakan\u0131na cevaplamas\u0131 istemiyle vermi\u015f oldu\u011fu soru \u00f6nergesiyle meclis g\u00fcndemine ta\u015f\u0131d\u0131. Milletvekili Cavit ARI, konuya ili\u015fkin yapt\u0131\u011f\u0131 a\u00e7\u0131klamas\u0131nda \u201cAKP, g\u00f6revini yerine getiren d\u00fcr\u00fcst ve ahlakl\u0131 devlet memurunu sindirmek i\u00e7in yapt\u0131\u011f\u0131 bask\u0131 ve y\u0131ld\u0131rmada da s\u0131n\u0131r tan\u0131m\u0131yor.\u201d dedi.<\/p>\n<p>Ge\u00e7ti\u011fimiz \u015eubat ay\u0131nda \u201cPatara \u00d6zel \u00c7evre Koruma B\u00f6lgesi\u2019\u2019 s\u0131n\u0131rlar\u0131 i\u00e7inde 2 bin kamyona yak\u0131n kum h\u0131rs\u0131zl\u0131\u011f\u0131 yap\u0131ld\u0131\u011f\u0131na dair ihbarlar\u0131 de\u011ferlendiren g\u00fcvenlik g\u00fc\u00e7leri bir operasyon d\u00fczenleyerek geni\u015f \u00e7apl\u0131 g\u00f6zalt\u0131lar yapm\u0131\u015f, sonras\u0131nda Ka\u015f Adliyesinde konu ile ilgili bir soru\u015fturma a\u00e7\u0131lm\u0131\u015ft\u0131r diyen Ar\u0131, \u201cs\u00f6z konusu kum h\u0131rs\u0131zl\u0131\u011f\u0131na ili\u015fkin olarak Tar\u0131m Orman \u0130\u015f Sendikas\u0131 Ba\u015fkan\u0131 \u015e\u00fckr\u00fc DURMU\u015e iki g\u00fcn \u00f6nce bir a\u00e7\u0131klama yapt\u0131. Say\u0131n DURMU\u015e a\u00e7\u0131klamas\u0131nda; \u201cG\u00f6rev alan\u0131ndaki bu h\u0131rs\u0131zl\u0131kla ilgili tutanak tutma s\u00fcrecindeki orman muhafaza memuru, AKP il\u00e7e Ba\u015fkan Yard\u0131mc\u0131s\u0131 taraf\u0131ndan engellenmek istenmi\u015f ve AKP \u0130l\u00e7e Ba\u015fkan Yard\u0131mc\u0131s\u0131 g\u00f6revli memura; \u2018\u2019Burada tutanak tutmay\u0131n, biz b\u00f6lge m\u00fcd\u00fcr\u00fcn\u00fc arad\u0131k.\u201d demesi \u00fczerine ve g\u00f6revli muhafaza memur da \u201cDe\u011fil b\u00f6lge m\u00fcd\u00fcr\u00fc Say\u0131n Cumhurba\u015fkan\u0131m\u0131z gelse ben bu tutana\u011f\u0131 tutaca\u011f\u0131m.\u201d\u00a0demi\u015ftir. Bu ya\u015fananlar \u00fczerine memuru \u00f6nce lojman\u0131ndan \u00e7\u0131kartt\u0131lar, sonra kaymakam bu s\u00f6z\u00fc Cumhurba\u015fkan\u0131\u2019na hakaret sayd\u0131 ve g\u00f6revden ald\u0131. G\u00f6revinin gere\u011fini yapt\u0131\u011f\u0131 i\u00e7in g\u00f6revden uzakla\u015ft\u0131r\u0131lan memur, \u00fcyesi oldu\u011fu Tar\u0131m Orman \u0130\u015f Sendikas\u0131\u2019n\u0131n giri\u015fimleri sonucu 27 g\u00fcn sonra g\u00f6revine d\u00f6nebilmi\u015f, ancak bu kez de g\u00f6rev yeri de\u011fi\u015ftirilerek Ka\u015f S\u00fctle\u011fen\u2019e g\u00f6nderilmi\u015ftir diyerek \u00f6nemli bilgiler aktarm\u0131\u015ft\u0131r. \u0130l\u00e7e Kaymakam\u0131, bask\u0131lara ra\u011fmen g\u00f6revini yapmak isteyen, yapan bir memuru \u00f6d\u00fcllendirece\u011fi yerde cezaland\u0131rm\u0131\u015ft\u0131r.\u201d dedi.<\/p>\n<p>Milletvekili Ar\u0131, \u201cBir ba\u015fka konu Say\u0131n \u0130l\u00e7e Kaymakam\u0131 bu haks\u0131z soru\u015fturmay\u0131 hangi gerek\u00e7eyle a\u00e7m\u0131\u015f ve bu cezai i\u015flemi yapm\u0131\u015ft\u0131r? Kendi iradesi ile mi yoksa herhangi bir siyasi bask\u0131ya maruz kalm\u0131\u015f m\u0131d\u0131r? G\u00f6revini yapan bir kamu g\u00f6revlisi \u00f6d\u00fcllendirece\u011fine cezaland\u0131r\u0131lm\u0131\u015ft\u0131r. \u0130ki bin kamyon kum \u00e7alanlar hakk\u0131nda konu yarg\u0131dad\u0131r. S\u00fcreci takip ediyoruz. \u00c7alan\u0131n yan\u0131na kar kalmayacakt\u0131r. Ama maalesef b\u00f6yle giderse ortaya \u00e7\u0131karan su\u00e7lu olacakt\u0131r.\u201d dedi.<\/p>\n<p>Daha \u00f6nce ba\u015fka bir il\u00e7ede AKP\u2019liler hakk\u0131nda i\u015flem yapmak isteyen polis memuru ba\u015fka bir il\u00e7e tayinine maruz kalm\u0131\u015ft\u0131 diyen Ar\u0131, \u201cBurada da AKP\u2019de siyaset yapanlar hakk\u0131nda \u00e7ok \u00f6nemli iddialar mevcuttur, \u015fimdi bu cezai i\u015flem b\u00fcrokratlara i\u015fini do\u011fru yapana g\u00f6zda\u011f\u0131 demektir, bask\u0131 demektir, i\u015fini do\u011fru yapma demektir, ilgili g\u00f6revlinin ayn\u0131 g\u00f6revine iadesi ve haklar\u0131n\u0131n teslimi gerekir.\u201d dedi. Milletvekili Ar\u0131, \u201cBu ya\u015fananlar, i\u015fini do\u011fru yapmak isteyen kamu personeline adeta \u201cya bizim dedi\u011fimizi yapars\u0131n ya da sonu\u00e7lar\u0131n\u0131 katlan\u0131rs\u0131n\u201d demek olup g\u00f6revinin gere\u011fini yapmak isteyen ki\u015fileri y\u0131lg\u0131nl\u0131\u011fa s\u00fcr\u00fckleyecek, i\u015f g\u00fcvenceleri i\u00e7in kayg\u0131 olu\u015fturacakt\u0131r.\u201d diyerek s\u00f6zlerini tamamlad\u0131.<\/p>\n<p>&nbsp;<\/p>\n","protected":false},"excerpt":{"rendered":"<p>TBMM Plan ve B\u00fct\u00e7e Komisyonu \u00fcyesi CHP Antalya Milletvekili Av.Cavit Ar\u0131, ge\u00e7ti\u011fimiz \u015eubat ay\u0131nda \u201cPatara \u00d6zel \u00c7evre Koruma B\u00f6lgesi\u2019\u2019 s\u0131n\u0131rlar\u0131 i\u00e7inde ya\u015fanan kum h\u0131rs\u0131zl\u0131\u011f\u0131nda tutanak tutarak g\u00f6revini yapan orman muhafaza memurunun \u00f6nce lojmandan \u00e7\u0131kart\u0131lmas\u0131, Cumhurba\u015fkan\u0131na hakaret gerek\u00e7esiyle g\u00f6revden al\u0131nmas\u0131 ve sonras\u0131nda da g\u00f6rev yeri de\u011fi\u015fikli\u011fiyle uzakla\u015ft\u0131r\u0131lmas\u0131n\u0131 hem Tar\u0131m ve Orman Bakan\u0131na hem de \u0130\u00e7i\u015fleri Bakan\u0131na [&hellip;]<\/p>\n","protected":false},"author":1,"featured_media":22607,"comment_status":"closed","ping_status":"open","sticky":false,"template":"","format":"standard","meta":[],"categories":[63,35],"tags":[],"amp_enabled":true,"_links":{"self":[{"href":"https:\/\/chpantalya.com\/index.php?rest_route=\/wp\/v2\/posts\/22606"}],"collection":[{"href":"https:\/\/chpantalya.com\/index.php?rest_route=\/wp\/v2\/posts"}],"about":[{"href":"https:\/\/chpantalya.com\/index.php?rest_route=\/wp\/v2\/types\/post"}],"author":[{"embeddable":true,"href":"https:\/\/chpantalya.com\/index.php?rest_route=\/wp\/v2\/users\/1"}],"replies":[{"embeddable":true,"href":"https:\/\/chpantalya.com\/index.php?rest_route=%2Fwp%2Fv2%2Fcomments&post=22606"}],"version-history":[{"count":0,"href":"https:\/\/chpantalya.com\/index.php?rest_route=\/wp\/v2\/posts\/22606\/revisions"}],"wp:featuredmedia":[{"embeddable":true,"href":"https:\/\/chpantalya.com\/index.php?rest_route=\/wp\/v2\/media\/22607"}],"wp:attachment":[{"href":"https:\/\/chpantalya.com\/index.php?rest_route=%2Fwp%2Fv2%2Fmedia&parent=22606"}],"wp:term":[{"taxonomy":"category","embeddable":true,"href":"https:\/\/chpantalya.com\/index.php?rest_route=%2Fwp%2Fv2%2Fcategories&post=22606"},{"taxonomy":"post_tag","embeddable":true,"href":"https:\/\/chpantalya.com\/index.php?rest_route=%2Fwp%2Fv2%2Ftags&post=22606"}],"curies":[{"name":"wp","href":"https:\/\/api.w.org\/{rel}","templated":true}]}}