{"id":22639,"date":"2021-06-17T10:51:15","date_gmt":"2021-06-17T07:51:15","guid":{"rendered":"http:\/\/chpantalya.com\/?p=22639"},"modified":"2021-06-17T10:56:23","modified_gmt":"2021-06-17T07:56:23","slug":"cavit-ari-dim-cayini-bitirecekler","status":"publish","type":"post","link":"https:\/\/chpantalya.com\/?p=22639","title":{"rendered":"CAV\u0130T ARI: \u201cD\u0130M \u00c7AYINI B\u0130T\u0130RECEKLER\u201d"},"content":{"rendered":"<p>\u201cAlanya Alacami K\u00f6y\u00fc, Dim \u00c7ay\u0131 \u00dczerine \u0130kinci Bir HES Yap\u0131lmas\u0131n\u0131 \u0130stemiyor.\u201d<\/p>\n<p>TBMM Plan ve B\u00fct\u00e7e Komisyonu \u00fcyesi CHP Antalya Milletvekili Av.Cavit Ar\u0131, Enerji ve Tabii Kaynaklar Bakan\u0131 Fatih D\u00f6nmez, \u00c7evre ve \u015eehircilik Bakan\u0131 Murat Kurum ve Tar\u0131m ve Orman Bakan\u0131 Bekir Pakdemirli\u2019ye cevaplamas\u0131 istemiyle verdi\u011fi soru \u00f6nergeleriyle Alanya Alacami Mahallesi (K\u00f6y\u00fc) sakinleri Dim \u00c7ay\u0131 \u00fczerine ikinci bir HES yap\u0131lmas\u0131n\u0131 kesinlikle istemiyor, \u201cDim \u00c7ay\u0131 Yaban Hayat\u0131 Geli\u015ftirme Sahas\u0131\u201d s\u00fcrd\u00fcr\u00fclebilir alan\u0131 i\u00e7inde kalan projenin yap\u0131lmas\u0131 demek Alanya\u2019n\u0131n, b\u00f6lgedeki tar\u0131m topraklar\u0131n\u0131n ve yaban hayat\u0131n can damar\u0131 olan su kayna\u011f\u0131n\u0131n \u00f6ld\u00fcr\u00fclmesi demektedir, proje i\u00e7in ba\u015flat\u0131lan \u00c7evresel Etki De\u011ferlendirilmesi (\u00c7ED) s\u00fcrecinin bir an evvel \u201c\u00c7ED Olumsuz Karar\u0131\u201d verilerek sonland\u0131r\u0131lmas\u0131 talep ediyoruz.\u201d dedi.<\/p>\n<p>Konuya ili\u015fkin soru \u00f6nergesinde \u201cAntalya \u0130li, Alanya \u0130l\u00e7esi, Alacami Mahallesi s\u0131n\u0131rlar\u0131nda Dim \u00c7ay\u0131 \u00fczerinde kurulmas\u0131 planlanan 9,90 MWm\/9,72 MWe kurulu g\u00fc\u00e7 kapasiteli \u201c\u0130leri Reg\u00fclat\u00f6r\u00fc ve Hidroelektrik Santrali\u201d projesiyle ilgili olarak ba\u015flat\u0131lan \u00c7evresel Etki De\u011ferlendirme (\u00c7ED) s\u00fcreci kapsam\u0131nda proje hakk\u0131nda halk\u0131 bilgilendirmek, g\u00f6r\u00fc\u015f ve \u00f6nerilerini almak amac\u0131yla, 17.06.2021 tarihinde saat 13:30\u2019de Antalya \u0130li, Alanya \u0130l\u00e7esi, Alacami Mahallesi, K\u00f6y \u0130\u00e7i-Cami Yan\u0131 adresinde halk\u0131n kat\u0131l\u0131m\u0131 toplant\u0131s\u0131 d\u00fczenlenecektir diyen Ar\u0131, \u201cAlanya\u2019n\u0131n do\u011fall\u0131\u011f\u0131n\u0131 koruyabilmi\u015f ender k\u00f6ylerinden olan ve Dim \u00c7ay\u0131\u2019n\u0131n kayna\u011f\u0131na ev sahipli\u011fi yapan Dim Alacami Mahallesi\u2019ne, ikinci bir HES yap\u0131laca\u011f\u0131n\u0131n ilan edilmesi, mahalle halk\u0131ndan b\u00fcy\u00fck tepki toplam\u0131\u015ft\u0131r. S\u00f6z konusu projenin tamam\u0131 Dim \u00c7ay\u0131 Yaban Hayat\u0131 Geli\u015ftirme Sahas\u0131 s\u00fcrd\u00fcr\u00fclebilir alan\u0131 i\u00e7erisinde kalmakta olup g\u00f6r\u00fcnt\u00fc ve g\u00fcr\u00fclt\u00fc kirlili\u011finin yan\u0131nda, koruma alt\u0131ndaki yaban hayat\u0131n\u0131n, endemik bitki \u00f6rt\u00fcs\u00fc, bal\u0131k ve hayvan t\u00fcrlerinin bu projeden etkilenece\u011fini a\u015fikard\u0131r. Turizm a\u00e7\u0131s\u0131ndan gelecek vaat eden b\u00f6lge bu projenin hayata ge\u00e7irilmesi halinde gelece\u011fini de kaybetmi\u015f olacakt\u0131r. Ba\u015fta y\u00f6re halk\u0131 olmak \u00fczere bu projeye kar\u015f\u0131 \u00e7\u0131kan t\u00fcm \u00e7evre ve sivil toplum kurulu\u015flar\u0131n\u0131n itirazlar\u0131 dikkate al\u0131narak, ba\u015flat\u0131lan \u00c7evresel Etki De\u011ferlendirilmesi (\u00c7ED) s\u00fcrecinin bir an evvel \u201c\u00c7ED Olumsuz Karar\u0131\u201d verilerek sonland\u0131r\u0131lmas\u0131n\u0131 ve akabinde de projeye hem Tar\u0131m hem de Enerji Bakanl\u0131\u011f\u0131 taraf\u0131ndan verilen izin ve lisanslar\u0131n iptal edilmesini talep ediyoruz.\u201d diyerek s\u00f6zlerini tamamlad\u0131.<\/p>\n","protected":false},"excerpt":{"rendered":"<p>\u201cAlanya Alacami K\u00f6y\u00fc, Dim \u00c7ay\u0131 \u00dczerine \u0130kinci Bir HES Yap\u0131lmas\u0131n\u0131 \u0130stemiyor.\u201d TBMM Plan ve B\u00fct\u00e7e Komisyonu \u00fcyesi CHP Antalya Milletvekili Av.Cavit Ar\u0131, Enerji ve Tabii Kaynaklar Bakan\u0131 Fatih D\u00f6nmez, \u00c7evre ve \u015eehircilik Bakan\u0131 Murat Kurum ve Tar\u0131m ve Orman Bakan\u0131 Bekir Pakdemirli\u2019ye cevaplamas\u0131 istemiyle verdi\u011fi soru \u00f6nergeleriyle Alanya Alacami Mahallesi (K\u00f6y\u00fc) sakinleri Dim \u00c7ay\u0131 \u00fczerine [&hellip;]<\/p>\n","protected":false},"author":1,"featured_media":22607,"comment_status":"closed","ping_status":"open","sticky":false,"template":"","format":"standard","meta":[],"categories":[63,35],"tags":[],"amp_enabled":true,"_links":{"self":[{"href":"https:\/\/chpantalya.com\/index.php?rest_route=\/wp\/v2\/posts\/22639"}],"collection":[{"href":"https:\/\/chpantalya.com\/index.php?rest_route=\/wp\/v2\/posts"}],"about":[{"href":"https:\/\/chpantalya.com\/index.php?rest_route=\/wp\/v2\/types\/post"}],"author":[{"embeddable":true,"href":"https:\/\/chpantalya.com\/index.php?rest_route=\/wp\/v2\/users\/1"}],"replies":[{"embeddable":true,"href":"https:\/\/chpantalya.com\/index.php?rest_route=%2Fwp%2Fv2%2Fcomments&post=22639"}],"version-history":[{"count":0,"href":"https:\/\/chpantalya.com\/index.php?rest_route=\/wp\/v2\/posts\/22639\/revisions"}],"wp:featuredmedia":[{"embeddable":true,"href":"https:\/\/chpantalya.com\/index.php?rest_route=\/wp\/v2\/media\/22607"}],"wp:attachment":[{"href":"https:\/\/chpantalya.com\/index.php?rest_route=%2Fwp%2Fv2%2Fmedia&parent=22639"}],"wp:term":[{"taxonomy":"category","embeddable":true,"href":"https:\/\/chpantalya.com\/index.php?rest_route=%2Fwp%2Fv2%2Fcategories&post=22639"},{"taxonomy":"post_tag","embeddable":true,"href":"https:\/\/chpantalya.com\/index.php?rest_route=%2Fwp%2Fv2%2Ftags&post=22639"}],"curies":[{"name":"wp","href":"https:\/\/api.w.org\/{rel}","templated":true}]}}