{"id":22641,"date":"2021-06-17T10:55:28","date_gmt":"2021-06-17T07:55:28","guid":{"rendered":"http:\/\/chpantalya.com\/?p=22641"},"modified":"2021-06-17T10:55:28","modified_gmt":"2021-06-17T07:55:28","slug":"budak-atlasjete-yonelik-iddialari-tbmmde-gundeme-getirdi","status":"publish","type":"post","link":"https:\/\/chpantalya.com\/?p=22641","title":{"rendered":"BUDAK ATLASJET\u2019E Y\u00d6NEL\u0130K \u0130DD\u0130ALARI TBMM\u2019DE G\u00dcNDEME GET\u0130RD\u0130"},"content":{"rendered":"<p><strong>\u201c\u0130K\u0130 B\u0130N ATLASJET \u00c7ALI\u015eANI 16 AYDIR MA\u011eDUR\u201d<\/strong><\/p>\n<p><strong>CHP Antalya Milletvekili \u00c7etin Osman Budak, say\u0131lar\u0131 yakla\u015f\u0131k 2 bin ki\u015fiyi bulan ve on alt\u0131 ayd\u0131r maa\u015flar\u0131n\u0131 ve tazminatlar\u0131n\u0131 alamayan AtlasJet \u00e7al\u0131\u015fanlar\u0131n\u0131n devam eden ma\u011fduriyetlerinin bir an \u00f6nce giderilmesi gerekti\u011fini s\u00f6yledi. Atlasjet\u2019in \u015faibeli bir \u015fekilde iflas ettirilerek hem \u00e7al\u0131\u015fanlar\u0131n aldat\u0131ld\u0131\u011f\u0131 hem de alacakl\u0131 \u015firketlerin ve devletin zarara u\u011frat\u0131ld\u0131\u011f\u0131 iddialar\u0131n\u0131n ara\u015ft\u0131r\u0131lmas\u0131 gerekti\u011fini dile getiren Budak, \u201cBurada aileleriyle, \u00e7oluk \u00e7ocuklar\u0131yla birlikte bor\u00e7lar\u0131yla ba\u015f ba\u015fa kalm\u0131\u015f 2 bine yak\u0131n insandan bahsediyoruz. Haklar\u0131 var ama alam\u0131yorlar, \u00fcstelik de \u015fu anda Kabinede bulunan bir bakan\u0131n ad\u0131 kullan\u0131larak bu insanlar\u0131n aldat\u0131ld\u0131klar\u0131 \u00e7ok net g\u00f6z\u00fck\u00fcyor. Seslerini duyurabilmek i\u00e7in ellerinden geleni yapt\u0131lar, Bakan Ersoy belki seslerini duyar diye onun \u015firketinin \u00f6n\u00fcnde \u00e7ad\u0131r bile kurdular ama yetkililerden hala seslerini duyan yok\u201d dedi.\u00a0 \u00a0 <\/strong><\/p>\n<p>TBMM Genel Kurulunda iflas karar\u0131 verilen AtlasJet\u2019in 2019 y\u0131l\u0131nda en b\u00fcy\u00fck 500 \u015firket aras\u0131nda 109\u2019uncu oldu\u011funu hat\u0131rlatan Budak \u015funlar\u0131 s\u00f6yledi:<\/p>\n<p>\u201cAtlasJet Havac\u0131l\u0131k yani Atlasglobal, 2019 y\u0131l\u0131n\u0131n Kas\u0131m ay\u0131 itibar\u0131yla personelinin maa\u015flar\u0131n\u0131 \u00f6dememeye ba\u015flad\u0131. \u0130ddialara g\u00f6re, \u015firketin b\u00fcy\u00fck hissedar\u0131 Ali Murat Ersoy \u00e7al\u0131\u015fanlarla yapt\u0131\u011f\u0131 toplant\u0131larda &#8220;Biz Ersoylar\u0131z, bizde kimsenin alaca\u011f\u0131 kalmaz\u201d diyerek \u00e7al\u0131\u015fanlara maa\u015flar\u0131n\u0131n biraz gecikmeli olsa da \u00f6denece\u011fi teminat\u0131n\u0131 verdi. Ayn\u0131 \u015fekilde, aile bireylerinden Mehmet Nuri Ersoy&#8217;un K\u00fclt\u00fcr ve Turizm Bakan\u0131 olmas\u0131n\u0131 da ima ederek \u015firketin batmayaca\u011f\u0131n\u0131, Ankara&#8217;n\u0131n devreye girece\u011fini ve kimsenin alaca\u011f\u0131n\u0131n kalmayaca\u011f\u0131n\u0131 dile getirdi. Ancak alacaklar kald\u0131 ve h\u00e2l\u00e2 hi\u00e7 kimse bug\u00fcne kadar 1 kuru\u015f alamad\u0131.<\/p>\n<p><strong>Neden sadece Atlasjet iflas ettirildi?<\/strong><\/p>\n<p>14 \u015eubat 2020&#8217;de Bak\u0131rk\u00f6y \u0130cra Mahkemesine iflas ba\u015fvurusunda bulunan \u015firketin kay\u0131tlar\u0131na g\u00f6re ma\u011fdur personele olan bor\u00e7 miktar\u0131 18 milyon 838 bin 393 lira 74 kuru\u015f. S\u00f6z konusu miktarda tazminatlar ve di\u011fer \u00f6zl\u00fck haklar\u0131 yer alm\u0131yor. Tabii, bir de i\u015fin ba\u015fka boyutlar\u0131 var. Ticaret sicil kay\u0131tlar\u0131na g\u00f6re AtlasJet patronu Ali Murat Ersoy&#8217;un T\u00fcrkiye&#8217;de 41 farkl\u0131 \u015firket kurdu\u011fu, \u0130svi\u00e7re&#8217;de de 6 \u015firketinin oldu\u011fu iddialar\u0131 kamuoyunda ve bas\u0131nda yer ald\u0131. \u015eunu sormak istiyorum: Neden di\u011fer \u015firketler faaliyetlerine devam ederken Atlasglobal iflas ettirildi?<\/p>\n<p>&#8220;Atlas Zedeler Adalet Platformu&#8221; ad\u0131n\u0131 verdikleri platformda birle\u015fen ma\u011fdurlar \u015firketin iki ayr\u0131 bilan\u00e7o d\u00fczenlemek suretiyle \u00e7e\u015fitli muhasebe hileleri yoluna gitti\u011fi, bu \u015fekilde hem mahkemenin iflas karar\u0131na zemin haz\u0131rland\u0131\u011f\u0131 hem de \u015firketin i\u00e7inin bo\u015falt\u0131larak \u015firketten alacakl\u0131 firmalar -buras\u0131 da \u00e7ok \u00f6nemli- d\u00e2hil olmak \u00fczere \u015firket \u00e7al\u0131\u015fanlar\u0131n\u0131n maa\u015f ve tazminatlar\u0131n\u0131n \u00f6denmedi\u011fini iddia ediyorlar. Bunlar \u00e7ok ciddi iddialard\u0131r, bu konular\u0131n her birinin ara\u015ft\u0131r\u0131lmas\u0131 gerekiyor.<\/p>\n<p>Yine, ayn\u0131 \u015fekilde, farkl\u0131 bilan\u00e7olar aras\u0131nda \u00f6zellikle ortaklara aktar\u0131lan ve ortaklar ile \u015firket aras\u0131ndaki para al\u0131\u015fveri\u015finin \u015faibeli ve tutars\u0131z oldu\u011fu iddialar\u0131 da var. \u015e\u00f6yle ki: \u015eirketin sundu\u011fu 31 Aral\u0131k 2019 tarihli bilan\u00e7oda ortaklardan alacak miktarlar\u0131 g\u00f6r\u00fcn\u00fcyor ama 9 Mart 2020 tarihinde sunulan bilan\u00e7oda ise ortaklardan alacaklar s\u0131f\u0131r. \u0130ki bilan\u00e7o aras\u0131ndaki bu farkl\u0131l\u0131k dahi ma\u011fdur personelin alacaklar\u0131 a\u00e7\u0131s\u0131ndan incelenmesi ve ara\u015ft\u0131r\u0131lmas\u0131 gereken bir durumdur.<\/p>\n<p>Bir ba\u015fka iddia ise, ili\u015fkili firmalara ve ortaklara transferler yap\u0131larak \u00e7al\u0131\u015fanlar d\u0131\u015f\u0131nda alacakl\u0131 firmalar\u0131n da ma\u011fdur edildi\u011fi iddias\u0131d\u0131r. Bunun da \u00fczerine gidilmesi ve \u00fcst\u00fcnde durulmas\u0131 gerekmektedir. Di\u011fer yandan, &#8220;sipari\u015f avans\u0131&#8221; ad\u0131 alt\u0131nda \u015firketten \u00e7\u0131kar\u0131lan paralar\u0131n vergi ziyan\u0131na neden oldu\u011fu iddialar\u0131 da b\u00fct\u00fcn iddialar\u0131n i\u00e7inde en \u00f6nemlilerinden bir tanesi. Bunlar\u0131 g\u00f6rmezden gelemeyiz. Hem y\u0131llar\u0131n al\u0131n terinin hem de kamu alacaklar\u0131n\u0131n takibinin yap\u0131lmas\u0131 vicdanlar\u0131n rahatlat\u0131lmas\u0131 a\u00e7\u0131s\u0131ndan \u00f6nemlidir\u201d<\/p>\n","protected":false},"excerpt":{"rendered":"<p>\u201c\u0130K\u0130 B\u0130N ATLASJET \u00c7ALI\u015eANI 16 AYDIR MA\u011eDUR\u201d CHP Antalya Milletvekili \u00c7etin Osman Budak, say\u0131lar\u0131 yakla\u015f\u0131k 2 bin ki\u015fiyi bulan ve on alt\u0131 ayd\u0131r maa\u015flar\u0131n\u0131 ve tazminatlar\u0131n\u0131 alamayan AtlasJet \u00e7al\u0131\u015fanlar\u0131n\u0131n devam eden ma\u011fduriyetlerinin bir an \u00f6nce giderilmesi gerekti\u011fini s\u00f6yledi. Atlasjet\u2019in \u015faibeli bir \u015fekilde iflas ettirilerek hem \u00e7al\u0131\u015fanlar\u0131n aldat\u0131ld\u0131\u011f\u0131 hem de alacakl\u0131 \u015firketlerin ve devletin zarara u\u011frat\u0131ld\u0131\u011f\u0131 [&hellip;]<\/p>\n","protected":false},"author":1,"featured_media":22598,"comment_status":"closed","ping_status":"open","sticky":false,"template":"","format":"standard","meta":[],"categories":[52,35],"tags":[],"amp_enabled":true,"_links":{"self":[{"href":"https:\/\/chpantalya.com\/index.php?rest_route=\/wp\/v2\/posts\/22641"}],"collection":[{"href":"https:\/\/chpantalya.com\/index.php?rest_route=\/wp\/v2\/posts"}],"about":[{"href":"https:\/\/chpantalya.com\/index.php?rest_route=\/wp\/v2\/types\/post"}],"author":[{"embeddable":true,"href":"https:\/\/chpantalya.com\/index.php?rest_route=\/wp\/v2\/users\/1"}],"replies":[{"embeddable":true,"href":"https:\/\/chpantalya.com\/index.php?rest_route=%2Fwp%2Fv2%2Fcomments&post=22641"}],"version-history":[{"count":0,"href":"https:\/\/chpantalya.com\/index.php?rest_route=\/wp\/v2\/posts\/22641\/revisions"}],"wp:featuredmedia":[{"embeddable":true,"href":"https:\/\/chpantalya.com\/index.php?rest_route=\/wp\/v2\/media\/22598"}],"wp:attachment":[{"href":"https:\/\/chpantalya.com\/index.php?rest_route=%2Fwp%2Fv2%2Fmedia&parent=22641"}],"wp:term":[{"taxonomy":"category","embeddable":true,"href":"https:\/\/chpantalya.com\/index.php?rest_route=%2Fwp%2Fv2%2Fcategories&post=22641"},{"taxonomy":"post_tag","embeddable":true,"href":"https:\/\/chpantalya.com\/index.php?rest_route=%2Fwp%2Fv2%2Ftags&post=22641"}],"curies":[{"name":"wp","href":"https:\/\/api.w.org\/{rel}","templated":true}]}}