{"id":22643,"date":"2021-06-18T14:45:39","date_gmt":"2021-06-18T11:45:39","guid":{"rendered":"http:\/\/chpantalya.com\/?p=22643"},"modified":"2021-06-18T14:45:39","modified_gmt":"2021-06-18T11:45:39","slug":"cumhuriyet-savcilarinin-uzerine-hukuki-amir-atanamaz","status":"publish","type":"post","link":"https:\/\/chpantalya.com\/?p=22643","title":{"rendered":"CUMHUR\u0130YET SAVCILARININ \u00dcZER\u0130NE HUKUK\u0130 AM\u0130R ATANAMAZ"},"content":{"rendered":"<p>CHP Antalya Milletvekili ve TBMM Adalet Komisyonu \u00fcyesi Rafet Zeybek, Ceza ve G\u00fcvenlik Tedbirlerinin \u0130nfaz\u0131 Hakk\u0131ndaki Kanun Teklifi \u00fczerine yap\u0131lan TBMM Genel Kurulu\u2019nda g\u00f6r\u00fc\u015fmelerinde yapt\u0131\u011f\u0131 konu\u015fmada, teklifin Cumhuriyet Savc\u0131lar\u0131n\u0131 hukuki olarak, Cumhuriyet Ba\u015fsavc\u0131s\u0131na ba\u011flayaca\u011f\u0131 ve ba\u011f\u0131ms\u0131z soru\u015fturma yapma yetkilerini engelleyece\u011fini belirtti.<\/p>\n<p>CHP Milletvekili Rafet Zeybek konu\u015fmas\u0131nda \u015fu ifadeleri kulland\u0131;<\/p>\n<p><strong>YARGININ SORUNLARI K\u00dc\u00c7\u00dcK DE\u011e\u0130\u015e\u0130KL\u0130KLERLE D\u00dcZELMEZ<\/strong><\/p>\n<p>\u201cAKP iktidar\u0131n\u0131n getirdi\u011fi her kanun teklifinde mutlaka bu \u00fclkenin yarg\u0131s\u0131na zarar verecek \u00e7ok ciddi maddeler oluyor,\u00a0 T\u00fcrk yarg\u0131s\u0131n\u0131n \u00e7ok ciddi sorunlar\u0131 var. T\u00fcrk yarg\u0131s\u0131n\u0131n sorunlar\u0131 m\u00fcnferit yasalarda yap\u0131lan k\u00fc\u00e7\u00fck de\u011fi\u015fikliklerle \u00e7\u00f6z\u00fclmeyecek kadar b\u00fcy\u00fckt\u00fcr. E\u011fer bir \u00fclkenin yarg\u0131s\u0131 ba\u011f\u0131ms\u0131z de\u011filse o \u00fclkede hukuk devleti iddias\u0131 yoktur. E\u011fer, bir \u00fclkenin h\u00e2kimleri ile savc\u0131lar\u0131 iktidar\u0131n yani y\u00fcr\u00fctmenin tahakk\u00fcm\u00fc alt\u0131na sokulduysa o \u00fclkede adalet yoktur. T\u00fcrkiye&#8217;de maalesef, yarg\u0131 da ba\u011f\u0131ms\u0131z de\u011fildir, T\u00fcrkiye&#8217;de adalet de da\u011f\u0131t\u0131lmamaktad\u0131r.\u201d<\/p>\n<p><strong>CUMHUR\u0130YET SAVCILARININ \u00dcZER\u0130NE HUKUK\u0130 AM\u0130R ATANAMAZ<\/strong><\/p>\n<p>\u201cTeklifin \u00f6zellikle, 2&#8217;nci ve 3&#8217;\u00fcnc\u00fc maddesi Cumhuriyet Savc\u0131lar\u0131n\u0131n \u00fcst\u00fcne Cumhuriyet Ba\u015fsavc\u0131lar\u0131n\u0131 getirmektedir. 81 Ba\u015fsavc\u0131y\u0131 g\u00fc\u00e7lendirmekte, b\u00fct\u00fcn yetkileri vermekte, savc\u0131lar\u0131 da onlar\u0131n tahakk\u00fcm\u00fc alt\u0131na sokmaktad\u0131r. Cumhuriyet Savc\u0131lar\u0131 ba\u011f\u0131ms\u0131zd\u0131r, yani idari anlamda ise Ba\u015fsavc\u0131ya ba\u011f\u0131ml\u0131d\u0131r ancak bu teklifle hukuk anlam\u0131nda ba\u011f\u0131ms\u0131zl\u0131klar\u0131 da kalmayacakt\u0131r.\u201d<\/p>\n<p>\u201cCMK&#8217;n\u0131n 160&#8217;\u0131nc\u0131 maddesinde de \u015f\u00f6yle diyor: Cumhuriyet Savc\u0131lar\u0131 bir ihbar, \u015fik\u00e2yet ald\u0131\u011f\u0131 anda yani bir su\u00e7 iddias\u0131n\u0131 \u00f6\u011frendi\u011fi anda harekete ge\u00e7er. Ba\u015fsavc\u0131lar demiyor. \u015eimdi kim ge\u00e7ecek harekete? O su\u00e7u \u00f6\u011frenen ba\u015fsavc\u0131 ge\u00e7ecek de\u011fil mi? Savc\u0131n\u0131n ge\u00e7me hakk\u0131 yok. Ba\u015fsavc\u0131 &#8220;Ge\u00e7me.&#8221; derse ge\u00e7meyecek &#8220;Ge\u00e7.&#8221; derse ge\u00e7ecek. Yarg\u0131ya m\u00fcdahale ve talimat verme artacakt\u0131r. Bu teklif yerine savc\u0131 yard\u0131mc\u0131l\u0131\u011f\u0131 getirilmesi, yarg\u0131 sistemi i\u00e7in daha uygulanabilirdir.\u201d<\/p>\n<p><strong>CEMAAT\u0130N, MAFYANIN, \u0130KT\u0130DARIN YARGISI OLMAZ, M\u0130LLET\u0130N YARGISI OLUR<\/strong><\/p>\n<p>\u201cT\u00fcrkiye\u2019de h\u00e2kimlik teminat\u0131 yoktur. Bu \u00fclkede h\u00e2kim savc\u0131lar\u0131n co\u011frafi teminat\u0131 yoktur. E\u011fer verdi\u011fi karara g\u00f6re ertesi g\u00fcn bir h\u00e2kim savc\u0131y\u0131 tayin ediyorsan\u0131z ya da hakk\u0131nda, verdi\u011fi karar nedeniyle disiplin soru\u015fturmas\u0131 a\u00e7\u0131l\u0131yorsa, &#8220;T\u00fcrkiye&#8217;de ba\u011f\u0131ms\u0131z ve tarafs\u0131z yarg\u0131 var.&#8221; deme hakk\u0131m\u0131z yoktur. Te\u015fhisi koyal\u0131m, T\u00fcrkiye&#8217;de yarg\u0131 sorunludur ve T\u00fcrkiye&#8217;de yarg\u0131 ba\u011f\u0131ms\u0131z ve tarafs\u0131z de\u011fildir. \u00a0Ne kadar iyi kanun \u00e7\u0131kar\u0131rsan\u0131z \u00e7\u0131kar\u0131n e\u011fer uygulamada ba\u011f\u0131ms\u0131z bir yarg\u0131 yoksa, ba\u011f\u0131ms\u0131z h\u00e2kim ve savc\u0131lar yoksa hi\u00e7bir yarar sa\u011flamaz.\u201d<\/p>\n<p>&#8220;Bu milletin yarg\u0131s\u0131d\u0131r, cemaatin yarg\u0131s\u0131 olmaz, y\u00fcr\u00fctmenin yarg\u0131s\u0131 olmaz, gruplar\u0131n olmaz, mafyan\u0131n yarg\u0131s\u0131 olmaz. Ama bak\u0131yoruz hepsinin yarg\u0131s\u0131 var. Y\u00fcr\u00fctmenin yarg\u0131s\u0131 var, mafyan\u0131n yarg\u0131s\u0131 var; devletin o g\u00fc\u00e7lerinin i\u00e7ine, yasaman\u0131n i\u00e7ine mafya giriyor, y\u00fcr\u00fctmenin i\u00e7ine mafya giriyor, yarg\u0131n\u0131n i\u00e7ine mafya giriyor. Yarg\u0131 ba\u011f\u0131ms\u0131zl\u0131\u011f\u0131 ve yarg\u0131ya g\u00fcven ise s\u00fcrekli zedeleniyor.\u201d<\/p>\n","protected":false},"excerpt":{"rendered":"<p>CHP Antalya Milletvekili ve TBMM Adalet Komisyonu \u00fcyesi Rafet Zeybek, Ceza ve G\u00fcvenlik Tedbirlerinin \u0130nfaz\u0131 Hakk\u0131ndaki Kanun Teklifi \u00fczerine yap\u0131lan TBMM Genel Kurulu\u2019nda g\u00f6r\u00fc\u015fmelerinde yapt\u0131\u011f\u0131 konu\u015fmada, teklifin Cumhuriyet Savc\u0131lar\u0131n\u0131 hukuki olarak, Cumhuriyet Ba\u015fsavc\u0131s\u0131na ba\u011flayaca\u011f\u0131 ve ba\u011f\u0131ms\u0131z soru\u015fturma yapma yetkilerini engelleyece\u011fini belirtti. CHP Milletvekili Rafet Zeybek konu\u015fmas\u0131nda \u015fu ifadeleri kulland\u0131; YARGININ SORUNLARI K\u00dc\u00c7\u00dcK DE\u011e\u0130\u015e\u0130KL\u0130KLERLE D\u00dcZELMEZ \u201cAKP [&hellip;]<\/p>\n","protected":false},"author":1,"featured_media":22603,"comment_status":"closed","ping_status":"open","sticky":false,"template":"","format":"standard","meta":[],"categories":[35,62],"tags":[],"amp_enabled":true,"_links":{"self":[{"href":"https:\/\/chpantalya.com\/index.php?rest_route=\/wp\/v2\/posts\/22643"}],"collection":[{"href":"https:\/\/chpantalya.com\/index.php?rest_route=\/wp\/v2\/posts"}],"about":[{"href":"https:\/\/chpantalya.com\/index.php?rest_route=\/wp\/v2\/types\/post"}],"author":[{"embeddable":true,"href":"https:\/\/chpantalya.com\/index.php?rest_route=\/wp\/v2\/users\/1"}],"replies":[{"embeddable":true,"href":"https:\/\/chpantalya.com\/index.php?rest_route=%2Fwp%2Fv2%2Fcomments&post=22643"}],"version-history":[{"count":0,"href":"https:\/\/chpantalya.com\/index.php?rest_route=\/wp\/v2\/posts\/22643\/revisions"}],"wp:featuredmedia":[{"embeddable":true,"href":"https:\/\/chpantalya.com\/index.php?rest_route=\/wp\/v2\/media\/22603"}],"wp:attachment":[{"href":"https:\/\/chpantalya.com\/index.php?rest_route=%2Fwp%2Fv2%2Fmedia&parent=22643"}],"wp:term":[{"taxonomy":"category","embeddable":true,"href":"https:\/\/chpantalya.com\/index.php?rest_route=%2Fwp%2Fv2%2Fcategories&post=22643"},{"taxonomy":"post_tag","embeddable":true,"href":"https:\/\/chpantalya.com\/index.php?rest_route=%2Fwp%2Fv2%2Ftags&post=22643"}],"curies":[{"name":"wp","href":"https:\/\/api.w.org\/{rel}","templated":true}]}}