{"id":22648,"date":"2021-06-21T11:24:37","date_gmt":"2021-06-21T08:24:37","guid":{"rendered":"http:\/\/chpantalya.com\/?p=22648"},"modified":"2021-06-21T11:24:37","modified_gmt":"2021-06-21T08:24:37","slug":"ozer-dim-cayindaki-2-hes-tehdidini-cevre-bakanina-sordu","status":"publish","type":"post","link":"https:\/\/chpantalya.com\/?p=22648","title":{"rendered":"\u00d6ZER D\u0130M \u00c7AYINDAK\u0130 2. HES TEHD\u0130D\u0130N\u0130 \u00c7EVRE BAKANINA SORDU"},"content":{"rendered":"<p><b>M\u00dcS\u0130LAJI G\u00d6REMEYEN BAKANLIK<\/b><\/p>\n<p><b>HES TEHL\u0130KES\u0130N\u0130N FARKINDA MI?<\/b><\/p>\n<p>&nbsp;<\/p>\n<p><b>SUYUN ENERJ\u0130YE DE\u011e\u0130L TARIMA<\/b><\/p>\n<p><b>AYRILACA\u011eININ GARANT\u0130S\u0130 VAR MI?<\/b><\/p>\n<p>&nbsp;<\/p>\n<p>CHP\u2019li \u00d6zer, Dim \u00c7ay\u0131nda ya\u015fam alanlar\u0131 ve su varl\u0131\u011f\u0131 \u00fczerinde tehdit olu\u015fturdu\u011fu i\u00e7in ikinci HES\u2019i istemeyen halk\u0131n isyan\u0131n\u0131 \u00c7evre Bakan\u0131 Kurum\u2019a y\u00f6neltti. Suyun tar\u0131ma ayr\u0131lmamas\u0131na dikkat \u00e7eken \u00d6zer, \u201cM\u00fcsilaj felaketini g\u00f6remediniz, HES tehlikesinin fark\u0131nda m\u0131s\u0131n\u0131z?\u201d dedi.<\/p>\n<p>&nbsp;<\/p>\n<p>Ge\u00e7en hafta Alanya Dim \u00c7ay\u0131 \u00fczerinde yap\u0131lmas\u0131 planlanan ikinci HES i\u00e7in \u00c7ED bilgilendirme toplant\u0131s\u0131na halk\u0131n kat\u0131lmamas\u0131 \u00fczerine toplant\u0131n\u0131n ger\u00e7ekle\u015fmedi\u011fi tutana\u011f\u0131 tutulmu\u015ftu. Alacami\u2019deki toplant\u0131ya kat\u0131lmayan y\u00f6re halk\u0131, ya\u015fam alanlar\u0131nda ikinci bir HES\u2019i istemediklerini bas\u0131n a\u00e7\u0131klamas\u0131yla da yinelemi\u015fti. Ge\u00e7en hafta Alacami\u2019de halka destek veren CHP Antalya Milletvekili Ayd\u0131n \u00d6zer, konuyu Meclis g\u00fcndemine ta\u015f\u0131d\u0131. \u00c7evre Bakan\u0131 Murat Kurum\u2019a bir \u00f6nergeyle \u00c7ED s\u00fcrecinde y\u00f6re halk\u0131n\u0131n d\u00fc\u015f\u00fcncesine itibar edilip edilmeyece\u011fini soran \u00d6zer, ayr\u0131ca HES\u2019lerin tar\u0131msal sulama \u00fczerinde yaratt\u0131\u011f\u0131 tehdidin Meclis taraf\u0131ndan ara\u015ft\u0131r\u0131lmas\u0131n\u0131 da istedi. \u00d6zer yapt\u0131\u011f\u0131 a\u00e7\u0131klamada \u015fu ifadelerde bulundu:<\/p>\n<p><b>\u00a0<\/b><\/p>\n<p><b>TARIMSAL SULAMA \u0130K\u0130NC\u0130 PLANDA<\/b><\/p>\n<p>&nbsp;<\/p>\n<p>\u201cYanl\u0131\u015f tar\u0131m politikalar\u0131, yetersiz desteklemeler, artan maliyet girdileri \u00fcreticiyi bunaltt\u0131. Yetmezmi\u015f gibi iklim de\u011fi\u015fiyor, ya\u011f\u0131\u015f rejimi de\u011fi\u015fiyor, su varl\u0131\u011f\u0131m\u0131z azal\u0131yor ve \u00fcreticimiz kurakl\u0131kla m\u00fccadele ediyor. Bu da yetmezmi\u015f gibi bir de baraj sular\u0131n\u0131n tar\u0131msal sulama yerine enerji i\u00e7in kullan\u0131lma \u00e7abas\u0131 \u00fcreticiyi tam anlam\u0131yla \u00e7ileden \u00e7\u0131kar\u0131yor. Antalya Dim \u00c7ay\u0131ndaki \u00fcreticimiz bir HES varken ikinci bir HES ile ekim alanlar\u0131n\u0131 sulayamama tehlikesiyle kar\u015f\u0131 kar\u015f\u0131ya kalm\u0131\u015f durumda. Kurakl\u0131kla m\u00fccadele ederken mevcut su varl\u0131\u011f\u0131n\u0131n da HES\u2019lere ayr\u0131larak g\u0131da \u00fcretiminde kullan\u0131lmamas\u0131 ihtimali \u00fcreticiyi tedirgin ediyor. \u00c7\u00fcnk\u00fc b\u00f6yle olmayaca\u011f\u0131n\u0131n garantisini veren yok!\u201d<\/p>\n<p><b>\u00a0<\/b><\/p>\n<p><b>ANTALYA\u2019DAK\u0130 HES\u2019LER\u0130N ETK\u0130LER\u0130 NELER?<\/b><\/p>\n<p>&nbsp;<\/p>\n<p>CHP\u2019li \u00d6zer verdi\u011fi soru \u00f6nergesinde Bakan Kurum\u2019a \u015fu sorular\u0131 y\u00f6neltti:<\/p>\n<ul>\n<li>Antalya ilimizde i\u015fletmedeki HES say\u0131s\u0131n\u0131n 23, yap\u0131m a\u015famas\u0131ndaki HES say\u0131s\u0131n\u0131n 3, \u00fcretim lisans\u0131 al\u0131nan HES say\u0131s\u0131n\u0131n 2, planlanan HES say\u0131s\u0131n\u0131n 11 oldu\u011fu do\u011fru mudur? Y\u0131llard\u0131r i\u015fletilen santrallerin \u00e7evreye olumlu\/olumsuz etkileri nelerdir?<\/li>\n<li>Antalya ilimiz Alanya il\u00e7emiz s\u0131n\u0131rlar\u0131nda bulunan Dim \u00c7ay\u0131 \u00fczerinde zaten bir HES faaliyet g\u00f6sterirken ikinci bir HES\u2019e ihtiya\u00e7 var m\u0131d\u0131r? \u00c7ED s\u00fcrecinde ihtiya\u00e7 olup olmad\u0131\u011f\u0131 g\u00f6z \u00f6n\u00fcnde bulundurulmakta m\u0131d\u0131r?<\/li>\n<li>Dim \u00c7ay\u0131 \u00fczerine ikinci bir HES\u2019in yap\u0131lmas\u0131n\u0131 istemeyen y\u00f6re halk\u0131 17.06.2021 tarihindeki \u00c7ED bilgilendirme toplant\u0131s\u0131na kat\u0131lmayarak tavr\u0131n\u0131 g\u00f6stermi\u015ftir. \u00c7ED s\u00fcrecinde Bakanl\u0131\u011f\u0131n\u0131z, HES\u2019in ya\u015famlar\u0131n\u0131 direkt olarak etkileyece\u011fi y\u00f6re halk\u0131n\u0131n d\u00fc\u015f\u00fcncesini dikkate alacak m\u0131d\u0131r?<\/li>\n<li>Dim \u00c7ay\u0131 \u00fczerine planlanan ikinci HES i\u00e7in \u00c7ED olumlu raporunun \u00e7\u0131kmas\u0131 halinde y\u00f6redeki tar\u0131msal alanlar\u0131n etkilenmeyece\u011finin, mevcut su varl\u0131\u011f\u0131n\u0131n g\u0131da \u00fcretimine y\u00f6nlendirilmesi yerine enerji \u00fcretimine ayr\u0131lmayaca\u011f\u0131n\u0131n bir garantisi var m\u0131d\u0131r?<b>\u00a0<\/b>\n<p><b>HES\u2019LER SUYU HAPSETM\u0130YOR MU?<\/b><\/p>\n<p>&nbsp;<\/li>\n<li>Kurakl\u0131k tehdidi alt\u0131ndaki \u00fclkemizde, yeralt\u0131 su varl\u0131klar\u0131m\u0131z\u0131n da azald\u0131\u011f\u0131 bilgisi yanl\u0131\u015f m\u0131d\u0131r? Yanl\u0131\u015f de\u011filse mevcut suyun enerjide kullan\u0131lmas\u0131 ne kadar do\u011frudur?<\/li>\n<li>Yeni yap\u0131lacak HES\u2019ler daha \u00e7ok su kayna\u011f\u0131n\u0131 hapsedece\u011fine g\u00f6re, bu durum tar\u0131msal \u00fcretim i\u00e7in bir tehdit olu\u015fturmaz m\u0131?<\/li>\n<li>Mevcut su varl\u0131\u011f\u0131m\u0131z\u0131n tar\u0131msal sulamadan \u00e7ok, enerjiye ayr\u0131lmas\u0131n\u0131n yarataca\u011f\u0131 sorunlara ili\u015fkin herhangi bir \u00e7al\u0131\u015fman\u0131z var m\u0131d\u0131r?<\/li>\n<li>Su varl\u0131\u011f\u0131m\u0131z\u0131n enerji \u00fcretiminde daha az kullan\u0131lmas\u0131 y\u00f6n\u00fcnde bir planlaman\u0131z var m\u0131d\u0131r?<\/li>\n<li>Bakanl\u0131k olarak hidroelektrik santrallerin \u00e7evreye olumsuz etkilerine ili\u015fkin \u00e7evre kurulu\u015flar\u0131n\u0131n raporlar\u0131n\u0131 ve uyar\u0131lar\u0131n\u0131 dikkate al\u0131yor musunuz? Bu uyar\u0131lar do\u011frultusunda yapt\u0131\u011f\u0131n\u0131z de\u011ferlendirme ve \u00e7al\u0131\u015fmalar nelerdir?<\/li>\n<li>M\u00fcsilaj felaketini g\u00f6remeyen Bakanl\u0131\u011f\u0131n\u0131z, HES tehlikesinin fark\u0131nda m\u0131d\u0131r?<\/li>\n<\/ul>\n\r\n                <style type=\"text\/css\">\r\n                    \r\n                    #tdi_1  .td-doubleSlider-2 .td-item1 {\r\n                        background: url(https:\/\/chpantalya.com\/wp-content\/uploads\/2021\/06\/foto1-160x120.jpeg) 0 0 no-repeat;\r\n                    }\r\n                    #tdi_1  .td-doubleSlider-2 .td-item2 {\r\n                        background: url(https:\/\/chpantalya.com\/wp-content\/uploads\/2021\/06\/foto2-160x120.jpeg) 0 0 no-repeat;\r\n                    }\r\n                <\/style>\r\n\r\n                <div id=\"tdi_1\" class=\"td-gallery td-slide-on-2-columns\">\r\n                    <div class=\"post_td_gallery\">\r\n                        <div class=\"td-gallery-slide-top\">\r\n                           <div class=\"td-gallery-title\"><\/div>\r\n\r\n                            <div class=\"td-gallery-controls-wrapper\">\r\n                                <div class=\"td-gallery-slide-count\"><span class=\"td-gallery-slide-item-focus\">1<\/span> - 2<\/div>\r\n                                <div class=\"td-gallery-slide-prev-next-but\">\r\n                                    <i class = \"td-icon-left doubleSliderPrevButton\"><\/i>\r\n                                    <i class = \"td-icon-right doubleSliderNextButton\"><\/i>\r\n                                <\/div>\r\n                            <\/div>\r\n                        <\/div>\r\n\r\n                        <div class = \"td-doubleSlider-1 \">\r\n                            <div class = \"td-slider\">\r\n                                \r\n                    <div class = \"td-slide-item td-item1\">\r\n                        <figure class=\"td-slide-galery-figure td-slide-popup-gallery\">\r\n                            <a class=\"slide-gallery-image-link\" href=\"https:\/\/chpantalya.com\/wp-content\/uploads\/2021\/06\/foto1.jpeg\" title=\"foto1\"  data-caption=\"\"  data-description=\"\">\r\n                                <img src=\"https:\/\/chpantalya.com\/wp-content\/uploads\/2021\/06\/foto1-560x420.jpeg\" srcset=\"https:\/\/chpantalya.com\/wp-content\/uploads\/2021\/06\/foto1-560x420.jpeg 420w, https:\/\/chpantalya.com\/wp-content\/uploads\/2021\/06\/foto1-1120x840.jpeg 840w\" sizes=\"(-webkit-min-device-pixel-ratio: 2) 840px, (min-resolution: 192dpi) 840px, 420px\" alt=\"\">\r\n                            <\/a>\r\n                            \r\n                        <\/figure>\r\n                    <\/div>\r\n                    <div class = \"td-slide-item td-item2\">\r\n                        <figure class=\"td-slide-galery-figure td-slide-popup-gallery\">\r\n                            <a class=\"slide-gallery-image-link\" href=\"https:\/\/chpantalya.com\/wp-content\/uploads\/2021\/06\/foto2.jpeg\" title=\"foto2\"  data-caption=\"\"  data-description=\"\">\r\n                                <img src=\"https:\/\/chpantalya.com\/wp-content\/uploads\/2021\/06\/foto2-560x420.jpeg\" srcset=\"https:\/\/chpantalya.com\/wp-content\/uploads\/2021\/06\/foto2-560x420.jpeg 420w, https:\/\/chpantalya.com\/wp-content\/uploads\/2021\/06\/foto2-1120x840.jpeg 840w\" sizes=\"(-webkit-min-device-pixel-ratio: 2) 840px, (min-resolution: 192dpi) 840px, 420px\" alt=\"\">\r\n                            <\/a>\r\n                            \r\n                        <\/figure>\r\n                    <\/div>\r\n                            <\/div>\r\n                        <\/div>\r\n\r\n                        <div class = \"td-doubleSlider-2\">\r\n                            <div class = \"td-slider\">\r\n                                \r\n                    <div class = \"td-button td-item1\">\r\n                        <div class = \"td-border\"><\/div>\r\n                    <\/div>\r\n                    <div class = \"td-button td-item2\">\r\n                        <div class = \"td-border\"><\/div>\r\n                    <\/div>\r\n                            <\/div>\r\n                        <\/div>\r\n\r\n                    <\/div>\r\n\r\n                <\/div>\r\n                \n","protected":false},"excerpt":{"rendered":"<p>M\u00dcS\u0130LAJI G\u00d6REMEYEN BAKANLIK HES TEHL\u0130KES\u0130N\u0130N FARKINDA MI? &nbsp; SUYUN ENERJ\u0130YE DE\u011e\u0130L TARIMA AYRILACA\u011eININ GARANT\u0130S\u0130 VAR MI? &nbsp; CHP\u2019li \u00d6zer, Dim \u00c7ay\u0131nda ya\u015fam alanlar\u0131 ve su varl\u0131\u011f\u0131 \u00fczerinde tehdit olu\u015fturdu\u011fu i\u00e7in ikinci HES\u2019i istemeyen halk\u0131n isyan\u0131n\u0131 \u00c7evre Bakan\u0131 Kurum\u2019a y\u00f6neltti. Suyun tar\u0131ma ayr\u0131lmamas\u0131na dikkat \u00e7eken \u00d6zer, \u201cM\u00fcsilaj felaketini g\u00f6remediniz, HES tehlikesinin fark\u0131nda m\u0131s\u0131n\u0131z?\u201d dedi. &nbsp; Ge\u00e7en [&hellip;]<\/p>\n","protected":false},"author":1,"featured_media":22649,"comment_status":"closed","ping_status":"open","sticky":false,"template":"","format":"standard","meta":[],"categories":[60,35],"tags":[],"amp_enabled":true,"_links":{"self":[{"href":"https:\/\/chpantalya.com\/index.php?rest_route=\/wp\/v2\/posts\/22648"}],"collection":[{"href":"https:\/\/chpantalya.com\/index.php?rest_route=\/wp\/v2\/posts"}],"about":[{"href":"https:\/\/chpantalya.com\/index.php?rest_route=\/wp\/v2\/types\/post"}],"author":[{"embeddable":true,"href":"https:\/\/chpantalya.com\/index.php?rest_route=\/wp\/v2\/users\/1"}],"replies":[{"embeddable":true,"href":"https:\/\/chpantalya.com\/index.php?rest_route=%2Fwp%2Fv2%2Fcomments&post=22648"}],"version-history":[{"count":0,"href":"https:\/\/chpantalya.com\/index.php?rest_route=\/wp\/v2\/posts\/22648\/revisions"}],"wp:featuredmedia":[{"embeddable":true,"href":"https:\/\/chpantalya.com\/index.php?rest_route=\/wp\/v2\/media\/22649"}],"wp:attachment":[{"href":"https:\/\/chpantalya.com\/index.php?rest_route=%2Fwp%2Fv2%2Fmedia&parent=22648"}],"wp:term":[{"taxonomy":"category","embeddable":true,"href":"https:\/\/chpantalya.com\/index.php?rest_route=%2Fwp%2Fv2%2Fcategories&post=22648"},{"taxonomy":"post_tag","embeddable":true,"href":"https:\/\/chpantalya.com\/index.php?rest_route=%2Fwp%2Fv2%2Ftags&post=22648"}],"curies":[{"name":"wp","href":"https:\/\/api.w.org\/{rel}","templated":true}]}}