{"id":22658,"date":"2021-06-22T16:33:18","date_gmt":"2021-06-22T13:33:18","guid":{"rendered":"http:\/\/chpantalya.com\/?p=22658"},"modified":"2021-06-22T16:33:18","modified_gmt":"2021-06-22T13:33:18","slug":"cavit-ari-satmayin-dedik-dinletemedik","status":"publish","type":"post","link":"https:\/\/chpantalya.com\/?p=22658","title":{"rendered":"CAV\u0130T ARI: SATMAYIN DED\u0130K D\u0130NLETEMED\u0130K!"},"content":{"rendered":"<p><strong>KA\u015e\u2019TAK\u0130 V\u0130LLALARI SAT KURTUL YER\u0130NE LOJMAN ARSASINI KURTARIN\u201d <\/strong><\/p>\n<p>Ka\u015f\u2019\u0131n merkezindeki lojman arsas\u0131yla takas edilen tart\u0131\u015fmal\u0131 villalar 24.06.2021 tarihinde yap\u0131lacak ihaleyle Antalya Valili\u011fi Yat\u0131r\u0131m \u0130zleme ve Koordinasyon Ba\u015fkanl\u0131\u011f\u0131 taraf\u0131ndan sat\u0131\u015fa \u00e7\u0131kar\u0131ld\u0131.<\/p>\n<p>TBMM Plan ve B\u00fct\u00e7e Komisyonu \u00fcyesi CHP Antalya Milletvekili Av.Cavit ARI, \u201cAntalya\u2019n\u0131n Ka\u015f il\u00e7esindeki usuls\u00fcz lojman\u0131 takas\u0131 ile sat\u0131n al\u0131nan 2 adet villay\u0131 sat\u0131\u015fa \u00e7\u0131karman\u0131n yanl\u0131\u015f olaca\u011f\u0131n\u0131, yap\u0131lmas\u0131 gerekenin lojman alan\u0131n\u0131n geri kazan\u0131lmas\u0131 gerekti\u011fini 3 ay \u00f6nce \u0130\u00e7i\u015fleri Bakanl\u0131\u011f\u0131na, \u00c7evre ve \u015eehircilik\u00a0 Bakanl\u0131\u011f\u0131na ve Antalya Valili\u011fine g\u00f6nderdi\u011fim dilek\u00e7elerle talep etmi\u015f olmama ra\u011fmen bug\u00fcn \u00fcz\u00fclerek g\u00f6r\u00fcyorum ki bu talebim hi\u00e7 dikkate al\u0131nmam\u0131\u015f, villalar\u0131n sat\u0131\u015f\u0131 i\u00e7in 24.06.2021 tarihinde ihaleler yap\u0131laca\u011f\u0131 duyurulmu\u015ftur. Burada ciddi kamu zarar\u0131 vard\u0131r ve dilek\u00e7elerime cevap dahi vermeyenler bu zarardan sorumludur. Villalar\u0131 sat\u0131p kurtulaca\u011f\u0131n\u0131za lojman arsas\u0131n\u0131 kurtar\u0131n.\u201d dedi.<\/p>\n<p>Milletvekili Ar\u0131 yapt\u0131\u011f\u0131 a\u00e7\u0131klamada, Antalya\u2019n\u0131n Ka\u015f il\u00e7esinde m\u00fclkiyeti Antalya Valili\u011fi Yat\u0131r\u0131m \u0130zleme ve Koordinasyon Ba\u015fkanl\u0131\u011f\u0131 (Y\u0130KOB)&#8217;na ait Andifli Mahallesi 25 ada\/3 nolu 1.314 metrekare ta\u015f\u0131nmaz \u00fczerinde bulunan Ka\u015f Kaymakam Konutu ve 6 daireden olu\u015fan 3 katl\u0131 Kaymakaml\u0131k Personel Lojman\u0131n\u0131n Antalya Valili\u011fi ve \u0130\u00e7i\u015fleri Bakanl\u0131\u011f\u0131n\u0131n onay\u0131yla Ka\u015f \u00c7ukurba\u011f Yar\u0131madas\u0131&#8217;nda yer alan ve 1.289,82 metrekare b\u00fcy\u00fckl\u00fc\u011fe sahip 193 ada 6 parseldeki iki adet l\u00fcks villa ile takas i\u015flemi 10.09.2020 tarihinde ger\u00e7ekle\u015fmi\u015fti. Her \u00fc\u00e7 kuruma da g\u00f6nderdi\u011fim dilek\u00e7ede bu villalar\u0131n sat\u0131\u015f i\u015fleminin durdurulmas\u0131n\u0131, kamu zarar\u0131na sebebiyet veren ki\u015filer kimse haklar\u0131nda biran evvel idari ve adli soru\u015fturma a\u00e7arak lojman alan\u0131n\u0131n kamuya geri kazand\u0131r\u0131lmas\u0131na y\u00f6nelik idari ve hukuki i\u015flemlerin ba\u015flat\u0131lmas\u0131 gerekti\u011fini ifade etmi\u015ftim diyen CHP Antalya Milletvekili Av.Cavit ARI, lojman alan\u0131n\u0131n geri kazanmak i\u00e7in hukuki ve idari i\u015flem yapmas\u0131 gerekenler satmay\u0131 tercih etmi\u015flerdir, lojman takas\u0131 i\u015flemine imza atanlar, villalar\u0131n sat\u0131\u015f\u0131na karar verenler bu kamu zarar\u0131n\u0131n idari ve hukuki sorumlular\u0131d\u0131r, sat\u0131\u015f de\u011fil lojman arsalar\u0131n\u0131n kurtar\u0131lmas\u0131 gerekir, ihalenin kamu ad\u0131na hak ve adalet ad\u0131na durdurulmas\u0131 ve iptal davas\u0131 a\u00e7\u0131lmas\u0131 gerekir diyerek tepkisini dile getirdi.<\/p>\n","protected":false},"excerpt":{"rendered":"<p>KA\u015e\u2019TAK\u0130 V\u0130LLALARI SAT KURTUL YER\u0130NE LOJMAN ARSASINI KURTARIN\u201d Ka\u015f\u2019\u0131n merkezindeki lojman arsas\u0131yla takas edilen tart\u0131\u015fmal\u0131 villalar 24.06.2021 tarihinde yap\u0131lacak ihaleyle Antalya Valili\u011fi Yat\u0131r\u0131m \u0130zleme ve Koordinasyon Ba\u015fkanl\u0131\u011f\u0131 taraf\u0131ndan sat\u0131\u015fa \u00e7\u0131kar\u0131ld\u0131. TBMM Plan ve B\u00fct\u00e7e Komisyonu \u00fcyesi CHP Antalya Milletvekili Av.Cavit ARI, \u201cAntalya\u2019n\u0131n Ka\u015f il\u00e7esindeki usuls\u00fcz lojman\u0131 takas\u0131 ile sat\u0131n al\u0131nan 2 adet villay\u0131 sat\u0131\u015fa \u00e7\u0131karman\u0131n [&hellip;]<\/p>\n","protected":false},"author":1,"featured_media":22607,"comment_status":"closed","ping_status":"open","sticky":false,"template":"","format":"standard","meta":[],"categories":[63,35],"tags":[],"amp_enabled":true,"_links":{"self":[{"href":"https:\/\/chpantalya.com\/index.php?rest_route=\/wp\/v2\/posts\/22658"}],"collection":[{"href":"https:\/\/chpantalya.com\/index.php?rest_route=\/wp\/v2\/posts"}],"about":[{"href":"https:\/\/chpantalya.com\/index.php?rest_route=\/wp\/v2\/types\/post"}],"author":[{"embeddable":true,"href":"https:\/\/chpantalya.com\/index.php?rest_route=\/wp\/v2\/users\/1"}],"replies":[{"embeddable":true,"href":"https:\/\/chpantalya.com\/index.php?rest_route=%2Fwp%2Fv2%2Fcomments&post=22658"}],"version-history":[{"count":0,"href":"https:\/\/chpantalya.com\/index.php?rest_route=\/wp\/v2\/posts\/22658\/revisions"}],"wp:featuredmedia":[{"embeddable":true,"href":"https:\/\/chpantalya.com\/index.php?rest_route=\/wp\/v2\/media\/22607"}],"wp:attachment":[{"href":"https:\/\/chpantalya.com\/index.php?rest_route=%2Fwp%2Fv2%2Fmedia&parent=22658"}],"wp:term":[{"taxonomy":"category","embeddable":true,"href":"https:\/\/chpantalya.com\/index.php?rest_route=%2Fwp%2Fv2%2Fcategories&post=22658"},{"taxonomy":"post_tag","embeddable":true,"href":"https:\/\/chpantalya.com\/index.php?rest_route=%2Fwp%2Fv2%2Ftags&post=22658"}],"curies":[{"name":"wp","href":"https:\/\/api.w.org\/{rel}","templated":true}]}}