{"id":22663,"date":"2021-06-23T15:54:09","date_gmt":"2021-06-23T12:54:09","guid":{"rendered":"http:\/\/chpantalya.com\/?p=22663"},"modified":"2021-06-23T15:55:55","modified_gmt":"2021-06-23T12:55:55","slug":"finikeye-mujde","status":"publish","type":"post","link":"https:\/\/chpantalya.com\/?p=22663","title":{"rendered":"CAV\u0130T ARI: \u201cF\u0130N\u0130KE\u2019YE M\u00dcJDE\u201d"},"content":{"rendered":"<p>Finike halk\u0131m\u0131zla birlikte s\u00fcrd\u00fc\u011f\u00fcm\u00fcz hakl\u0131 m\u00fccadele olumlu sonu\u00e7 verdi. 25 bin portakal a\u011fac\u0131, bin d\u00f6n\u00fcm tar\u0131m alan\u0131 ve \u015fehrin kimli\u011fini bozacak \u00e7evre yolu projesinden geri ad\u0131m at\u0131ld\u0131.<\/p>\n<p>Karayollar\u0131 Genel M\u00fcd\u00fcrl\u00fc\u011f\u00fc taraf\u0131ndan Finike Belediye Ba\u015fkanl\u0131\u011f\u0131na g\u00f6nderilen 21.06.2021 tarihli yaz\u0131yla \u201cFinike-Demre-Ka\u015f \u00c7evre Yolu\u201d projesinin Finike il\u00e7esi s\u0131n\u0131rlar\u0131 i\u00e7indeki b\u00f6l\u00fcm\u00fcn\u00fcn y\u00f6re halk\u0131n\u0131n tepki ve talepleri \u00fczerine b\u00f6l\u00fcnm\u00fc\u015f yol projesi kapsam\u0131 d\u0131\u015f\u0131na \u00e7\u0131kar\u0131ld\u0131\u011f\u0131, daha \u00f6nce belirlenen g\u00fczergah\u0131n Finike il\u00e7esi s\u0131n\u0131rlar\u0131nda kalan kesiminde herhangi bir proje \u00e7al\u0131\u015fmas\u0131 yap\u0131lmayaca\u011f\u0131, mevcut yolun oldu\u011fu haliyle kalaca\u011f\u0131, ayr\u0131ca bu kesimin devam eden Finike-Demre-Ka\u015f Yolu \u00c7ED s\u00fcrecinin de d\u0131\u015f\u0131nda tutulaca\u011f\u0131 tebli\u011f edilmi\u015ftir.<\/p>\n<p>Daha \u00f6nce Ula\u015ft\u0131rma Bakan\u0131na verdi\u011fimiz soru \u00f6nergesiyle, Finiki\u2019deki a\u00e7\u0131klamalar\u0131m\u0131z ve eylemlerimizle g\u00fcndeme ta\u015f\u0131d\u0131\u011f\u0131m\u0131z s\u00f6z konusu \u00e7evre yolu projesinin, bin d\u00f6n\u00fcml\u00fck tar\u0131m alan\u0131yla beraber 25.000 portakal a\u011fac\u0131n\u0131n yok olmas\u0131na neden olaca\u011f\u0131n\u0131, \u015fehrin kimli\u011fini bozaca\u011f\u0131n\u0131 belirtmi\u015f, \u00fcretim alanlar\u0131n\u0131 yok etmeyelim, narenciye bah\u00e7elerine k\u0131ymayal\u0131m, Finike&#8217;ye k\u0131ymayal\u0131m diyerek bu projeyi l\u00fctfen yeniden g\u00f6zden ge\u00e7irin, Finike&#8217;ye bu zarar\u0131 vermekten vazge\u00e7in demi\u015ftik.<\/p>\n<p>Finike halk\u0131yla birlikte vermi\u015f oldu\u011fumuz m\u00fccadele olumlu sonu\u00e7lanm\u0131\u015ft\u0131r. Hakl\u0131 m\u00fccadelemize CHP \u00f6rg\u00fct\u00fcm\u00fcz, Finike Belediye Ba\u015fkan\u0131m\u0131z ve sivil toplum kurulu\u015flar\u0131yla birlikte katk\u0131 koyduk.<\/p>\n<p>Bu Finike halk\u0131n\u0131n ba\u015far\u0131s\u0131d\u0131r, zaferidir.<\/p>\n<p>Finike\u2019mize hay\u0131rl\u0131 olsun.<\/p>\n\r\n                <style type=\"text\/css\">\r\n                    \r\n                    #tdi_1  .td-doubleSlider-2 .td-item1 {\r\n                        background: url(https:\/\/chpantalya.com\/wp-content\/uploads\/2021\/06\/Finike-Bld.Karayollar\u0131-Genel-Md.l\u00fc\u011f\u00fc-Yaz\u0131s\u0131-21.06.2021-160x120.jpg) 0 0 no-repeat;\r\n                    }\r\n                <\/style>\r\n\r\n                <div id=\"tdi_1\" class=\"td-gallery td-slide-on-2-columns\">\r\n                    <div class=\"post_td_gallery\">\r\n                        <div class=\"td-gallery-slide-top\">\r\n                           <div class=\"td-gallery-title\"><\/div>\r\n\r\n                            <div class=\"td-gallery-controls-wrapper\">\r\n                                <div class=\"td-gallery-slide-count\"><span class=\"td-gallery-slide-item-focus\">1<\/span> - 1<\/div>\r\n                                <div class=\"td-gallery-slide-prev-next-but\">\r\n                                    <i class = \"td-icon-left doubleSliderPrevButton\"><\/i>\r\n                                    <i class = \"td-icon-right doubleSliderNextButton\"><\/i>\r\n                                <\/div>\r\n                            <\/div>\r\n                        <\/div>\r\n\r\n                        <div class = \"td-doubleSlider-1 \">\r\n                            <div class = \"td-slider\">\r\n                                \r\n                    <div class = \"td-slide-item td-item1\">\r\n                        <figure class=\"td-slide-galery-figure td-slide-popup-gallery\">\r\n                            <a class=\"slide-gallery-image-link\" href=\"https:\/\/chpantalya.com\/wp-content\/uploads\/2021\/06\/Finike-Bld.Karayollar\u0131-Genel-Md.l\u00fc\u011f\u00fc-Yaz\u0131s\u0131-21.06.2021.jpg\" title=\"Finike Bld.Karayollar\u0131 Genel Md.l\u00fc\u011f\u00fc Yaz\u0131s\u0131 21.06.2021\"  data-caption=\"\"  data-description=\"\">\r\n                                <img src=\"https:\/\/chpantalya.com\/wp-content\/uploads\/2021\/06\/Finike-Bld.Karayollar\u0131-Genel-Md.l\u00fc\u011f\u00fc-Yaz\u0131s\u0131-21.06.2021-440x420.jpg\" srcset=\"https:\/\/chpantalya.com\/wp-content\/uploads\/2021\/06\/Finike-Bld.Karayollar\u0131-Genel-Md.l\u00fc\u011f\u00fc-Yaz\u0131s\u0131-21.06.2021-440x420.jpg 420w, https:\/\/chpantalya.com\/wp-content\/uploads\/2021\/06\/Finike-Bld.Karayollar\u0131-Genel-Md.l\u00fc\u011f\u00fc-Yaz\u0131s\u0131-21.06.2021-880x840.jpg 840w\" sizes=\"(-webkit-min-device-pixel-ratio: 2) 840px, (min-resolution: 192dpi) 840px, 420px\" alt=\"\">\r\n                            <\/a>\r\n                            \r\n                        <\/figure>\r\n                    <\/div>\r\n                            <\/div>\r\n                        <\/div>\r\n\r\n                        <div class = \"td-doubleSlider-2\">\r\n                            <div class = \"td-slider\">\r\n                                \r\n                    <div class = \"td-button td-item1\">\r\n                        <div class = \"td-border\"><\/div>\r\n                    <\/div>\r\n                            <\/div>\r\n                        <\/div>\r\n\r\n                    <\/div>\r\n\r\n                <\/div>\r\n                \n","protected":false},"excerpt":{"rendered":"<p>Finike halk\u0131m\u0131zla birlikte s\u00fcrd\u00fc\u011f\u00fcm\u00fcz hakl\u0131 m\u00fccadele olumlu sonu\u00e7 verdi. 25 bin portakal a\u011fac\u0131, bin d\u00f6n\u00fcm tar\u0131m alan\u0131 ve \u015fehrin kimli\u011fini bozacak \u00e7evre yolu projesinden geri ad\u0131m at\u0131ld\u0131. Karayollar\u0131 Genel M\u00fcd\u00fcrl\u00fc\u011f\u00fc taraf\u0131ndan Finike Belediye Ba\u015fkanl\u0131\u011f\u0131na g\u00f6nderilen 21.06.2021 tarihli yaz\u0131yla \u201cFinike-Demre-Ka\u015f \u00c7evre Yolu\u201d projesinin Finike il\u00e7esi s\u0131n\u0131rlar\u0131 i\u00e7indeki b\u00f6l\u00fcm\u00fcn\u00fcn y\u00f6re halk\u0131n\u0131n tepki ve talepleri \u00fczerine b\u00f6l\u00fcnm\u00fc\u015f yol [&hellip;]<\/p>\n","protected":false},"author":1,"featured_media":22607,"comment_status":"closed","ping_status":"open","sticky":false,"template":"","format":"standard","meta":[],"categories":[63,35],"tags":[],"amp_enabled":true,"_links":{"self":[{"href":"https:\/\/chpantalya.com\/index.php?rest_route=\/wp\/v2\/posts\/22663"}],"collection":[{"href":"https:\/\/chpantalya.com\/index.php?rest_route=\/wp\/v2\/posts"}],"about":[{"href":"https:\/\/chpantalya.com\/index.php?rest_route=\/wp\/v2\/types\/post"}],"author":[{"embeddable":true,"href":"https:\/\/chpantalya.com\/index.php?rest_route=\/wp\/v2\/users\/1"}],"replies":[{"embeddable":true,"href":"https:\/\/chpantalya.com\/index.php?rest_route=%2Fwp%2Fv2%2Fcomments&post=22663"}],"version-history":[{"count":0,"href":"https:\/\/chpantalya.com\/index.php?rest_route=\/wp\/v2\/posts\/22663\/revisions"}],"wp:featuredmedia":[{"embeddable":true,"href":"https:\/\/chpantalya.com\/index.php?rest_route=\/wp\/v2\/media\/22607"}],"wp:attachment":[{"href":"https:\/\/chpantalya.com\/index.php?rest_route=%2Fwp%2Fv2%2Fmedia&parent=22663"}],"wp:term":[{"taxonomy":"category","embeddable":true,"href":"https:\/\/chpantalya.com\/index.php?rest_route=%2Fwp%2Fv2%2Fcategories&post=22663"},{"taxonomy":"post_tag","embeddable":true,"href":"https:\/\/chpantalya.com\/index.php?rest_route=%2Fwp%2Fv2%2Ftags&post=22663"}],"curies":[{"name":"wp","href":"https:\/\/api.w.org\/{rel}","templated":true}]}}