{"id":22669,"date":"2021-06-28T15:26:39","date_gmt":"2021-06-28T12:26:39","guid":{"rendered":"http:\/\/chpantalya.com\/?p=22669"},"modified":"2021-06-28T15:26:39","modified_gmt":"2021-06-28T12:26:39","slug":"evine-hos-geldin-muhittin-baskan","status":"publish","type":"post","link":"https:\/\/chpantalya.com\/?p=22669","title":{"rendered":"\u201cEV\u0130NE HO\u015e GELD\u0130N MUH\u0130TT\u0130N BA\u015eKAN\u201d"},"content":{"rendered":"<p>Antalya B\u00fcy\u00fck\u015fehir Belediye Ba\u015fkan\u0131 Muhittin B\u00f6cek, Cumhuriyet Halk Partisi Antalya \u0130l Ba\u015fkanl\u0131\u011f\u0131n\u0131 ziyaret etti. \u0130l Ba\u015fkan\u0131 Nuri Cengiz\u2019in, \u201cEvinize ho\u015f geldiniz\u201d diyerek kar\u015f\u0131lad\u0131\u011f\u0131 Ba\u015fkan Muhittin B\u00f6cek, \u201cMensubu olmaktan gurur duydu\u011fum partimi ziyarete geldim, ho\u015f buldum\u201d dedi<\/p>\n<p>Antalya B\u00fcy\u00fck\u015fehir Belediye Ba\u015fkan\u0131 Muhittin B\u00f6cek, Cumhuriyet Halk Partisi Antalya \u0130l Ba\u015fkanl\u0131\u011f\u0131\u2019n\u0131 ziyaret ederek; \u0130l Ba\u015fkan\u0131 Nuri Cengiz ve y\u00f6netim kurulunun konu\u011fu oldu. \u0130l Ba\u015fkan\u0131 Nuri Cengiz\u2019in makam\u0131nda ger\u00e7ekle\u015fen g\u00f6r\u00fc\u015fmeye \u0130l Ba\u015fkan Yard\u0131mc\u0131lar\u0131n\u0131n yan\u0131 s\u0131ra \u0130l Kad\u0131n Kollar\u0131 Ba\u015fkan\u0131 Nil\u00fcfer Deveci ve y\u00f6neticileri ile \u0130l Gen\u00e7lik Kollar\u0131 Ba\u015fkan\u0131 \u00d6zkan Y\u0131lmaz ve y\u00f6neticileri de kat\u0131l\u0131m sa\u011flad\u0131. \u0130l Ba\u015fkan\u0131 Nuri Cengiz taraf\u0131ndan \u201cEvinize ho\u015f geldiniz\u201d diyerek kar\u015f\u0131lanan B\u00fcy\u00fck\u015fehir Belediye Ba\u015fkan\u0131 Muhittin B\u00f6cek, \u201cMensubu olmaktan gurur duydu\u011fum partimin \u0130l Ba\u015fkanl\u0131\u011f\u0131n\u0131 ziyarete geldim, ho\u015f buldum\u201d diye yan\u0131t verdi. Ba\u015fkan B\u00f6cek\u2019in hastal\u0131k s\u00fcreci, \u00f6ncesi ve sonras\u0131ndaki pandemi s\u00fcreci \u00e7al\u0131\u015fmalar\u0131, gelecek yat\u0131r\u0131mlar\u0131 ve olas\u0131 bir genel se\u00e7im s\u00fcreci hakk\u0131nda de\u011ferlendirmelerde bulunan Ba\u015fkan Nuri Cengiz, \u201cSizler bu hastal\u0131\u011f\u0131n\u0131z s\u00fcrecinde \u00e7ok zoru ba\u015fard\u0131n\u0131z, dualar\u0131m\u0131z hep sizinleydi. Bundan sonra daha da g\u00fc\u00e7lenerek devam edece\u011fiz. Isparta\u2019da bir gazeteci ne durumdas\u0131n\u0131z diye sordu\u011funda Ba\u015fkan\u0131m\u0131z, \u201cG\u00fcre\u015febilirim\u201d diye esprili bir cevap vermi\u015fti. Bu bizi \u00e7ok mutlu etti. B\u00fcy\u00fck\u015fehir Belediye Ba\u015fkanl\u0131\u011f\u0131 Ka\u015f\u2019tan Gazipa\u015fa\u2019ya kadar \u00e7ok b\u00fcy\u00fck bir co\u011frafyay\u0131 y\u00f6netmek b\u00fcy\u00fck g\u00fc\u00e7 ve enerji istiyor. Bu anlamda g\u00fcc\u00fcn\u00fcz\u00fcn yerinde olmas\u0131 Antalyam\u0131z i\u00e7in \u00e7ok \u00f6nemli. Bizler de CHP \u00f6rg\u00fctleri olarak her daim arkan\u0131zday\u0131z. 2019\u2019da zor bir g\u00f6rev devrald\u0131n\u0131z. Sizden \u00f6nceki d\u00f6nemden kalma s\u0131k\u0131nt\u0131lar\u0131n oldu\u011fu bir y\u00f6netimin i\u00e7erisinde buldunuz kendiniz. Fakat 25 y\u0131ll\u0131k deneyimle birlikte bu sorunlar\u0131 ba\u015far\u0131yla g\u00f6\u011f\u00fcsleyerek ilerliyorsunuz\u201d \u015feklinde konu\u015ftu.<\/p>\n<p><strong>\u201cZorlu S\u0131nav\u0131 Ba\u015far\u0131yla Atlatt\u0131k\u201d<\/strong><\/p>\n<p>CHP\u2019li belediyelerin \u00e7al\u0131\u015fmalar\u0131n\u0131n genel se\u00e7imlere de yans\u0131yacak oldu\u011funu ifade eden Ba\u015fkan Nuri Cengiz, \u201c\u00d6zellikle kimsenin deneyim sahibi olmad\u0131\u011f\u0131 bu pandemi s\u00fcrecinde, Cumhuriyet Halk Partili yerel y\u00f6netimler \u00e7ok ba\u015far\u0131l\u0131 bir s\u0131nav verdi. Bunu her yerde g\u00fcndeme getiriyorum. \u0130nsanlar\u0131n temel ihtiya\u00e7lar\u0131n\u0131n kar\u015f\u0131lanmas\u0131, i\u015fini kaybeden, ekonomik olarak s\u0131k\u0131nt\u0131ya d\u00fc\u015fen vatanda\u015flar\u0131n yard\u0131m\u0131na hep birlikte ko\u015ftuk. B\u00fcy\u00fck\u015fehir belediyemiz ba\u015fta olmak \u00fczere t\u00fcm il\u00e7e belediyelerimiz koordineli bir \u015fekilde \u00e7al\u0131\u015farak bu zorlu s\u00fcreci atlatt\u0131k diyebiliriz. Partimizin sosyal devlet anlay\u0131\u015f\u0131yla, sosyal belediyecilik anlam\u0131nda yapm\u0131\u015f oldu\u011funuz hizmetlerden \u00f6t\u00fcr\u00fc size ve t\u00fcm belediye ba\u015fkanlar\u0131m\u0131za te\u015fekk\u00fcr ediyorum. Pandemide daha \u00e7ok b\u00fct\u00e7e ayr\u0131lmas\u0131 gereken sosyal yard\u0131mla\u015fman\u0131n yan\u0131 s\u0131ra s\u00fcrecin biraz olsun hafiflemi\u015f olmas\u0131 nedeniyle artan proje baz\u0131ndaki yat\u0131r\u0131mlar\u0131n\u0131z\u0131 da yak\u0131ndan takip ediyoruz. Bu yat\u0131r\u0131mlar\u0131n se\u00e7mene yans\u0131t\u0131lmas\u0131 noktas\u0131nda \u00f6rg\u00fctler olarak biz, b\u00fct\u00fcn sorumlulu\u011fu \u00fczerimizde hissederek gerekli a\u00e7\u0131klamalar\u0131, propaganda \u00e7al\u0131\u015fmalar\u0131n\u0131 ger\u00e7ekle\u015ftiriyoruz. \u00c7ok daha b\u00fcy\u00fck i\u015flere imza ataca\u011f\u0131n\u0131z\u0131 biliyoruz. T\u00fcm s\u00fcreci en do\u011fru, en parlak \u015fekilde halka aktarmak i\u00e7in burada haz\u0131r bekliyoruz. Yerel y\u00f6netimlerdeki ba\u015far\u0131lar\u0131m\u0131z\u0131 iktidara geldi\u011fimizde T\u00fcrkiye\u2019yi nas\u0131l y\u00f6netece\u011fimiz konusunda birer \u00f6rnek te\u015fkil etmesi a\u00e7\u0131s\u0131ndan \u00e7ok de\u011ferli ve anlaml\u0131 buluyoruz. T\u00fcrkiye\u2019de iktidara geldi\u011fimizde de sizin slogan\u0131n\u0131zda oldu\u011fu gibi; sen, ben, o, bu demeden; bu hazz\u0131 hep birlikte ya\u015fayaca\u011f\u0131z\u201d diye konu\u015ftu.<\/p>\n<p>&nbsp;<\/p>\n<p><strong>\u201cD\u00fcn D\u00fcnde Kald\u0131 Bug\u00fcn G\u00fczel \u015eeyler S\u00f6ylemek Laz\u0131m\u201d<\/strong><\/p>\n<p>Hastal\u0131k s\u00fcrecini, 2019 se\u00e7imleri \u00f6ncesi ve sonras\u0131n\u0131 de\u011ferlendiren Antalya B\u00fcy\u00fck\u015fehir Belediye Ba\u015fkan\u0131 Muhittin B\u00f6cek, d\u00fcnde tak\u0131l\u0131 kalmad\u0131\u011f\u0131n\u0131 ve kimseye k\u0131rg\u0131nl\u0131\u011f\u0131n\u0131n olmad\u0131\u011f\u0131n\u0131 dile getirdi. Ba\u015fkan B\u00f6cek, \u201cSevgili \u0130l Ba\u015fkan\u0131ma, y\u00f6netim kuruluna Kad\u0131n Kollar\u0131 ve Gen\u00e7lik Kollar\u0131 Ba\u015fkanlar\u0131ma ve y\u00f6netimlerine misafirperverli\u011finden \u00f6t\u00fcr\u00fc te\u015fekk\u00fcr ediyorum. Tabi ki zor bir s\u00fcre\u00e7 atlatt\u0131m. 108 g\u00fcn hastanede kald\u0131m. O s\u00fcre\u00e7te bana destek olan, ziyaretime gelen ba\u015fta Genel Ba\u015fkan\u0131m\u0131z Say\u0131n Kemal K\u0131l\u0131\u00e7daro\u011flu olmak \u00fczere, dualar\u0131yla s\u00fcrece katk\u0131da bulunan herkese \u00e7ok te\u015fekk\u00fcr ediyorum. Bu s\u00fcre\u00e7te elbette zaman zaman farkl\u0131 d\u00fc\u015f\u00fcnceler, g\u00f6r\u00fc\u015f ayr\u0131l\u0131klar\u0131 olmu\u015f olabilir. Bu anlamda kimseye bir k\u0131rg\u0131nl\u0131\u011f\u0131m yok. Ben d\u00fcne tak\u0131l\u0131 kalan biri de\u011filim. Mevlana\u2019n\u0131n dedi\u011fi gibi; \u201cD\u00fcn d\u00fcnde kald\u0131 canca\u011fz\u0131m, bug\u00fcn g\u00fczel \u015feyler s\u00f6ylemek laz\u0131m.\u201d Haftan\u0131n ilk g\u00fcn\u00fcnde, bu s\u0131cak ve g\u00fczel yaz g\u00fcn\u00fcnde mensubu olmaktan gurur duydu\u011fum Cumhuriyet Halk Partisi\u2019nin \u0130l Ba\u015fkanl\u0131\u011f\u0131n\u0131 ziyaret ediyorum. 6 Aral\u0131k 2002 tarihinden beri, elimden geldi\u011fince partimizin ilkeleri do\u011frultusunda \u00e7al\u0131\u015fmalar\u0131m\u0131 s\u00fcrd\u00fcrd\u00fcm. Ge\u00e7en bu uzun s\u00fcrede her zaman \u00f6rg\u00fctlerimize destek olmaya \u00e7al\u0131\u015ft\u0131m. Bu \u00e7al\u0131\u015fmalar\u0131m\u0131z\u0131 genel merkezimiz de\u011ferlendirerek bizleri B\u00fcy\u00fck\u015fehir Belediye Ba\u015fkanl\u0131\u011f\u0131na lay\u0131k g\u00f6rerek aday g\u00f6sterdiler. \u0130l, il\u00e7e, kad\u0131n ve gen\u00e7lik kollar\u0131m\u0131z ile hep birlikte bu ipi g\u00f6\u011f\u00fcsleyerek kazand\u0131k. Sonras\u0131nda da g\u00f6revimiz daha b\u00fcy\u00fck azim ve kararl\u0131l\u0131kla g\u00f6revimize devam etmekti. K\u0131sa bir ara vermek zorunda kald\u0131k. \u015e\u00fck\u00fcr ki o s\u00fcreci de atlatt\u0131k. Siyasi hayat\u0131ma bakacak olursam Nuri Cengiz Ba\u015fkan\u0131m benim 19. \u0130l Ba\u015fkan\u0131md\u0131r. Bug\u00fcne kadar partimizde g\u00f6rev alm\u0131\u015f t\u00fcm kadrolara, il ve il\u00e7e ba\u015fkanlar\u0131m\u0131za, milletvekillerimize te\u015fekk\u00fcr ediyor, ba\u015far\u0131lar diliyorum.\u201d \u0130fadelerine yer verdi.<\/p>\n\r\n                <style type=\"text\/css\">\r\n                    \r\n                    #tdi_1  .td-doubleSlider-2 .td-item1 {\r\n                        background: url(https:\/\/chpantalya.com\/wp-content\/uploads\/2021\/06\/1-160x120.jpg) 0 0 no-repeat;\r\n                    }\r\n                    #tdi_1  .td-doubleSlider-2 .td-item2 {\r\n                        background: url(https:\/\/chpantalya.com\/wp-content\/uploads\/2021\/06\/2-1-160x120.jpg) 0 0 no-repeat;\r\n                    }\r\n                    #tdi_1  .td-doubleSlider-2 .td-item3 {\r\n                        background: url(https:\/\/chpantalya.com\/wp-content\/uploads\/2021\/06\/DSC_0002-1-160x120.jpg) 0 0 no-repeat;\r\n                    }\r\n                    #tdi_1  .td-doubleSlider-2 .td-item4 {\r\n                        background: url(https:\/\/chpantalya.com\/wp-content\/uploads\/2021\/06\/DSC_0018-160x120.jpg) 0 0 no-repeat;\r\n                    }\r\n                <\/style>\r\n\r\n                <div id=\"tdi_1\" class=\"td-gallery td-slide-on-2-columns\">\r\n                    <div class=\"post_td_gallery\">\r\n                        <div class=\"td-gallery-slide-top\">\r\n                           <div class=\"td-gallery-title\"><\/div>\r\n\r\n                            <div class=\"td-gallery-controls-wrapper\">\r\n                                <div class=\"td-gallery-slide-count\"><span class=\"td-gallery-slide-item-focus\">1<\/span> - 4<\/div>\r\n                                <div class=\"td-gallery-slide-prev-next-but\">\r\n                                    <i class = \"td-icon-left doubleSliderPrevButton\"><\/i>\r\n                                    <i class = \"td-icon-right doubleSliderNextButton\"><\/i>\r\n                                <\/div>\r\n                            <\/div>\r\n                        <\/div>\r\n\r\n                        <div class = \"td-doubleSlider-1 \">\r\n                            <div class = \"td-slider\">\r\n                                \r\n                    <div class = \"td-slide-item td-item1\">\r\n                        <figure class=\"td-slide-galery-figure td-slide-popup-gallery\">\r\n                            <a class=\"slide-gallery-image-link\" href=\"https:\/\/chpantalya.com\/wp-content\/uploads\/2021\/06\/1.jpg\" title=\"1\"  data-caption=\"\"  data-description=\"\">\r\n                                <img src=\"https:\/\/chpantalya.com\/wp-content\/uploads\/2021\/06\/1-631x420.jpg\" srcset=\"https:\/\/chpantalya.com\/wp-content\/uploads\/2021\/06\/1-631x420.jpg 420w, https:\/\/chpantalya.com\/wp-content\/uploads\/2021\/06\/1.jpg 840w\" sizes=\"(-webkit-min-device-pixel-ratio: 2) 840px, (min-resolution: 192dpi) 840px, 420px\" alt=\"\">\r\n                            <\/a>\r\n                            \r\n                        <\/figure>\r\n                    <\/div>\r\n                    <div class = \"td-slide-item td-item2\">\r\n                        <figure class=\"td-slide-galery-figure td-slide-popup-gallery\">\r\n                            <a class=\"slide-gallery-image-link\" href=\"https:\/\/chpantalya.com\/wp-content\/uploads\/2021\/06\/2-1.jpg\" title=\"2\"  data-caption=\"\"  data-description=\"\">\r\n                                <img src=\"https:\/\/chpantalya.com\/wp-content\/uploads\/2021\/06\/2-1-631x420.jpg\" srcset=\"https:\/\/chpantalya.com\/wp-content\/uploads\/2021\/06\/2-1-631x420.jpg 420w, https:\/\/chpantalya.com\/wp-content\/uploads\/2021\/06\/2-1.jpg 840w\" sizes=\"(-webkit-min-device-pixel-ratio: 2) 840px, (min-resolution: 192dpi) 840px, 420px\" alt=\"\">\r\n                            <\/a>\r\n                            \r\n                        <\/figure>\r\n                    <\/div>\r\n                    <div class = \"td-slide-item td-item3\">\r\n                        <figure class=\"td-slide-galery-figure td-slide-popup-gallery\">\r\n                            <a class=\"slide-gallery-image-link\" href=\"https:\/\/chpantalya.com\/wp-content\/uploads\/2021\/06\/DSC_0002-1.jpg\" title=\"DSC_0002\"  data-caption=\"\"  data-description=\"\">\r\n                                <img src=\"https:\/\/chpantalya.com\/wp-content\/uploads\/2021\/06\/DSC_0002-1-631x420.jpg\" srcset=\"https:\/\/chpantalya.com\/wp-content\/uploads\/2021\/06\/DSC_0002-1-631x420.jpg 420w, https:\/\/chpantalya.com\/wp-content\/uploads\/2021\/06\/DSC_0002-1.jpg 840w\" sizes=\"(-webkit-min-device-pixel-ratio: 2) 840px, (min-resolution: 192dpi) 840px, 420px\" alt=\"\">\r\n                            <\/a>\r\n                            \r\n                        <\/figure>\r\n                    <\/div>\r\n                    <div class = \"td-slide-item td-item4\">\r\n                        <figure class=\"td-slide-galery-figure td-slide-popup-gallery\">\r\n                            <a class=\"slide-gallery-image-link\" href=\"https:\/\/chpantalya.com\/wp-content\/uploads\/2021\/06\/DSC_0018.jpg\" title=\"DSC_0018\"  data-caption=\"\"  data-description=\"\">\r\n                                <img src=\"https:\/\/chpantalya.com\/wp-content\/uploads\/2021\/06\/DSC_0018-671x420.jpg\" srcset=\"https:\/\/chpantalya.com\/wp-content\/uploads\/2021\/06\/DSC_0018-671x420.jpg 420w, https:\/\/chpantalya.com\/wp-content\/uploads\/2021\/06\/DSC_0018.jpg 840w\" sizes=\"(-webkit-min-device-pixel-ratio: 2) 840px, (min-resolution: 192dpi) 840px, 420px\" alt=\"\">\r\n                            <\/a>\r\n                            \r\n                        <\/figure>\r\n                    <\/div>\r\n                            <\/div>\r\n                        <\/div>\r\n\r\n                        <div class = \"td-doubleSlider-2\">\r\n                            <div class = \"td-slider\">\r\n                                \r\n                    <div class = \"td-button td-item1\">\r\n                        <div class = \"td-border\"><\/div>\r\n                    <\/div>\r\n                    <div class = \"td-button td-item2\">\r\n                        <div class = \"td-border\"><\/div>\r\n                    <\/div>\r\n                    <div class = \"td-button td-item3\">\r\n                        <div class = \"td-border\"><\/div>\r\n                    <\/div>\r\n                    <div class = \"td-button td-item4\">\r\n                        <div class = \"td-border\"><\/div>\r\n                    <\/div>\r\n                            <\/div>\r\n                        <\/div>\r\n\r\n                    <\/div>\r\n\r\n                <\/div>\r\n                \n<p>&nbsp;<\/p>\n","protected":false},"excerpt":{"rendered":"<p>Antalya B\u00fcy\u00fck\u015fehir Belediye Ba\u015fkan\u0131 Muhittin B\u00f6cek, Cumhuriyet Halk Partisi Antalya \u0130l Ba\u015fkanl\u0131\u011f\u0131n\u0131 ziyaret etti. \u0130l Ba\u015fkan\u0131 Nuri Cengiz\u2019in, \u201cEvinize ho\u015f geldiniz\u201d diyerek kar\u015f\u0131lad\u0131\u011f\u0131 Ba\u015fkan Muhittin B\u00f6cek, \u201cMensubu olmaktan gurur duydu\u011fum partimi ziyarete geldim, ho\u015f buldum\u201d dedi Antalya B\u00fcy\u00fck\u015fehir Belediye Ba\u015fkan\u0131 Muhittin B\u00f6cek, Cumhuriyet Halk Partisi Antalya \u0130l Ba\u015fkanl\u0131\u011f\u0131\u2019n\u0131 ziyaret ederek; \u0130l Ba\u015fkan\u0131 Nuri Cengiz ve [&hellip;]<\/p>\n","protected":false},"author":1,"featured_media":22670,"comment_status":"closed","ping_status":"open","sticky":false,"template":"","format":"standard","meta":[],"categories":[58],"tags":[],"amp_enabled":true,"_links":{"self":[{"href":"https:\/\/chpantalya.com\/index.php?rest_route=\/wp\/v2\/posts\/22669"}],"collection":[{"href":"https:\/\/chpantalya.com\/index.php?rest_route=\/wp\/v2\/posts"}],"about":[{"href":"https:\/\/chpantalya.com\/index.php?rest_route=\/wp\/v2\/types\/post"}],"author":[{"embeddable":true,"href":"https:\/\/chpantalya.com\/index.php?rest_route=\/wp\/v2\/users\/1"}],"replies":[{"embeddable":true,"href":"https:\/\/chpantalya.com\/index.php?rest_route=%2Fwp%2Fv2%2Fcomments&post=22669"}],"version-history":[{"count":0,"href":"https:\/\/chpantalya.com\/index.php?rest_route=\/wp\/v2\/posts\/22669\/revisions"}],"wp:featuredmedia":[{"embeddable":true,"href":"https:\/\/chpantalya.com\/index.php?rest_route=\/wp\/v2\/media\/22670"}],"wp:attachment":[{"href":"https:\/\/chpantalya.com\/index.php?rest_route=%2Fwp%2Fv2%2Fmedia&parent=22669"}],"wp:term":[{"taxonomy":"category","embeddable":true,"href":"https:\/\/chpantalya.com\/index.php?rest_route=%2Fwp%2Fv2%2Fcategories&post=22669"},{"taxonomy":"post_tag","embeddable":true,"href":"https:\/\/chpantalya.com\/index.php?rest_route=%2Fwp%2Fv2%2Ftags&post=22669"}],"curies":[{"name":"wp","href":"https:\/\/api.w.org\/{rel}","templated":true}]}}