{"id":22730,"date":"2021-08-04T13:38:27","date_gmt":"2021-08-04T10:38:27","guid":{"rendered":"http:\/\/chpantalya.com\/?p=22730"},"modified":"2021-08-04T13:38:27","modified_gmt":"2021-08-04T10:38:27","slug":"bizim-derdimiz-can-bizim-derdimiz-yasam","status":"publish","type":"post","link":"https:\/\/chpantalya.com\/?p=22730","title":{"rendered":"B\u0130Z\u0130M DERD\u0130M\u0130Z CAN! B\u0130Z\u0130M DERD\u0130M\u0130Z YA\u015eAM!"},"content":{"rendered":"<p>CHP Antalya \u0130l Ba\u015fkan\u0131 Nuri Cengiz Milletvekilleri ve \u0130l\u00e7e Ba\u015fkanlar\u0131, Kad\u0131n Kollar\u0131, Gen\u00e7lik Kollar\u0131 ile birlikte Manavgat&#8217;ta ba\u015flayarak hepimizi derinden \u00fczen, sonras\u0131nda ise yurdun d\u00f6rt taraf\u0131nda sebebi hen\u00fcz bilinmeyen \u015fekillerde ard\u0131 ard\u0131na meydana gelen orman yang\u0131nlar\u0131n\u0131 de\u011ferlendirdi\u011fi bir bas\u0131n a\u00e7\u0131klamas\u0131 yapt\u0131.<\/p>\n<p>\u0130l Ba\u015fkan\u0131 Nuri Cengiz, yapt\u0131\u011f\u0131 bas\u0131n a\u00e7\u0131klamas\u0131nda \u015funlar\u0131 s\u00f6yledi.<\/p>\n<p>\u201cManavgat&#8217;ta ba\u015flayarak hepimizi derinden \u00fczen, sonras\u0131nda ise yurdun d\u00f6rt taraf\u0131nda sebebi hen\u00fcz bilinmeyen \u015fekillerde ard\u0131 ard\u0131na meydana gelen orman yang\u0131nlar\u0131nda maddi manevi \u00e7ok b\u00fcy\u00fck kay\u0131plar verdik. 7 insan kayb\u0131m\u0131z\u0131n yan\u0131 s\u0131ra y\u00fczlerce hayvan gerek do\u011fal ya\u015fam alan\u0131 olan ormanlarda, gerekse yang\u0131n\u0131n s\u0131\u00e7rad\u0131\u011f\u0131 mahallelerde hayat\u0131n\u0131 kaybetti. Yani binlerce can\u0131m\u0131z gitti. 5 il\u00e7ede 70 mahallenin etkilendi\u011fi felakette 37 mahallemiz tahliye edilirken; 45 bin dekar tar\u0131m alan\u0131 alevlere kurban gitti. Bu yaln\u0131zca Antalya genelindeki tablo ve \u00fcstelik halen baz\u0131 b\u00f6lgelerde yang\u0131n kontrol alt\u0131na al\u0131nabilmi\u015f de\u011fil. Alevlerle can\u0131 pahas\u0131na m\u00fccadele eden, T\u00fcrkiye&#8217;nin d\u00f6rt bir yan\u0131ndan yang\u0131n b\u00f6lgelerine ula\u015farak yard\u0131ma ko\u015fan; ba\u015fta itfaiye personelimiz, belediye \u00e7al\u0131\u015fanlar\u0131m\u0131z, g\u00f6n\u00fcll\u00fc vatanda\u015flar\u0131m\u0131z olmak \u00fczere elini ta\u015f\u0131n alt\u0131na koyan herkese y\u00fcrekten te\u015fekk\u00fcrlerimizi sunuyoruz.<\/p>\n<p>Ba\u015f\u0131m\u0131z\u0131 kald\u0131r\u0131p bakt\u0131\u011f\u0131m\u0131z her yerden dumanlar y\u00fckseliyor. Memleket yang\u0131n yeri. \u0130\u00e7imiz yan\u0131yor, y\u00fcre\u011fimiz yan\u0131yor. Yanan her a\u011fa\u00e7la, alevlerin aras\u0131nda kalan her canl\u0131yla birlikte bizim de ci\u011ferlerimiz da\u011flan\u0131yor. Halk\u0131m\u0131z tek y\u00fcrek oldu. Yang\u0131nlar\u0131n s\u00f6nd\u00fcr\u00fclmesi i\u00e7in di\u015fini t\u0131rna\u011f\u0131na takarak m\u00fccadele ediyor. Ancak \u015fu kriz, \u015fu felaket an\u0131nda bile iktidar \u00f6tekile\u015ftirme, yok sayma, siyasi \u015fov pe\u015finde!<\/p>\n<p>\u201cGenel Hayata Etkili Afet B\u00f6lgesi\u201d ilan edilen Manavgat&#8217;ta bakanlar\u0131n ve AFAD ekiplerinin yer ald\u0131\u011f\u0131 toplant\u0131ya sadece Kepez Belediye Ba\u015fkan\u0131 Hakan T\u00fct\u00fcnc\u00fc&#8217;n\u00fcn davet edilmesi, iktidar\u0131n nas\u0131l bir ruh hali i\u00e7inde oldu\u011funun g\u00f6stergesidir. Yang\u0131n Manavgat&#8217;\u0131 kas\u0131p kavururken, devletin \u00fcst erkan\u0131 toplant\u0131 yap\u0131yor ve bu toplant\u0131ya Manavgat Belediye Ba\u015fkan\u0131 \u015e\u00fckr\u00fc S\u00f6zen \u00e7a\u011fr\u0131lm\u0131yor!<\/p>\n<p>G\u00fcndo\u011fmu\u015f\u2019ta kaymakaml\u0131k ba\u015fkanl\u0131\u011f\u0131nda bir koordinasyon olu\u015fturuluyor. Kepez Belediyesine, Korkuteli Belediyesine g\u00f6rev veriliyor, Manavgat burada da yok say\u0131l\u0131yor! G\u00fcndo\u011fmu\u015f\u2019un tahliyesi olas\u0131l\u0131\u011f\u0131na kar\u015f\u0131 B\u00fcy\u00fck\u015fehir Belediyesi G\u00fcndo\u011fmu\u015f\u2019a 20 tane otob\u00fcs g\u00f6nderiyor, G\u00fcndo\u011fmu\u015f Kaymakam\u0131 20 otob\u00fcsten 16\u2019s\u0131n\u0131 kafas\u0131na g\u00f6re geri g\u00f6nderiyor!<\/p>\n<p>B\u00fct\u00fcn bunlar\u0131n hepsini bir kenara yaz\u0131yoruz. AKP \u0130l, il\u00e7e ba\u015fkanlar\u0131na, kad\u0131n kollar\u0131, gen\u00e7lik kollar\u0131na koordinasyon merkezlerinde g\u00f6rev verilirken, esas muhatap al\u0131nmas\u0131 gerekenler yok say\u0131l\u0131yor! B\u00fcy\u00fck\u015fehir ve il\u00e7e belediyelerimiz canla ba\u015fla m\u00fccadele ederken, Antalya\u2019da ki b\u00fcy\u00fck\u015fehir belediyesi ve t\u00fcm il\u00e7e belediyelerimiz ba\u015fta olmak \u00fczere,\u00a0\u00a0 T\u00fcrkiye&#8217;deki CHP&#8217;li belediyeler yard\u0131m elini Manavgat&#8217;a, G\u00fcndo\u011fmu\u015f&#8217;a, Akseki&#8217;ye, Gazipa\u015fa&#8217;ya uzatm\u0131\u015fken \u0130KT\u0130DAR bu felaket esnas\u0131nda bile \u00f6tekile\u015ftirme, yok sayma politikas\u0131 uyguluyor!<\/p>\n<p>Felaket anlar\u0131 siyasi rant alanlar\u0131 de\u011fildir!<\/p>\n<p>Genel Ba\u015fkan\u0131m\u0131z, Genel Ba\u015fkan Yard\u0131mc\u0131lar\u0131m\u0131z siyasi parti fark\u0131 g\u00f6zetmeksizin yard\u0131m i\u00e7in elini ta\u015f\u0131n alt\u0131na koyan b\u00fct\u00fcn belediye ba\u015fkanlar\u0131na te\u015fekk\u00fcr etti. Denizli\u2019den Bayburt\u2019ta Konya\u2019dan Manisa\u2019ya G\u00f6lhisar\u2019dan Bucak\u2019a 68 il ve il\u00e7e belediyesinin tamam\u0131na Bizler de te\u015fekk\u00fcr ediyoruz. Kendini \u00f6ne \u00e7\u0131karma, siyasi \u015fov yapma pe\u015finde olanlar\u0131 halk\u0131m\u0131za havale ediyoruz!<\/p>\n<p>SARAY \u0130KT\u0130DARI vatanda\u015f\u0131n yard\u0131m \u00e7\u0131\u011fl\u0131klar\u0131na kulaklar\u0131n\u0131 t\u0131kam\u0131\u015f durumda! Yanan orman alanlar\u0131n\u0131n tekrar kazan\u0131lmas\u0131 i\u00e7in g\u00f6revi Orman Bakanl\u0131\u011f\u0131&#8217;na de\u011fil de, Turizm Bakanl\u0131\u011f\u0131&#8217;na veren bir zihniyetten bahsediyoruz.<\/p>\n<p>Genel Ba\u015fkan\u0131m\u0131z\u0131n dedi\u011fi gibi;<\/p>\n<p>\u201cBir cumhurba\u015fkan\u0131 k\u00fcresel \u0131s\u0131nma ile birlikte orman yang\u0131nlar\u0131n\u0131n artaca\u011f\u0131n\u0131 bilmiyorsa, d\u00fcnyada ve T\u00fcrkiye&#8217;de ilgili uzmanlar\u0131n yaz\u0131l\u0131 uyar\u0131lar\u0131n\u0131 dahi okumuyorsa o cumhurba\u015fkan\u0131 orman yang\u0131nlar\u0131n\u0131 \u00f6nleyemez. Bir cumhurba\u015fkan\u0131 orman yang\u0131nlar\u0131yla m\u00fccadeleyi yanda\u015f\u0131 i\u00e7in y\u0131ll\u0131k ihalelerle yap\u0131yorsa o cumhurba\u015fkan\u0131 orman yang\u0131nlar\u0131n\u0131 \u00f6nleyemez\u201d<\/p>\n<p>Bizler belediyelerimizle birlikte vatanda\u015f\u0131n yaras\u0131na merhem olmaya \u00e7al\u0131\u015f\u0131yoruz!<\/p>\n<p>B\u00fcy\u00fck\u015fehir Belediyemiz, Muratpa\u015fa Belediyemiz yang\u0131na m\u00fcdahale edecek u\u00e7ak veya helikopterlerin al\u0131nmas\u0131 veya kiralanmas\u0131 konusunda elini ta\u015f\u0131n alt\u0131na koydu! 11 B\u00fcy\u00fck\u015fehir belediye ba\u015fkan\u0131m\u0131z neredeyse Cumhuriyet ile ya\u015f\u0131t olan T\u00fcrk hava kurumuna y\u00f6nelik k\u00fc\u00e7\u00fclt\u00fcc\u00fc t\u00fcm giri\u015fim ve a\u00e7\u0131klamalar\u0131 \u00fcz\u00fcnt\u00fc ile kar\u015f\u0131lad\u0131klar\u0131n\u0131 ifade ederek T\u00fcrk Hava Kurumu\u2019nun envanterinde bulunan u\u00e7aklar\u0131n t\u00fcm bak\u0131m ve i\u015fletme giderlerini kar\u015f\u0131lamaya haz\u0131r olduklar\u0131n\u0131 a\u00e7\u0131klad\u0131lar. Yetkililerin izin vermesini bekliyor.<\/p>\n<p>Belediyelerimiz, Antalya, Mersin, Mu\u011fla\u2019daki yang\u0131nlar i\u00e7in, 150\u2019ye yak\u0131n ara\u00e7, 500\u2019e yak\u0131n personel g\u00f6revlendirdi. Yine TIR\u2019lar dolusu temel g\u0131da ve ihtiya\u00e7 malzemesi, kurtarma, yang\u0131n s\u00f6nd\u00fcrme ekipman\u0131 b\u00f6lgeye g\u00f6nderildi.<\/p>\n<p>CHP\u2019li belediyeler t\u00fcm bunlar\u0131 ellerindeki k\u0131s\u0131tl\u0131 kaynaklarla yaparken, bir bak\u0131yoruz Tar\u0131m ve Orman Bakan\u0131 Pakdemirli, belediyelerimiz ele\u015ftiriyor!<\/p>\n<p>El insaf!<\/p>\n<p>Sizler de\u011fil miydiniz iki ay \u00f6ncesine kadar \u2018aya gidece\u011fiz\u2019 diyen! U\u00e7an saraylar\u0131n\u0131z, y\u00fczen k\u00f6\u015fkleriniz her \u015fey var ama elinizde yang\u0131n s\u00f6nd\u00fcrmeye u\u00e7ak bile yok! Vatanda\u015f can\u0131yla, mal\u0131yla u\u011fra\u015f\u0131rken dalga ge\u00e7er gibi kafalar\u0131na \u00e7ay f\u0131rlat\u0131l\u0131yor! Bunu yapan da \u00fclkenin cumhurba\u015fkan\u0131! Y\u0131llard\u0131r T\u00fcrkiye\u2019nin y\u00f6netilmedi\u011fini, idare edildi\u011fini s\u00f6yl\u00fcyorduk. Bunlar idare de edemiyor, resmen \u00fclkeyi u\u00e7urumdan a\u015fa\u011f\u0131ya yuvarl\u0131yorlar! Ha bir de AKP\u2019li G\u00fcndo\u011fmu\u015f Belediye Ba\u015fkan\u0131 \u00e7\u0131km\u0131\u015f kan a\u011flayan, hat\u0131ralar\u0131 k\u00fcl olan vatanda\u015fla dalga ge\u00e7er gibi \u015funu s\u00f6yl\u00fcyor: \u201cEvleri kullan\u0131lamaz hale gelen vatanda\u015flar\u0131m\u0131z i\u00e7in TOK\u0130 taraf\u0131ndan 20 y\u0131l \u00f6demeli, istedikleri \u015fekilde evler yap\u0131lacak. Evi eski olan vatanda\u015flar, &#8216;ke\u015fke bizim de evimiz yansayd\u0131&#8217; diyecekler\u201d diye a\u00e7\u0131klama yap\u0131yor.\u201d Diye konu\u015ftu.<\/p>\n<p>Ba\u015fkan Cengiz son olarak \u015funlar\u0131 s\u00f6yledi. \u201cAyr\u0131ca d\u00fcn yap\u0131lan b\u00fcy\u00fck\u015fehir meclisinde de belediye ba\u015fkan\u0131m\u0131z Muhittin B\u00f6cek\u2019in yang\u0131n b\u00f6lgesiyle ilgili yapt\u0131\u011f\u0131 a\u00e7\u0131klamalar s\u0131ras\u0131nda; AKP grup s\u00f6zc\u00fcs\u00fcn\u00fcn alayc\u0131 tav\u0131rlar\u0131n\u0131 ve pi\u015fkin pi\u015fkin s\u0131r\u0131tmas\u0131n\u0131 ay\u0131pl\u0131yor ve her iki tahlisiz a\u00e7\u0131klamay\u0131 da k\u0131n\u0131yoruz.\u201d<\/p>\n<p>YAZIKLAR OLSUN TESELL\u0130 N\u0130YET\u0130NE VATANDA\u015eIN MANEV\u0130YATINI AYAKLAR ALTINA ALAN S\u00d6YLEMLER\u0130N\u0130ZE!<\/p>\n<p>YAZIKLAR OLSUN S\u0130Z\u0130N Z\u0130HN\u0130YET\u0130N\u0130ZE!<\/p>\n<p>&nbsp;<\/p>\n<p>Biliriz ve tekrar ederiz ki<\/p>\n<p>Her Musa\u2019n\u0131n bir firavunu varsa<\/p>\n<p>Her firavunun da<\/p>\n<p>Bir Musa\u2019s\u0131 var elbet<\/p>\n<p>Bir yanda perde-i zulmet<\/p>\n<p>Bir yanda perde-i cinnet<\/p>\n<p>Elveda diyor<\/p>\n<p>Elveda diyor memleket<\/p>\n\r\n                <style type=\"text\/css\">\r\n                    \r\n                    #tdi_1  .td-doubleSlider-2 .td-item1 {\r\n                        background: url(https:\/\/chpantalya.com\/wp-content\/uploads\/2021\/08\/1-160x120.jpg) 0 0 no-repeat;\r\n                    }\r\n                    #tdi_1  .td-doubleSlider-2 .td-item2 {\r\n                        background: url(https:\/\/chpantalya.com\/wp-content\/uploads\/2021\/08\/2-160x120.jpg) 0 0 no-repeat;\r\n                    }\r\n                <\/style>\r\n\r\n                <div id=\"tdi_1\" class=\"td-gallery td-slide-on-2-columns\">\r\n                    <div class=\"post_td_gallery\">\r\n                        <div class=\"td-gallery-slide-top\">\r\n                           <div class=\"td-gallery-title\"><\/div>\r\n\r\n                            <div class=\"td-gallery-controls-wrapper\">\r\n                                <div class=\"td-gallery-slide-count\"><span class=\"td-gallery-slide-item-focus\">1<\/span> - 2<\/div>\r\n                                <div class=\"td-gallery-slide-prev-next-but\">\r\n                                    <i class = \"td-icon-left doubleSliderPrevButton\"><\/i>\r\n                                    <i class = \"td-icon-right doubleSliderNextButton\"><\/i>\r\n                                <\/div>\r\n                            <\/div>\r\n                        <\/div>\r\n\r\n                        <div class = \"td-doubleSlider-1 \">\r\n                            <div class = \"td-slider\">\r\n                                \r\n                    <div class = \"td-slide-item td-item1\">\r\n                        <figure class=\"td-slide-galery-figure td-slide-popup-gallery\">\r\n                            <a class=\"slide-gallery-image-link\" href=\"https:\/\/chpantalya.com\/wp-content\/uploads\/2021\/08\/1.jpg\" title=\"1\"  data-caption=\"\"  data-description=\"\">\r\n                                <img src=\"https:\/\/chpantalya.com\/wp-content\/uploads\/2021\/08\/1-700x420.jpg\" srcset=\"https:\/\/chpantalya.com\/wp-content\/uploads\/2021\/08\/1-700x420.jpg 420w, https:\/\/chpantalya.com\/wp-content\/uploads\/2021\/08\/1-1400x840.jpg 840w\" sizes=\"(-webkit-min-device-pixel-ratio: 2) 840px, (min-resolution: 192dpi) 840px, 420px\" alt=\"\">\r\n                            <\/a>\r\n                            \r\n                        <\/figure>\r\n                    <\/div>\r\n                    <div class = \"td-slide-item td-item2\">\r\n                        <figure class=\"td-slide-galery-figure td-slide-popup-gallery\">\r\n                            <a class=\"slide-gallery-image-link\" href=\"https:\/\/chpantalya.com\/wp-content\/uploads\/2021\/08\/2.jpg\" title=\"2\"  data-caption=\"\"  data-description=\"\">\r\n                                <img src=\"https:\/\/chpantalya.com\/wp-content\/uploads\/2021\/08\/2-727x420.jpg\" srcset=\"https:\/\/chpantalya.com\/wp-content\/uploads\/2021\/08\/2-727x420.jpg 420w, https:\/\/chpantalya.com\/wp-content\/uploads\/2021\/08\/2-1454x840.jpg 840w\" sizes=\"(-webkit-min-device-pixel-ratio: 2) 840px, (min-resolution: 192dpi) 840px, 420px\" alt=\"\">\r\n                            <\/a>\r\n                            \r\n                        <\/figure>\r\n                    <\/div>\r\n                            <\/div>\r\n                        <\/div>\r\n\r\n                        <div class = \"td-doubleSlider-2\">\r\n                            <div class = \"td-slider\">\r\n                                \r\n                    <div class = \"td-button td-item1\">\r\n                        <div class = \"td-border\"><\/div>\r\n                    <\/div>\r\n                    <div class = \"td-button td-item2\">\r\n                        <div class = \"td-border\"><\/div>\r\n                    <\/div>\r\n                            <\/div>\r\n                        <\/div>\r\n\r\n                    <\/div>\r\n\r\n                <\/div>\r\n                \n","protected":false},"excerpt":{"rendered":"<p>CHP Antalya \u0130l Ba\u015fkan\u0131 Nuri Cengiz Milletvekilleri ve \u0130l\u00e7e Ba\u015fkanlar\u0131, Kad\u0131n Kollar\u0131, Gen\u00e7lik Kollar\u0131 ile birlikte Manavgat&#8217;ta ba\u015flayarak hepimizi derinden \u00fczen, sonras\u0131nda ise yurdun d\u00f6rt taraf\u0131nda sebebi hen\u00fcz bilinmeyen \u015fekillerde ard\u0131 ard\u0131na meydana gelen orman yang\u0131nlar\u0131n\u0131 de\u011ferlendirdi\u011fi bir bas\u0131n a\u00e7\u0131klamas\u0131 yapt\u0131. \u0130l Ba\u015fkan\u0131 Nuri Cengiz, yapt\u0131\u011f\u0131 bas\u0131n a\u00e7\u0131klamas\u0131nda \u015funlar\u0131 s\u00f6yledi. \u201cManavgat&#8217;ta ba\u015flayarak hepimizi derinden \u00fczen, [&hellip;]<\/p>\n","protected":false},"author":1,"featured_media":22732,"comment_status":"closed","ping_status":"open","sticky":false,"template":"","format":"standard","meta":[],"categories":[58],"tags":[],"amp_enabled":true,"_links":{"self":[{"href":"https:\/\/chpantalya.com\/index.php?rest_route=\/wp\/v2\/posts\/22730"}],"collection":[{"href":"https:\/\/chpantalya.com\/index.php?rest_route=\/wp\/v2\/posts"}],"about":[{"href":"https:\/\/chpantalya.com\/index.php?rest_route=\/wp\/v2\/types\/post"}],"author":[{"embeddable":true,"href":"https:\/\/chpantalya.com\/index.php?rest_route=\/wp\/v2\/users\/1"}],"replies":[{"embeddable":true,"href":"https:\/\/chpantalya.com\/index.php?rest_route=%2Fwp%2Fv2%2Fcomments&post=22730"}],"version-history":[{"count":0,"href":"https:\/\/chpantalya.com\/index.php?rest_route=\/wp\/v2\/posts\/22730\/revisions"}],"wp:featuredmedia":[{"embeddable":true,"href":"https:\/\/chpantalya.com\/index.php?rest_route=\/wp\/v2\/media\/22732"}],"wp:attachment":[{"href":"https:\/\/chpantalya.com\/index.php?rest_route=%2Fwp%2Fv2%2Fmedia&parent=22730"}],"wp:term":[{"taxonomy":"category","embeddable":true,"href":"https:\/\/chpantalya.com\/index.php?rest_route=%2Fwp%2Fv2%2Fcategories&post=22730"},{"taxonomy":"post_tag","embeddable":true,"href":"https:\/\/chpantalya.com\/index.php?rest_route=%2Fwp%2Fv2%2Ftags&post=22730"}],"curies":[{"name":"wp","href":"https:\/\/api.w.org\/{rel}","templated":true}]}}