{"id":22738,"date":"2021-08-07T11:32:30","date_gmt":"2021-08-07T08:32:30","guid":{"rendered":"http:\/\/chpantalya.com\/?p=22738"},"modified":"2021-08-07T12:38:24","modified_gmt":"2021-08-07T09:38:24","slug":"zeybekin-basina-saldirisi-iftirasi-ve-fahrettin-altun-cevabina-iliskin-basin-aciklamasi","status":"publish","type":"post","link":"https:\/\/chpantalya.com\/?p=22738","title":{"rendered":"ZEYBEK\u2019\u0130N, \u201cBASINA SALDIRISI \u0130FT\u0130RASI VE FAHRETT\u0130N ALTUN CEVABINA\u201d \u0130L\u0130\u015eK\u0130N BASIN A\u00c7IKLAMASI"},"content":{"rendered":"<p>De\u011ferli Bas\u0131n Mensubu,<\/p>\n<p>28 Temmuz 2021 tarihinde \u00e7\u0131kan Manavgat yang\u0131n\u0131n\u0131n ilk g\u00fcn\u00fcnden itibaren zarar g\u00f6ren b\u00f6lgelerimizde t\u00fcm milletvekili arkada\u015flar\u0131m\u0131zla birlikte incelemelerde bulunduk. Bu s\u00fcre\u00e7te Manavgat ve yang\u0131n\u0131n oldu\u011fu Akseki, Alanya ve G\u00fcndo\u011fmu\u015f\u2019ta da incelemelerde bulundum. Yang\u0131n\u0131n ikinci g\u00fcn\u00fc 29 Temmuz 2021 tarihinde yang\u0131n s\u00f6nd\u00fcrme u\u00e7aklar\u0131n\u0131n yetersizli\u011fi ve b\u00f6lgenin \u201cafet b\u00f6lgesi\u201d olmas\u0131 \u00e7a\u011fr\u0131lar\u0131n\u0131 hem bas\u0131n mensuplar\u0131 hem de sosyal medya hesaplar\u0131m\u0131zdan yapt\u0131\u011f\u0131m\u0131z \u00e7a\u011fr\u0131larla duyurduk. Yang\u0131n sezonu \u00f6ncesi Tar\u0131m ve Orman Bakanl\u0131\u011f\u0131\u2019n\u0131n sadece \u00fc\u00e7 yang\u0131n s\u00f6nd\u00fcrme u\u00e7a\u011f\u0131 ile T\u00fcrkiye\u2019deki t\u00fcm ormanlar\u0131 koruyaca\u011f\u0131 yan\u0131lg\u0131s\u0131n\u0131 ne yaz\u0131k ki Manavgat ba\u015fta olmak \u00fczere \u00fclkemizdeki di\u011fer yang\u0131nlarla birlikte ac\u0131 bir \u015fekilde \u00f6\u011frendik. S\u00fcre\u00e7 i\u00e7inde yeni kiralamalar, yabanc\u0131 \u00fclkelerin yang\u0131n s\u00f6nd\u00fcrme u\u00e7a\u011f\u0131 yard\u0131mlar\u0131 ile u\u00e7ak say\u0131s\u0131nda art\u0131\u015f oldu\u011fu hepimizin bilgisi dahilindedir. Ancak yang\u0131n s\u00f6nd\u00fcrme u\u00e7aklar\u0131n\u0131n se\u00e7im b\u00f6lgem Antalya\u2019daki yang\u0131nlarda yeteri kadar aktif ve \u00e7ok kullan\u0131lmad\u0131\u011f\u0131n\u0131 hem y\u00f6re halk\u0131 hem de bizler g\u00f6zlemledik. G\u00fcndo\u011fmu\u015f\u2019ta, Manavgat\u2019ta y\u00f6re halk\u0131ndan ald\u0131\u011f\u0131m\u0131z bilgilerle yang\u0131n\u0131n \u00f6nlenmesi i\u00e7in gerekli olan yang\u0131n s\u00f6nd\u00fcrme u\u00e7aklar\u0131n\u0131n gelmesi talebini yine videolar arac\u0131l\u0131\u011f\u0131yla sosyal medya hesaplar\u0131m\u0131zdan belirttik. Kimi zaman bir u\u00e7ak kimi zamansa tek u\u00e7a\u011f\u0131n bile gelmedi\u011fi b\u00f6lgelerde yalvarma noktas\u0131nda daha \u00e7ok yang\u0131n s\u00f6nd\u00fcrme u\u00e7a\u011f\u0131 talebinde bulunduk.<\/p>\n<p>T\u00fcrkiye yang\u0131nlarla bo\u011fu\u015furken, Millet \u0130ttifak\u0131 Belediyeleri, t\u00fcm g\u00fc\u00e7leri ile yang\u0131nla m\u00fccadele ederken, AKP iktidar\u0131 ve yanda\u015f medyas\u0131n\u0131n sald\u0131r\u0131s\u0131na u\u011frad\u0131, bu sald\u0131r\u0131lar ve ger\u00e7ek d\u0131\u015f\u0131 haberlerden muhalefet milletvekilleri olarak bizlerde nasibimizi ald\u0131k. Yang\u0131nda siyaset yapmay\u0131n ele\u015ftirisi getiren iktidar ve yanda\u015f bas\u0131n\u0131 ise ihmal ve hatalar\u0131n\u0131 s\u00f6yleyen muhalefete y\u00fcklendi, sosyal medyadan destek \u00e7a\u011fr\u0131s\u0131nda bulunan vatanda\u015flar\u0131 su\u00e7lamaya devam etti.<\/p>\n<p>3 A\u011fustos 2021 Sal\u0131 g\u00fcn\u00fc \u00f6\u011fleden sonra saat 14.05\u2019te ula\u015ft\u0131\u011f\u0131m\u0131z Manavgat K\u0131z\u0131lda\u011f mevkiinde devam eden yang\u0131n hakk\u0131nda y\u00f6re halk\u0131ndan ve yang\u0131n s\u00f6nd\u00fcrme ekiplerinden bilgi ald\u0131k, ald\u0131\u011f\u0131m\u0131z bilgi K\u0131z\u0131lda\u011f\u2019a ayn\u0131 g\u00fcn sabah saatlerinde bir yang\u0131n s\u00f6nd\u00fcrme u\u00e7a\u011f\u0131 ile m\u00fcdahale edildi\u011fi ve yang\u0131n\u0131n \u015fiddetinin \u00f6nlenmesi i\u00e7in daha fazla u\u00e7akla m\u00fcdahale edilmesi talebiydi. Bu talebi aktard\u0131\u011f\u0131m\u0131z bir videoyu medya ve sosyal medya da payla\u015ft\u0131k. 4 A\u011fustos 2021 tarihinde saat 14.00\u2019da yine yang\u0131n\u0131n devam etti\u011fi Manavgat K\u0131z\u0131lda\u011f b\u00f6lgesinde incelemelerde bulunduk, ald\u0131\u011f\u0131m\u0131z bilgi bir g\u00fcn \u00f6nce sabah gelen yang\u0131n s\u00f6nd\u00fcrme u\u00e7a\u011f\u0131 d\u0131\u015f\u0131nda ba\u015fka bir yang\u0131n s\u00f6nd\u00fcrme u\u00e7a\u011f\u0131n\u0131n gelmedi\u011fiydi. Durumu aktaran iki video \u00e7ekerek acil u\u00e7ak talebini sosyal medya ve medya ile payla\u015ft\u0131k. Ayn\u0131 g\u00fcn saat 14.19\u2019da DHA ekibi ile de yapt\u0131\u011f\u0131m r\u00f6portajda acil yang\u0131n s\u00f6nd\u00fcrme u\u00e7aklar\u0131n\u0131n gelmesi gerekti\u011fini belirttim. \u00d6\u011fleden sonra saat 14.55 civar\u0131 yang\u0131n b\u00f6lgesinde bir yang\u0131n s\u00f6nd\u00fcrme u\u00e7a\u011f\u0131 g\u00f6r\u00fcnd\u00fc, gelen u\u00e7ak manevra yaparak 15.05\u2019de su b\u0131rakt\u0131, ge\u00e7te olsa gelmesi bizleri ormanlar\u0131m\u0131z\u0131n kurtulaca\u011f\u0131 umuduyla sevindirdi. T\u00fcm s\u00fcre\u00e7te ayn\u0131 g\u00fcn DHA r\u00f6portaj\u0131ndan birka\u00e7 dakika sonra yang\u0131n\u0131 takip etti\u011fimiz alanda iki vatanda\u015f \u201cu\u00e7ak yok, devlet yok diyorsunuz, bak\u0131n var diyerek\u201d bana s\u00f6zl\u00fc tepki g\u00f6sterdiler. \u0130ki vatanda\u015f\u0131m\u0131zla konu\u015fmaya ba\u015flad\u0131\u011f\u0131m\u0131z anda \u00dcLKE TV muhabiri ve kameran\u0131 an\u0131nda ortaya \u00e7\u0131k\u0131p \u00e7ekim yapmaya ba\u015flad\u0131lar. Sosyal medya hesaplar\u0131ndan g\u00fcn g\u00fcn payla\u015ft\u0131\u011f\u0131m videolar\u0131mda ve bas\u0131n a\u00e7\u0131klamalar\u0131mda da g\u00f6r\u00fclece\u011fi \u00fczerine \u201cdevlet yok\u201d ifadesini kullanmam\u0131\u015f\u0131md\u0131r, \u00e7\u00fcnk\u00fc 27 y\u0131l Cumhuriyet Savc\u0131l\u0131\u011f\u0131 yapm\u0131\u015f bir hukuk\u00e7u olarak AKP\u2019nin devlet olmad\u0131\u011f\u0131, T\u00fcrkiye Cumhuriyeti Devleti\u2019nin AKP\u2019den b\u00fcy\u00fck oldu\u011funu iyi bilmekteyim. Daha fazla yang\u0131n s\u00f6nd\u00fcrme u\u00e7a\u011f\u0131 ile m\u00fcdahale edilmesi gerekti\u011fini t\u00fcm videolar\u0131mda yalvarma boyutunda s\u00fcrekli belirttim, zira sadece G\u00fcndo\u011fmu\u015f\u2019ta yapt\u0131\u011f\u0131m\u0131z bir \u00e7a\u011fr\u0131da e\u011fer acil olarak u\u00e7aklar gelmezse yang\u0131n\u0131n tepeyi a\u015faca\u011f\u0131n\u0131 belirtti\u011fimiz video \u00e7a\u011fr\u0131m\u0131zdan iki saat sonra, yang\u0131n tepeyi a\u015fm\u0131\u015ft\u0131, b\u00f6lgede olanlar durumu g\u00f6zleri ile g\u00f6rd\u00fc ve ilgili sosyal medya payla\u015f\u0131m\u0131m\u0131zda durumu aktard\u0131k. Tepki g\u00f6steren iki vatanda\u015fa yang\u0131n s\u00f6nd\u00fcrme u\u00e7aklar\u0131n\u0131n olmamas\u0131 ve yetersiz olmas\u0131n\u0131 s\u00f6ylememize ra\u011fmen provoke edip ortamdan ayr\u0131ld\u0131lar, bu tepki ve \u00dcLKE TV \u00e7ekimi esnas\u0131nda hala b\u00f6lgeye u\u00e7ak gelmemi\u015fti. ayr\u0131ld\u0131klar\u0131 anda \u015fah\u0131slardan biri b\u00f6lgede bulunan dan\u0131\u015fman\u0131ma hakaret etti. Bahse konu olan yay\u0131n politikalar\u0131n\u0131 hepimizin bildi\u011fi medya kurulu\u015fu \u00dcLKE TV g\u00f6r\u00fcnt\u00fclerden derledi\u011fi durumu haberle\u015ftirdi 4 A\u011fustos 2021\u2019de ve devam eden g\u00fcnde yay\u0131nlad\u0131. Haberin i\u00e7eri\u011finde tepki g\u00f6steren iki ki\u015fi i\u00e7in \u201ck\u00f6yl\u00fclerden vekile tepki\u201d gibi ifadeler yer ald\u0131\u011f\u0131 gibi, yetersiz yang\u0131n s\u00f6nd\u00fcrme u\u00e7a\u011f\u0131 talebimize yan\u0131t olarak ne zaman \u00e7ekildi\u011fi bilinmeyen tek bir yang\u0131n s\u00f6nd\u00fcrme u\u00e7a\u011f\u0131 g\u00f6sterildi. Bu yanl\u0131\u015f habercilik anlay\u0131\u015f\u0131n\u0131 ne yaz\u0131k ki k\u0131n\u0131yorum, tarafs\u0131z ve ba\u011f\u0131ms\u0131z habercilik anlay\u0131\u015f\u0131n\u0131n engellenip, iktidar\u0131n dikensiz g\u00fcl bah\u00e7esi yaratma projesi olan medyaya bask\u0131 ve sans\u00fcr ortam\u0131n\u0131n \u00fcr\u00fcn\u00fc bir habercilik anlay\u0131\u015f\u0131 malum kanal taraf\u0131ndan devam ettirildi. Haberin i\u00e7eri\u011finde bahse konu yang\u0131n s\u00f6nd\u00fcrme u\u00e7aklar\u0131n\u0131n olmay\u0131\u015f\u0131 ve zaman\u0131nda da gelmemesine de\u011finilmedi\u011fi ve y\u00f6re halk\u0131, k\u00f6yl\u00fcler tepki g\u00f6sterdi denilen iki ki\u015finin Avrupa plakal\u0131 yabanc\u0131 bir ara\u00e7la b\u00f6lgeden uzakla\u015ft\u0131\u011f\u0131n\u0131 habere cevaben sosyal medya hesaplar\u0131m\u0131zdan ayn\u0131 g\u00fcn yay\u0131nlayarak cevab\u0131m\u0131z\u0131 verdik.<\/p>\n<p>5 A\u011fustos 2021 tarihinde yine Manavgat\u2019ta yang\u0131n b\u00f6lgesinde incelemeler yaparken \u00dcLKE TV yay\u0131n ekibi ile kar\u015f\u0131la\u015ft\u0131k, yapt\u0131klar\u0131 yalan ve mesnetsiz haber i\u00e7in sitemleri belirtmek i\u00e7in yanlar\u0131na gittim, bu s\u0131rada \u00e7ekim yapmas\u0131 i\u00e7in b\u00f6lgede benimle birlikte hareket eden dan\u0131\u015fman\u0131m\u0131 g\u00f6revlendirdim. Bir milletvekili, bir hukuk\u00e7u oldu\u011fum kadar bir vatanda\u015f olarak yanl\u0131 haber yapan bas\u0131na s\u00f6zl\u00fc sitemimi belirtmek en do\u011fal hakk\u0131md\u0131r. Bu s\u0131rada malum medya ekibi \u00e7ekim yapmamaktayd\u0131. Sitemimi hem ara\u00e7taki ki\u015fiye hem sonradan yan\u0131m\u0131za gelen muhabire anlatt\u0131m, onlar\u0131nda bizlere cevaplar\u0131 oldu ve g\u00fcnlerdir gelmeyen u\u00e7aklarla ilgili sitemimizi sanki o g\u00fcn i\u00e7in diyormu\u015fuz alg\u0131s\u0131 yaratmaya \u00e7al\u0131\u015ft\u0131lar, bir g\u00fcn \u00f6nce (4 A\u011fustos 2021) benimde konu oldu\u011fum haberlerindeki \u00e7ekim esnas\u0131nda yang\u0131n s\u00f6nd\u00fcrme u\u00e7a\u011f\u0131 olmad\u0131\u011f\u0131n\u0131, bunu bilmelerine ra\u011fmen maksatl\u0131 haber yapt\u0131klar\u0131n\u0131 ve haberlerinde ifade ettikleri \u201cy\u00f6re halk\u0131 ve k\u00f6yl\u00fcler\u201d \u00fczerinden bir diyalog daha ya\u015fand\u0131. Biz s\u00f6zlerimizi s\u00f6yledik, yay\u0131n\u0131m\u0131z\u0131 kaydedip kapat\u0131p arac\u0131m\u0131za y\u00f6neldik. Bizim kayd\u0131m\u0131zdan sonra kendi telefonlar\u0131 ile malum medya ekibi de kay\u0131t yapt\u0131. Biz arac\u0131m\u0131za y\u00f6nelirken diyalog devam etti, haberde ge\u00e7en ve provokasyon yapan ki\u015filer \u00fczerinden ge\u00e7en diyalog \u00fczerine yan\u0131mda bulunan dan\u0131\u015fman\u0131m\u0131n y\u00fcr\u00fcyerek muhabire soru sormas\u0131n\u0131, kendi videolar\u0131n\u0131 \u00e7eken ki\u015fiden anlayaca\u011f\u0131n\u0131z gibi ba\u015fka bir provokasyonla, bas\u0131na m\u00fcdahale ve daha da utanmazca kad\u0131na sald\u0131r\u0131 olarak nitelemeye kalk\u0131\u015ft\u0131lar. Bu duruma dair g\u00f6r\u00fcnt\u00fclerin \u00f6ncesine ait \u00e7ekti\u011fimiz videoyu ne sosyal medya hesaplar\u0131m\u0131zdan ne de bas\u0131nla payla\u015fmam\u0131\u015ft\u0131k, \u00e7\u00fcnk\u00fc malum haber kanal\u0131n\u0131n bu olay\u0131 da \u00e7arp\u0131tarak yay\u0131nlayaca\u011f\u0131 kendi g\u00f6r\u00fcnt\u00fclerini servis etmelerini bekledik. Yalanlar\u0131n\u0131n su\u00e7\u00fcst\u00fc olmas\u0131 i\u00e7in bir yalan haber daha servis edeceklerini y\u0131llard\u0131r uygulad\u0131klar\u0131 itibar cellatl\u0131\u011f\u0131 taktikleri ile yapt\u0131klar\u0131 haberlerden biliyorduk.<\/p>\n<p>5 A\u011fustos 2021 ak\u015fam saatlerinde bahse konu olan haberi malum medya \u00dcLKE TV ve ayn\u0131 yay\u0131n grubu kurulu\u015flar\u0131 servis etti. Bu haberin servis edilmesi ile olay\u0131n ba\u015flang\u0131c\u0131 olan kendi videomuzu sosyal medya hesab\u0131m\u0131zda yay\u0131nlayaca\u011f\u0131m\u0131z esnada kamuoyunun yak\u0131ndan bildi\u011fi Cumhurba\u015fkanl\u0131\u011f\u0131 \u0130leti\u015fim Ba\u015fkan\u0131 Fahrettin Altun kendi sosyal medya hesab\u0131ndan \u00dcLKE TV haberinin videosunu, bas\u0131na ve kad\u0131na sald\u0131r\u0131 olarak yay\u0131nlad\u0131. Bizler sadece ger\u00e7ek haber vermelerini istedi\u011fimiz bir haber kanal\u0131na cevap yay\u0131nlayacakken, Altun\u2019a da cevap verme gere\u011fi g\u00f6rd\u00fck \u00e7\u00fcnk\u00fc \u201chaks\u0131zl\u0131\u011fa kar\u015f\u0131 susan dilsiz \u015feytand\u0131r\u201d \u015fiar\u0131n\u0131 s\u00f6zde de\u011fil \u00f6zde benimsedik, bizim bu \u00fclkeye ve milletine s\u00f6z\u00fcm\u00fcz budur.<\/p>\n<p>Fahrettin Altun ve malum medya \u00dcLKE TV haberine dair ger\u00e7ekleri i\u00e7eren, olay\u0131 g\u00fcn g\u00fcn g\u00f6steren 18 twitter payla\u015f\u0131m\u0131nda bulunduk, bu payla\u015f\u0131mlarda kendi videolar\u0131m\u0131za da yer verdik. Bahse konu olaya dair cevaplar\u0131m\u0131z\u0131 B\u00f6l\u00fcm 1 ad\u0131 ile ba\u015flayan bir dizi twitter iletisi ile resmi twitter hesab\u0131m\u0131zda bulabilirsiniz, al\u0131nt\u0131lar ve videolar nedeniyle anlam b\u00fct\u00fcnl\u00fc\u011f\u00fcn\u00fcn kaybolmamas\u0131 i\u00e7in bu metinde hepsine yer veremedik.<\/p>\n<p>Malum medya \u00dcLKE TV ve k\u00fclliye b\u00fcrokrat\u0131 Fahrettin Altun\u2019un iddia etti\u011fi bas\u0131na ve kad\u0131na \u015fiddetin olmad\u0131\u011f\u0131n\u0131, yang\u0131nlardaki s\u00f6nd\u00fcrme u\u00e7aklar\u0131n\u0131n gelmemesini kan\u0131tlar\u0131m\u0131zla sunduk.<\/p>\n<p>Bay Altun, devr-i iktidar\u0131n\u0131zda bas\u0131na her t\u00fcrl\u00fc bask\u0131, bas\u0131n mensuplar\u0131na her t\u00fcrl\u00fc \u015fiddet ya\u015fanmaktad\u0131r, ilgili sosyal medya payla\u015f\u0131m\u0131n\u0131 yapt\u0131\u011f\u0131m\u0131z saatlerde HALK TV canl\u0131 yay\u0131n\u0131 bas\u0131l\u0131p, medya mensuplar\u0131na sald\u0131r\u0131ld\u0131. Sald\u0131ranlar belli azmettiricisi kim?<\/p>\n<p>Yine Bay Altun sizin devr-i iktidar\u0131n\u0131zda kad\u0131na her t\u00fcrl\u00fc \u015fiddet ve kad\u0131n cinayetleri artt\u0131, \u00fcz\u00fclerek g\u00f6r\u00fcyoruz ki ayn\u0131 g\u00fcn bir gen\u00e7 k\u0131z\u0131m\u0131z, yine bir kad\u0131n cinayetinden \u015f\u00fcpheli olan ama serbest b\u0131rak\u0131lan bir \u015fahs\u0131n yan\u0131nda \u00f6l\u00fc bulundu. Siz bizi kendinizle kar\u0131\u015ft\u0131rmay\u0131n, sizin temsil etti\u011finiz zihniyet ormanlar\u0131m\u0131z yanarken \u00e7ay da\u011f\u0131tmay\u0131, saraya u\u00e7ak al\u0131rken yang\u0131n s\u00f6nd\u00fcrme u\u00e7a\u011f\u0131 almay\u0131 es ge\u00e7meyi, Taliban zihniyeti ile yak\u0131n olmay\u0131, kad\u0131nlar \u00f6ld\u00fcr\u00fcl\u00fcrken \u0130stanbul S\u00f6zle\u015fmesini feshetmeyi bilir.<\/p>\n<p>Son olarak de\u011ferli bas\u0131n mensuplar\u0131 sald\u0131r\u0131ya u\u011frayan gazeteciler haks\u0131z yere dava a\u00e7\u0131lan gazetecilere dair verdi\u011fim soru \u00f6nergeleri TBMM sitesinde yer al\u0131yor, halk\u0131n haber alma \u00f6zg\u00fcrl\u00fc\u011f\u00fc ve bas\u0131n \u00f6zg\u00fcrl\u00fc\u011f\u00fcn\u00fc bir hukuk\u00e7u bir milletvekili bir vatanda\u015f olarak bende herkesten \u00e7ok istiyor ve \u00f6nemsiyorum. Bu devran de\u011fi\u015fti\u011finde yanda\u015f bas\u0131nda ger\u00e7ek habercilik yapma imkan\u0131na kavu\u015facak, patron, edit\u00f6r, iktidar bask\u0131s\u0131ndan kurtulacakt\u0131r.<\/p>\n<p>Manavgat ba\u015fta olmak \u00fczere t\u00fcm T\u00fcrkiye\u2019de ormanlar\u0131m\u0131z yanarken, insanlar\u0131m\u0131z\u0131, a\u011fa\u00e7lar\u0131m\u0131z\u0131, canlar\u0131m\u0131z\u0131 kaybetti\u011fimiz ac\u0131 g\u00fcnlerde, AKP zihniyetinin manip\u00fclasyon i\u00e7eren haberleri ve sald\u0131r\u0131lar\u0131 ile u\u011fra\u015fmak ve bunlara cevap vererek zaman harcamak \u00fcz\u00fcc\u00fc oldu. \u00a0\u00dclkemizdeki yang\u0131nlara m\u00fcdahale eden t\u00fcm yang\u0131n s\u00f6nd\u00fcrme ekiplerine, g\u00f6n\u00fcll\u00fclerimize bir kez daha \u015f\u00fckranlar\u0131m\u0131 sunuyorum.<\/p>\n<p>&nbsp;<\/p>\n<p>&nbsp;<\/p>\n<p>Sayg\u0131lar\u0131mla.<\/p>\n<p>Rafet Zeybek<\/p>\n<p>CHP Antalya Milletvekili<\/p>\n<p>06.08.2021<\/p>\n<p><iframe loading=\"lazy\" title=\"YouTube video player\" src=\"https:\/\/www.youtube.com\/embed\/WIEtuGrGAuw\" width=\"560\" height=\"315\" frameborder=\"0\" allowfullscreen=\"allowfullscreen\"><\/iframe><\/p>\n","protected":false},"excerpt":{"rendered":"<p>De\u011ferli Bas\u0131n Mensubu, 28 Temmuz 2021 tarihinde \u00e7\u0131kan Manavgat yang\u0131n\u0131n\u0131n ilk g\u00fcn\u00fcnden itibaren zarar g\u00f6ren b\u00f6lgelerimizde t\u00fcm milletvekili arkada\u015flar\u0131m\u0131zla birlikte incelemelerde bulunduk. Bu s\u00fcre\u00e7te Manavgat ve yang\u0131n\u0131n oldu\u011fu Akseki, Alanya ve G\u00fcndo\u011fmu\u015f\u2019ta da incelemelerde bulundum. Yang\u0131n\u0131n ikinci g\u00fcn\u00fc 29 Temmuz 2021 tarihinde yang\u0131n s\u00f6nd\u00fcrme u\u00e7aklar\u0131n\u0131n yetersizli\u011fi ve b\u00f6lgenin \u201cafet b\u00f6lgesi\u201d olmas\u0131 \u00e7a\u011fr\u0131lar\u0131n\u0131 hem bas\u0131n mensuplar\u0131 [&hellip;]<\/p>\n","protected":false},"author":1,"featured_media":22603,"comment_status":"closed","ping_status":"open","sticky":false,"template":"","format":"standard","meta":[],"categories":[62],"tags":[],"amp_enabled":true,"_links":{"self":[{"href":"https:\/\/chpantalya.com\/index.php?rest_route=\/wp\/v2\/posts\/22738"}],"collection":[{"href":"https:\/\/chpantalya.com\/index.php?rest_route=\/wp\/v2\/posts"}],"about":[{"href":"https:\/\/chpantalya.com\/index.php?rest_route=\/wp\/v2\/types\/post"}],"author":[{"embeddable":true,"href":"https:\/\/chpantalya.com\/index.php?rest_route=\/wp\/v2\/users\/1"}],"replies":[{"embeddable":true,"href":"https:\/\/chpantalya.com\/index.php?rest_route=%2Fwp%2Fv2%2Fcomments&post=22738"}],"version-history":[{"count":0,"href":"https:\/\/chpantalya.com\/index.php?rest_route=\/wp\/v2\/posts\/22738\/revisions"}],"wp:featuredmedia":[{"embeddable":true,"href":"https:\/\/chpantalya.com\/index.php?rest_route=\/wp\/v2\/media\/22603"}],"wp:attachment":[{"href":"https:\/\/chpantalya.com\/index.php?rest_route=%2Fwp%2Fv2%2Fmedia&parent=22738"}],"wp:term":[{"taxonomy":"category","embeddable":true,"href":"https:\/\/chpantalya.com\/index.php?rest_route=%2Fwp%2Fv2%2Fcategories&post=22738"},{"taxonomy":"post_tag","embeddable":true,"href":"https:\/\/chpantalya.com\/index.php?rest_route=%2Fwp%2Fv2%2Ftags&post=22738"}],"curies":[{"name":"wp","href":"https:\/\/api.w.org\/{rel}","templated":true}]}}