{"id":22834,"date":"2021-09-10T10:50:10","date_gmt":"2021-09-10T07:50:10","guid":{"rendered":"http:\/\/chpantalya.com\/?p=22834"},"modified":"2021-09-10T10:50:10","modified_gmt":"2021-09-10T07:50:10","slug":"zeybek-cimento-fabrikasi-denetlenmiyor-mu","status":"publish","type":"post","link":"https:\/\/chpantalya.com\/?p=22834","title":{"rendered":"ZEYBEK: \u00c7\u0130MENTO FABR\u0130KASI DENETLENM\u0130YOR MU?"},"content":{"rendered":"<p>CHP Antalya Milletvekili ve TBMM Adalet Komisyonu \u00dcyesi Rafet Zeybek Antalya\u2019n\u0131n D\u00f6\u015femealt\u0131 il\u00e7esi Badema\u011fac\u0131 Mahallesi sakinlerinin sa\u011fl\u0131\u011f\u0131n\u0131 tehdit eden \u00e7imento fabrikas\u0131n\u0131n yaratt\u0131\u011f\u0131 \u00e7evre kirlili\u011fi hakk\u0131nda a\u00e7\u0131klamalarda bulundu.<\/p>\n<p><strong>HALKIN SA\u011eLI\u011eINI TEHD\u0130T EDEN <\/strong><\/p>\n<p><strong>\u00c7\u0130MENTO FABR\u0130KASI DENETLENM\u0130YOR MU?<\/strong><\/p>\n<p>CHP Antalya Milletvekili Zeybek yapt\u0131\u011f\u0131 a\u00e7\u0131klamada \u015fu ifadelerde kulland\u0131;<\/p>\n<p>\u201cD\u00f6\u015femealt\u0131 Badema\u011fac\u0131 mahallesi sakinleri y\u0131llard\u0131r, tozlar\u0131 ile \u00e7evreye zarar veren \u00e7imento fabrikas\u0131 nedeniyle zor durumda. Mahalle sakinleri \u00e7imento fabrikas\u0131n\u0131n filtre kullanmamas\u0131 nedeniyle etraf\u0131 kaplayan toz bulutu alt\u0131nda ya\u015famak zorunda kal\u0131yor. Vatanda\u015flar\u0131m\u0131zdan ald\u0131\u011f\u0131m\u0131z bilgiye g\u00f6re \u00e7imento fabrikas\u0131 denetleme zamanlar\u0131nda filtreleri kullanmakta, denetleme d\u0131\u015f\u0131 zamanlarda ise filtreleri kullanmayarak \u00e7evreye ve insan sa\u011fl\u0131\u011f\u0131na zararl\u0131 tozlar\u0131 etrafa yaymaktad\u0131r. Fabrikan\u0131n yayd\u0131\u011f\u0131 tozlar nedeniyle hastal\u0131klar artm\u0131\u015f durumda, yap\u0131lan t\u00fcm \u015fikayetler sonu\u00e7suz kal\u0131yor. \u00c7evre ve \u015eehircilik Bakanl\u0131\u011f\u0131 yetkilileri insan sa\u011fl\u0131\u011f\u0131 ve \u00e7evreye zarar veren bu i\u015fletme hakk\u0131nda gerekli tedbirleri derhal almal\u0131d\u0131r. Bu kirlili\u011fe sebep olanlar ve g\u00f6z yumanlar hakk\u0131nda gerekli yasal i\u015flemlerde yarg\u0131 taraf\u0131ndan yap\u0131lmal\u0131d\u0131r. Halk sa\u011fl\u0131\u011f\u0131 \u00e7imento \u00fcretiminden daha \u00f6nemlidir.\u201d<\/p>\n<p><strong>DO\u011eAYLA, \u0130NSAN SA\u011eLI\u011eI \u0130LE UYUMLU \u00dcRET\u0130M M\u00dcMK\u00dcN<\/strong><\/p>\n<p>\u201cGeli\u015fmi\u015f bir\u00e7ok \u00fclkede \u00e7evresel de\u011ferlerle uyumlu, insan sa\u011fl\u0131\u011f\u0131na zarar verecek at\u0131klar\u0131n nerdeyse az oldu\u011fu sanayi \u00fcretimleri mevcutken, AKP iktidar\u0131 \u00fcretimi ve sanayi yat\u0131r\u0131mlar\u0131n\u0131 do\u011fay\u0131 yok ederek yapmaktad\u0131r. Filtre ve ar\u0131tma sistemleri olmayan ya da kullanmayan i\u015fletmelerle do\u011fam\u0131z, suyumuz her ge\u00e7en g\u00fcn kirlenmektedir. \u00c7evre kirlili\u011finden ne yaz\u0131k ki bizlerde etkilenmekteyiz, artan hastal\u0131klar ve bunlara ba\u011fl\u0131 can kay\u0131plar\u0131 g\u00f6rmezden gelinmekte, \u00e7evreyi kirletenleri denetleme makam\u0131nda olan iktidar sahipleri ise en iyi bildikleri i\u015f olan, denetleme mekanizmas\u0131n\u0131 \u00e7al\u0131\u015ft\u0131rmamay\u0131 \u00f6zenle s\u00fcrd\u00fcr\u00fcyorlar. \u00c7evre kirlili\u011finin \u00f6n\u00fcne ge\u00e7ilmesi i\u00e7in acil bir eylem plan\u0131na ve onu uygulayacak y\u00f6neticilere ihtiyac\u0131m\u0131z var.\u201d<\/p>\n","protected":false},"excerpt":{"rendered":"<p>CHP Antalya Milletvekili ve TBMM Adalet Komisyonu \u00dcyesi Rafet Zeybek Antalya\u2019n\u0131n D\u00f6\u015femealt\u0131 il\u00e7esi Badema\u011fac\u0131 Mahallesi sakinlerinin sa\u011fl\u0131\u011f\u0131n\u0131 tehdit eden \u00e7imento fabrikas\u0131n\u0131n yaratt\u0131\u011f\u0131 \u00e7evre kirlili\u011fi hakk\u0131nda a\u00e7\u0131klamalarda bulundu. HALKIN SA\u011eLI\u011eINI TEHD\u0130T EDEN \u00c7\u0130MENTO FABR\u0130KASI DENETLENM\u0130YOR MU? CHP Antalya Milletvekili Zeybek yapt\u0131\u011f\u0131 a\u00e7\u0131klamada \u015fu ifadelerde kulland\u0131; \u201cD\u00f6\u015femealt\u0131 Badema\u011fac\u0131 mahallesi sakinleri y\u0131llard\u0131r, tozlar\u0131 ile \u00e7evreye zarar veren \u00e7imento [&hellip;]<\/p>\n","protected":false},"author":1,"featured_media":22835,"comment_status":"closed","ping_status":"open","sticky":false,"template":"","format":"standard","meta":[],"categories":[62],"tags":[],"amp_enabled":true,"_links":{"self":[{"href":"https:\/\/chpantalya.com\/index.php?rest_route=\/wp\/v2\/posts\/22834"}],"collection":[{"href":"https:\/\/chpantalya.com\/index.php?rest_route=\/wp\/v2\/posts"}],"about":[{"href":"https:\/\/chpantalya.com\/index.php?rest_route=\/wp\/v2\/types\/post"}],"author":[{"embeddable":true,"href":"https:\/\/chpantalya.com\/index.php?rest_route=\/wp\/v2\/users\/1"}],"replies":[{"embeddable":true,"href":"https:\/\/chpantalya.com\/index.php?rest_route=%2Fwp%2Fv2%2Fcomments&post=22834"}],"version-history":[{"count":0,"href":"https:\/\/chpantalya.com\/index.php?rest_route=\/wp\/v2\/posts\/22834\/revisions"}],"wp:featuredmedia":[{"embeddable":true,"href":"https:\/\/chpantalya.com\/index.php?rest_route=\/wp\/v2\/media\/22835"}],"wp:attachment":[{"href":"https:\/\/chpantalya.com\/index.php?rest_route=%2Fwp%2Fv2%2Fmedia&parent=22834"}],"wp:term":[{"taxonomy":"category","embeddable":true,"href":"https:\/\/chpantalya.com\/index.php?rest_route=%2Fwp%2Fv2%2Fcategories&post=22834"},{"taxonomy":"post_tag","embeddable":true,"href":"https:\/\/chpantalya.com\/index.php?rest_route=%2Fwp%2Fv2%2Ftags&post=22834"}],"curies":[{"name":"wp","href":"https:\/\/api.w.org\/{rel}","templated":true}]}}