{"id":22837,"date":"2021-09-10T11:01:37","date_gmt":"2021-09-10T08:01:37","guid":{"rendered":"http:\/\/chpantalya.com\/?p=22837"},"modified":"2021-09-10T11:01:37","modified_gmt":"2021-09-10T08:01:37","slug":"govez-yaylasina-elektrik-hatti-cekilmeli","status":"publish","type":"post","link":"https:\/\/chpantalya.com\/?p=22837","title":{"rendered":"\u201cG\u00d6VEZ YAYLASINA ELEKTR\u0130K HATTI \u00c7EK\u0130LMEL\u0130\u201d"},"content":{"rendered":"<p>Antalya\u2019n\u0131n Korkuteli il\u00e7esi K\u00fc\u00e7\u00fckl\u00fc Mahallesindeki G\u00f6vez Yaylas\u0131na ziyarette bulunan TBMM Plan ve B\u00fct\u00e7e Komisyonu \u00fcyesi CHP Antalya Milletvekili Av.Cavit ARI yapt\u0131\u011f\u0131 a\u00e7\u0131klamada \u201cYayla serac\u0131l\u0131\u011f\u0131n\u0131n tar\u0131msal \u00fcretime sa\u011flad\u0131\u011f\u0131 y\u00fcksek verim ve kalitenin ihracata olan katk\u0131s\u0131 dikkate al\u0131nd\u0131\u011f\u0131nda, G\u00f6vez yaylas\u0131na acilen elektrik hatt\u0131 \u00e7ekilmeli ve \u00e7ift\u00e7imiz elektri\u011fe kavu\u015fturulmal\u0131d\u0131r.\u201d dedi.<\/p>\n<p>A\u00e7\u0131klamas\u0131nda, Antalya&#8217;n\u0131n\u00a0Korkuteli\u00a0il\u00e7esinde serac\u0131l\u0131\u011f\u0131n yayg\u0131nla\u015fmas\u0131yla birlikte il\u00e7ede tar\u0131m sekt\u00f6r\u00fc yeni bir ivme kazanm\u0131\u015ft\u0131r. Korkuteli il\u00e7esindeki \u00fcreticilerimiz uzun bir s\u00fcredir de y\u00fcksek rak\u0131m\u0131 nedeniyle verimi daha fazla, tad\u0131, kokusu ve aromas\u0131yla da daha kaliteli \u00fcr\u00fcn yeti\u015ftirme imkan\u0131na kavu\u015ftuklar\u0131 yayla serac\u0131l\u0131\u011f\u0131na y\u00f6nelmi\u015ftir. \u0130l\u00e7enin K\u00fc\u00e7\u00fckl\u00fc mahallesinde bulunan G\u00f6vez Yaylas\u0131 da b\u00f6lgedeki yayla serac\u0131l\u0131\u011f\u0131n\u0131n ba\u015f\u0131nda gelmektedir diyen Milletvekili Ar\u0131, \u201c1.450 metre rak\u0131mda bulunan G\u00f6vez Yaylas\u0131nda yakla\u015f\u0131k 100 adet serada toplamda 500 d\u00f6n\u00fcml\u00fck bir alanda tar\u0131msal \u00fcretim yap\u0131lmakta olup, \u00fcretimin y\u00fcksek kalitesi nedeniyle, yeti\u015ftirilen domates, salatal\u0131k, biber ve patl\u0131can\u0131n neredeyse tamam\u0131 ihra\u00e7 edilmektedir.<\/p>\n<p>Ancak bu ihracat potansiyeli yaylada elektrik olmamas\u0131ndan dolay\u0131 kullan\u0131lan jenerat\u00f6rlerin maliyetli olmas\u0131 nedeniyle yaylan\u0131n b\u00fcy\u00fck bir b\u00f6l\u00fcm\u00fcne yay\u0131lamamakta, \u00fcretim kapasitesi eksik kullan\u0131lmaktad\u0131r. Dolay\u0131s\u0131yla y\u00fcksek miktarlarda d\u00f6viz girdisi sa\u011flayacak ihracat potansiyelinden de yararlan\u0131lamamaktad\u0131r. En yak\u0131n enerji kayna\u011f\u0131na sadece 5 km uzakta olan G\u00f6vez Yaylas\u0131na elektrik hatt\u0131 \u00e7ekilmesiyle \u00fcretim alan\u0131n\u0131n en az 3 bin d\u00f6n\u00fcme \u00e7\u0131kaca\u011f\u0131 ve T\u00fcrkiye\u2019nin en g\u00f6zde yayla serac\u0131l\u0131\u011f\u0131 merkezi haline gelece\u011fi s\u00f6ylenmektedir. Ayr\u0131ca anayola ve enerji hatt\u0131na yak\u0131n b\u00f6yle bir b\u00f6lgede bu devirde elektri\u011fin olmamas\u0131 kabul edilebilecek bir durum de\u011fildir.\u201d dedi.<\/p>\n<p>&nbsp;<\/p>\n<p>A\u00e7\u0131klamas\u0131n\u0131 \u201cYayla serac\u0131l\u0131\u011f\u0131n\u0131n tar\u0131msal \u00fcretime sa\u011flad\u0131\u011f\u0131 y\u00fcksek verim ve kalitenin ihracata olan katk\u0131s\u0131 dikkate al\u0131nd\u0131\u011f\u0131nda, G\u00f6vez yaylas\u0131na acilen elektrik hatt\u0131 \u00e7ekilmeli ve \u00e7ift\u00e7imiz elektri\u011fe kavu\u015fturulmal\u0131d\u0131r.\u201d diyerek tamamlayan Ar\u0131, Enerji ve Tabii Kaynaklar Bakan\u0131 Fatih D\u00f6nmez\u2019e cevaplamas\u0131 istemiyle vermi\u015f oldu\u011fu yaz\u0131l\u0131 soru \u00f6nergesinde a\u015fa\u011f\u0131daki sorular\u0131 y\u00f6nelterek konuyu meclis g\u00fcndemine ta\u015f\u0131d\u0131.<\/p>\n<p>&nbsp;<\/p>\n<p>Milletvekili Ar\u0131, ayr\u0131ca TEDA\u015e ve b\u00f6lgenin elektrik da\u011f\u0131t\u0131m \u015firketi olan CK Akdeniz Elektrik A.\u015e., firmas\u0131na da g\u00f6nderdi\u011fi yaz\u0131larla da konuya ili\u015fkin talebini iletti.<\/p>\n<p>&nbsp;<\/p>\n<p>&nbsp;<\/p>\n<ul>\n<li>Korkuteli \u0130l\u00e7esi, K\u00fc\u00e7\u00fckl\u00fc Mahallesi, G\u00f6vez Yaylas\u0131na elektrik hatt\u0131 \u00e7ekilmesine y\u00f6nelik Bakanl\u0131\u011f\u0131n\u0131z nezdinde yap\u0131lm\u0131\u015f herhangi bir planlama var m\u0131d\u0131r?<\/li>\n<\/ul>\n<p>&nbsp;<\/p>\n<ul>\n<li>Planlama yok ise, yayla serac\u0131l\u0131\u011f\u0131n tar\u0131msal \u00fcretime ve ihracata sa\u011flad\u0131\u011f\u0131 katk\u0131 dikkate al\u0131nd\u0131\u011f\u0131nda G\u00f6vez Yaylas\u0131na elektrik hatt\u0131 \u00e7ekilmesine y\u00f6nelik bir planlama yapacak m\u0131s\u0131n\u0131z?<\/li>\n<\/ul>\n","protected":false},"excerpt":{"rendered":"<p>Antalya\u2019n\u0131n Korkuteli il\u00e7esi K\u00fc\u00e7\u00fckl\u00fc Mahallesindeki G\u00f6vez Yaylas\u0131na ziyarette bulunan TBMM Plan ve B\u00fct\u00e7e Komisyonu \u00fcyesi CHP Antalya Milletvekili Av.Cavit ARI yapt\u0131\u011f\u0131 a\u00e7\u0131klamada \u201cYayla serac\u0131l\u0131\u011f\u0131n\u0131n tar\u0131msal \u00fcretime sa\u011flad\u0131\u011f\u0131 y\u00fcksek verim ve kalitenin ihracata olan katk\u0131s\u0131 dikkate al\u0131nd\u0131\u011f\u0131nda, G\u00f6vez yaylas\u0131na acilen elektrik hatt\u0131 \u00e7ekilmeli ve \u00e7ift\u00e7imiz elektri\u011fe kavu\u015fturulmal\u0131d\u0131r.\u201d dedi. A\u00e7\u0131klamas\u0131nda, Antalya&#8217;n\u0131n\u00a0Korkuteli\u00a0il\u00e7esinde serac\u0131l\u0131\u011f\u0131n yayg\u0131nla\u015fmas\u0131yla birlikte il\u00e7ede tar\u0131m sekt\u00f6r\u00fc [&hellip;]<\/p>\n","protected":false},"author":1,"featured_media":22838,"comment_status":"closed","ping_status":"open","sticky":false,"template":"","format":"standard","meta":[],"categories":[63,35],"tags":[],"amp_enabled":true,"_links":{"self":[{"href":"https:\/\/chpantalya.com\/index.php?rest_route=\/wp\/v2\/posts\/22837"}],"collection":[{"href":"https:\/\/chpantalya.com\/index.php?rest_route=\/wp\/v2\/posts"}],"about":[{"href":"https:\/\/chpantalya.com\/index.php?rest_route=\/wp\/v2\/types\/post"}],"author":[{"embeddable":true,"href":"https:\/\/chpantalya.com\/index.php?rest_route=\/wp\/v2\/users\/1"}],"replies":[{"embeddable":true,"href":"https:\/\/chpantalya.com\/index.php?rest_route=%2Fwp%2Fv2%2Fcomments&post=22837"}],"version-history":[{"count":0,"href":"https:\/\/chpantalya.com\/index.php?rest_route=\/wp\/v2\/posts\/22837\/revisions"}],"wp:featuredmedia":[{"embeddable":true,"href":"https:\/\/chpantalya.com\/index.php?rest_route=\/wp\/v2\/media\/22838"}],"wp:attachment":[{"href":"https:\/\/chpantalya.com\/index.php?rest_route=%2Fwp%2Fv2%2Fmedia&parent=22837"}],"wp:term":[{"taxonomy":"category","embeddable":true,"href":"https:\/\/chpantalya.com\/index.php?rest_route=%2Fwp%2Fv2%2Fcategories&post=22837"},{"taxonomy":"post_tag","embeddable":true,"href":"https:\/\/chpantalya.com\/index.php?rest_route=%2Fwp%2Fv2%2Ftags&post=22837"}],"curies":[{"name":"wp","href":"https:\/\/api.w.org\/{rel}","templated":true}]}}