{"id":22888,"date":"2021-09-13T11:26:32","date_gmt":"2021-09-13T08:26:32","guid":{"rendered":"http:\/\/chpantalya.com\/?p=22888"},"modified":"2021-09-14T11:31:37","modified_gmt":"2021-09-14T08:31:37","slug":"cavit-ari-denetim-yok-mu","status":"publish","type":"post","link":"https:\/\/chpantalya.com\/?p=22888","title":{"rendered":"CAV\u0130T ARI: \u201cDENET\u0130M YOK MU?\u201d"},"content":{"rendered":"<p>Antalya\u2019n\u0131n D\u00f6\u015femealt\u0131 \u0130l\u00e7esi Badema\u011fac\u0131 Mahallesinde birtak\u0131m ziyaret ve incelemelerde bulunan TBMM Plan ve B\u00fct\u00e7e Komisyonu \u00fcyesi CHP Antalya Milletvekili Av.Cavit ARI yapt\u0131\u011f\u0131 a\u00e7\u0131klamada \u201cBurdur ilimizin Bucak il\u00e7esinde Antalya il s\u0131n\u0131r\u0131na kurulu \u201cAS \u00c7imento\u201d fabrikas\u0131n\u0131n \u00e7evreye verdi\u011fi zararla ilgili olarak fabrikaya kom\u015fu olan Badema\u011fac\u0131 mahallesinde ya\u015fayan vatanda\u015flar\u0131m\u0131z\u0131n ciddi rahats\u0131zl\u0131klar\u0131 s\u00f6z konusudur. \u00a0Fabrikan\u0131n insan sa\u011fl\u0131\u011f\u0131 ve ekili dikili alanda yaratt\u0131\u011f\u0131 geri d\u00f6n\u00fc\u015f\u00fc olmayan zarar\u0131n \u00f6nlenmesi i\u00e7in yetkilileri g\u00f6reve davet ediyorum.\u201d dedi.<\/p>\n<p>A\u00e7\u0131klamas\u0131nda, Burdur ilimizin Bucak il\u00e7esinde Antalya il s\u0131n\u0131r\u0131na kurulu \u201cAS \u00c7imento\u201d fabrikas\u0131yla ile ilgili olarak fabrikaya kom\u015fu olan Antalya\u2019n\u0131n D\u00f6\u015femealt\u0131 \u0130l\u00e7esi, Badema\u011fac\u0131 mahallesinde ya\u015fayan vatanda\u015flar\u0131m\u0131z\u0131n ciddi rahats\u0131zl\u0131klar\u0131 s\u00f6z konusudur. Fabrika bacalar\u0131ndan y\u00fckselen duman\u0131n y\u0131llarca mahalle \u00fczerine b\u0131rakt\u0131\u011f\u0131 toz ve k\u00fcller insan sa\u011fl\u0131\u011f\u0131na, canl\u0131 t\u00fcrlerine, bitki \u00f6rt\u00fcs\u00fcne ve tar\u0131msal faaliyete verdi\u011fi zarar ve tahribata ili\u015fkin y\u00f6re halk\u0131n\u0131n \u015fikayetleri y\u0131llarca dile getirilmi\u015f olup g\u00fcn\u00fcm\u00fczde de devam etmektedir diyen Milletvekili Ar\u0131, \u201c\u00c7imento fabrikas\u0131 emisyonu olarak bacadan at\u0131lan toz ve k\u00fcller r\u00fczgarlar\u0131n etkisiyle kilometrelerce uza\u011fa ta\u015f\u0131nabilmektedir. B\u00f6ylece fabrikan\u0131n bulundu\u011fu yerden \u00e7ok daha uzak yerlerde de kirlilik olabilmektedir. Bu kirlenme, do\u011fal alanlar, tar\u0131m arazileri, yerle\u015fim alanlar\u0131 ya da buralar\u0131 besleyen yer\u00fcst\u00fc i\u00e7me suyu kaynaklar\u0131nda olabilmektedir. Badema\u011fac\u0131 mahallemizde benzer bir durum ya\u015fanmakta olup y\u00f6rede ad\u0131ndan da anla\u015f\u0131laca\u011f\u0131 \u00fczere \u00e7o\u011funlukla badem a\u011fac\u0131 olmak \u00fczere \u00fcz\u00fcm ve ceviz \u00fcretimi de yap\u0131lmaktad\u0131r. Ancak fabrikadan gelen zararl\u0131 toz ve k\u00fcllerin etkisiyle bitki ve a\u011fa\u00e7larda kurumalar g\u00f6zlenmektedir. B\u00f6lgede ya\u015fayanlardan \u00f6\u011frenildi\u011fine g\u00f6re \u015firket yetkilileri fazla enerji maliyeti nedeniyle fabrikan\u0131n filtrasyon sistemine devre d\u0131\u015f\u0131 b\u0131rakarak hafta sonlar\u0131 bacalardan yo\u011fun duman b\u0131rakmaktad\u0131rlar.\u201d dedi.<\/p>\n<p>&nbsp;<\/p>\n<p>A\u00e7\u0131klamas\u0131n\u0131 \u201cT\u00fcm d\u00fcnyay\u0131 etkisi alt\u0131na alan COVID-19 salg\u0131n\u0131 tar\u0131m, tohum, toprak, su kaynaklar\u0131n\u0131n ve g\u0131dan\u0131n ne kadar \u00f6nemli oldu\u011funu bize g\u00f6stermi\u015ftir. S\u00fcrd\u00fcr\u00fclebilir g\u0131da \u00fcretiminin tar\u0131msal alanlar\u0131m\u0131z\u0131 zararl\u0131 etkenlerden korumaktan ge\u00e7ti\u011fini unutmamal\u0131y\u0131z. \u00c7imento fabrikan\u0131n insan sa\u011fl\u0131\u011f\u0131 ve ekili dikili alanda yaratt\u0131\u011f\u0131 geri d\u00f6n\u00fc\u015f\u00fc olmayan zarar\u0131n \u00f6nlenmesi i\u00e7in yetkilileri g\u00f6reve davet ediyorum.\u201d diyerek tamamlayan Milletvekili Ar\u0131, \u00c7evre ve \u015eehircilik Bakan\u0131 Murat Kurum ile Tar\u0131m ve Orman Bakan\u0131 Bekir Pakdemirli\u2019ye cevaplamas\u0131 istemiyle vermi\u015f oldu\u011fu yaz\u0131l\u0131 soru \u00f6nergeleriyle konuyu meclis g\u00fcndemine ta\u015f\u0131d\u0131.<\/p>\n<p><iframe loading=\"lazy\" title=\"YouTube video player\" src=\"https:\/\/www.youtube.com\/embed\/GJlM0gSnLig\" width=\"560\" height=\"315\" frameborder=\"0\" allowfullscreen=\"allowfullscreen\"><\/iframe><\/p>\n","protected":false},"excerpt":{"rendered":"<p>Antalya\u2019n\u0131n D\u00f6\u015femealt\u0131 \u0130l\u00e7esi Badema\u011fac\u0131 Mahallesinde birtak\u0131m ziyaret ve incelemelerde bulunan TBMM Plan ve B\u00fct\u00e7e Komisyonu \u00fcyesi CHP Antalya Milletvekili Av.Cavit ARI yapt\u0131\u011f\u0131 a\u00e7\u0131klamada \u201cBurdur ilimizin Bucak il\u00e7esinde Antalya il s\u0131n\u0131r\u0131na kurulu \u201cAS \u00c7imento\u201d fabrikas\u0131n\u0131n \u00e7evreye verdi\u011fi zararla ilgili olarak fabrikaya kom\u015fu olan Badema\u011fac\u0131 mahallesinde ya\u015fayan vatanda\u015flar\u0131m\u0131z\u0131n ciddi rahats\u0131zl\u0131klar\u0131 s\u00f6z konusudur. \u00a0Fabrikan\u0131n insan sa\u011fl\u0131\u011f\u0131 ve ekili [&hellip;]<\/p>\n","protected":false},"author":1,"featured_media":22889,"comment_status":"closed","ping_status":"open","sticky":false,"template":"","format":"standard","meta":[],"categories":[63,35],"tags":[],"amp_enabled":true,"_links":{"self":[{"href":"https:\/\/chpantalya.com\/index.php?rest_route=\/wp\/v2\/posts\/22888"}],"collection":[{"href":"https:\/\/chpantalya.com\/index.php?rest_route=\/wp\/v2\/posts"}],"about":[{"href":"https:\/\/chpantalya.com\/index.php?rest_route=\/wp\/v2\/types\/post"}],"author":[{"embeddable":true,"href":"https:\/\/chpantalya.com\/index.php?rest_route=\/wp\/v2\/users\/1"}],"replies":[{"embeddable":true,"href":"https:\/\/chpantalya.com\/index.php?rest_route=%2Fwp%2Fv2%2Fcomments&post=22888"}],"version-history":[{"count":0,"href":"https:\/\/chpantalya.com\/index.php?rest_route=\/wp\/v2\/posts\/22888\/revisions"}],"wp:featuredmedia":[{"embeddable":true,"href":"https:\/\/chpantalya.com\/index.php?rest_route=\/wp\/v2\/media\/22889"}],"wp:attachment":[{"href":"https:\/\/chpantalya.com\/index.php?rest_route=%2Fwp%2Fv2%2Fmedia&parent=22888"}],"wp:term":[{"taxonomy":"category","embeddable":true,"href":"https:\/\/chpantalya.com\/index.php?rest_route=%2Fwp%2Fv2%2Fcategories&post=22888"},{"taxonomy":"post_tag","embeddable":true,"href":"https:\/\/chpantalya.com\/index.php?rest_route=%2Fwp%2Fv2%2Ftags&post=22888"}],"curies":[{"name":"wp","href":"https:\/\/api.w.org\/{rel}","templated":true}]}}