{"id":23041,"date":"2021-10-12T17:43:21","date_gmt":"2021-10-12T14:43:21","guid":{"rendered":"http:\/\/chpantalya.com\/?p=23041"},"modified":"2021-10-12T17:43:21","modified_gmt":"2021-10-12T14:43:21","slug":"ozer-bu-curetin-kaynagi-ne","status":"publish","type":"post","link":"https:\/\/chpantalya.com\/?p=23041","title":{"rendered":"\u00d6ZER: BU C\u00dcRET\u0130N KAYNA\u011eI NE?"},"content":{"rendered":"<p><strong>SI\u011eIR \u0130THALATINDA R\u00dc\u015eVET \u0130DD\u0130ASI <\/strong><\/p>\n<p>S\u0131\u011f\u0131r ithalat\u0131nda r\u00fc\u015fvet al\u0131nd\u0131\u011f\u0131na dair Tar\u0131m ve Orman Bakanl\u0131\u011f\u0131\u2019na y\u00f6nelik soru\u015fturma ba\u015flat\u0131ld\u0131\u011f\u0131 iddias\u0131n\u0131 TBMM Genel Kurulunda dile getiren CHP\u2019li \u00d6zer, \u201cBu r\u00fc\u015fvet olay\u0131 bir ilk mi? Kim bu yetkililer? Ba\u015fka f\u0131rsat\u00e7\u0131lar yok mu? Bu c\u00fcretin kayna\u011f\u0131 ne?\u201d diye sordu.<\/p>\n<p>TBMM Genel Kurulu\u2019nda bir konu\u015fma yapan CHP Antalya Milletvekili Ayd\u0131n \u00d6zer, Tar\u0131m ve Orman Bakanl\u0131\u011f\u0131 hakk\u0131nda ba\u015flat\u0131lan soru\u015fturmay\u0131 g\u00fcndeme getirdi. \u201cBor\u00e7 i\u00e7indeki \u00fcreticiye derman olmayan bakanl\u0131kta neler oluyor, i\u015fler iyice sarpa m\u0131 sard\u0131?\u201d diyen \u00d6zer \u015funlar\u0131 s\u00f6yledi:<\/p>\n<p>\u201c\u0130ddiaya g\u00f6re; Cumhurba\u015fkanl\u0131\u011f\u0131\u2019na ba\u011fl\u0131 Devlet Denetleme Kurulu, Tar\u0131m ve Orman Bakanl\u0131\u011f\u0131 hakk\u0131nda r\u00fc\u015fvet iddias\u0131yla soru\u015fturma ba\u015flatt\u0131. Tam bir f\u0131rsat\u00e7\u0131l\u0131k hikayesi&#8230; Uruguay\u2019dan 8 bin 800 s\u0131\u011f\u0131r ithal edilir. Gemi, Mersin Liman\u0131na \u00fc\u00e7 g\u00fcn gecikmeli gelir. Bakanl\u0131k gecikme gerek\u00e7esiyle hayvanlar\u0131n indirilmesine izin vermez, hi\u00e7bir arac\u0131y\u0131 da dinlemez! Sonra birileri ithalat\u00e7\u0131 firmaya sorunu \u00e7\u00f6zmeyi garanti eder! 120 bin dolara anla\u015f\u0131rlar. Ertesi sabah da Bakanl\u0131ktan onay \u00e7\u0131kar. R\u00fc\u015fvete giden soru basit: E\u011fer mevzuata uygunluk yoksa onay nas\u0131l \u00e7\u0131kt\u0131? Bas\u0131nda yer alan bu iddia \u015fa\u015f\u0131rt\u0131c\u0131 tabii. \u00c7\u00fcnk\u00fc AKP, herhalde ilk kez devletin denetleme mekanizmas\u0131n\u0131 kendisi i\u00e7in \u00e7al\u0131\u015ft\u0131r\u0131yor! Peki, kim bunlar? Bakanl\u0131\u011f\u0131n hangi yetkilileri? Bu r\u00fc\u015fvet olay\u0131 bir ilk mi? Ba\u015fka r\u00fc\u015fvet olaylar\u0131, ba\u015fka f\u0131rsat\u00e7\u0131lar yok mu? Bu c\u00fcretin kayna\u011f\u0131 ne?\u201d<\/p>\n","protected":false},"excerpt":{"rendered":"<p>SI\u011eIR \u0130THALATINDA R\u00dc\u015eVET \u0130DD\u0130ASI S\u0131\u011f\u0131r ithalat\u0131nda r\u00fc\u015fvet al\u0131nd\u0131\u011f\u0131na dair Tar\u0131m ve Orman Bakanl\u0131\u011f\u0131\u2019na y\u00f6nelik soru\u015fturma ba\u015flat\u0131ld\u0131\u011f\u0131 iddias\u0131n\u0131 TBMM Genel Kurulunda dile getiren CHP\u2019li \u00d6zer, \u201cBu r\u00fc\u015fvet olay\u0131 bir ilk mi? Kim bu yetkililer? Ba\u015fka f\u0131rsat\u00e7\u0131lar yok mu? Bu c\u00fcretin kayna\u011f\u0131 ne?\u201d diye sordu. TBMM Genel Kurulu\u2019nda bir konu\u015fma yapan CHP Antalya Milletvekili Ayd\u0131n \u00d6zer, Tar\u0131m [&hellip;]<\/p>\n","protected":false},"author":1,"featured_media":17963,"comment_status":"closed","ping_status":"open","sticky":false,"template":"","format":"standard","meta":[],"categories":[60],"tags":[],"amp_enabled":true,"_links":{"self":[{"href":"https:\/\/chpantalya.com\/index.php?rest_route=\/wp\/v2\/posts\/23041"}],"collection":[{"href":"https:\/\/chpantalya.com\/index.php?rest_route=\/wp\/v2\/posts"}],"about":[{"href":"https:\/\/chpantalya.com\/index.php?rest_route=\/wp\/v2\/types\/post"}],"author":[{"embeddable":true,"href":"https:\/\/chpantalya.com\/index.php?rest_route=\/wp\/v2\/users\/1"}],"replies":[{"embeddable":true,"href":"https:\/\/chpantalya.com\/index.php?rest_route=%2Fwp%2Fv2%2Fcomments&post=23041"}],"version-history":[{"count":0,"href":"https:\/\/chpantalya.com\/index.php?rest_route=\/wp\/v2\/posts\/23041\/revisions"}],"wp:featuredmedia":[{"embeddable":true,"href":"https:\/\/chpantalya.com\/index.php?rest_route=\/wp\/v2\/media\/17963"}],"wp:attachment":[{"href":"https:\/\/chpantalya.com\/index.php?rest_route=%2Fwp%2Fv2%2Fmedia&parent=23041"}],"wp:term":[{"taxonomy":"category","embeddable":true,"href":"https:\/\/chpantalya.com\/index.php?rest_route=%2Fwp%2Fv2%2Fcategories&post=23041"},{"taxonomy":"post_tag","embeddable":true,"href":"https:\/\/chpantalya.com\/index.php?rest_route=%2Fwp%2Fv2%2Ftags&post=23041"}],"curies":[{"name":"wp","href":"https:\/\/api.w.org\/{rel}","templated":true}]}}