{"id":23057,"date":"2021-10-14T13:12:04","date_gmt":"2021-10-14T10:12:04","guid":{"rendered":"http:\/\/chpantalya.com\/?p=23057"},"modified":"2021-10-14T13:12:04","modified_gmt":"2021-10-14T10:12:04","slug":"okullarin-guvenligi-cocuklarimizin-emniyeti-kesnlikle-tasarruf-konusu-olamaz","status":"publish","type":"post","link":"https:\/\/chpantalya.com\/?p=23057","title":{"rendered":"\u201cOKULLARIN G\u00dcVENL\u0130\u011e\u0130, \u00c7OCUKLARIMIZIN EMN\u0130YET\u0130 KESNL\u0130KLE TASARRUF KONUSU OLAMAZ!\u201d"},"content":{"rendered":"<p>\u0130\u015eKUR\u2019un Toplum Yarar\u0131na Program (TYP) kapsam\u0131nda Milli E\u011fitim Bakanl\u0131\u011f\u0131na \u00a0ba\u011fl\u0131 resmi okullarda istihdam edilmek \u00fczere ger\u00e7ekle\u015ftirdi\u011fi \u00f6zel g\u00fcvenlik g\u00f6revlisi al\u0131m\u0131n\u0131n bu y\u0131l tasarruf tedbirlerine tak\u0131larak baz\u0131 illerimizde hi\u00e7 yap\u0131lmad\u0131\u011f\u0131 baz\u0131 illerimizde de \u00f6nceki y\u0131llara nazaran \u00e7ok daha az say\u0131da yap\u0131ld\u0131\u011f\u0131na dair haberler oldu\u011funu s\u00f6yleyen TBMM Plan ve B\u00fct\u00e7e Komisyonu \u00fcyesi CHP Antalya Milletvekili Av.Cavit Ar\u0131,\u00a0 \u201cOkul ve \u00e7evresinin korunmas\u0131, ba\u015fta \u00e7ocuklar\u0131m\u0131z olmak \u00fczere \u00f6\u011fretmenlerimizin de g\u00fcvenli\u011fi a\u00e7\u0131s\u0131ndan \u00e7ok \u00f6nemli olup kesinlike tasarruf konusu olamaz.\u201d diyerek tepkisini dile getirdi.<\/p>\n<p>CHP Antalya Milletvekili Cavit ARI \u201c6 Eyl\u00fcl 2021 tarihi itibariyle 1,5 y\u0131l aradan sonra \u00fclke genelinde t\u00fcm kademe ve s\u0131n\u0131f seviyelerinde yakla\u015f\u0131k 58 bin okulda 18 milyon \u00f6\u011frenci ve 1 milyon \u00fczerinde \u00f6\u011fretmen y\u00fcz y\u00fcze e\u011fitime ba\u015flam\u0131\u015ft\u0131r. Ancak daha \u00f6nceki y\u0131llarda \u0130\u015eKUR taraf\u0131ndan uygulanan Toplum Yarar\u0131na Program (TYP) kapsam\u0131nda Bakanl\u0131\u011f\u0131n\u0131za ba\u011fl\u0131 okullarda istihdam edilmek \u00fczere ger\u00e7ekle\u015ftirilen \u00f6zel g\u00fcvenlik g\u00f6revlisi al\u0131m\u0131n\u0131n bu y\u0131l tasarruf tedbirlerine tak\u0131larak baz\u0131 illerimizde hi\u00e7 yap\u0131lmad\u0131\u011f\u0131 baz\u0131 illerimizde de \u00f6nceki y\u0131llara nazaran \u00e7ok daha az say\u0131da yap\u0131ld\u0131\u011f\u0131na dair haberler vard\u0131r. \u0130\u015eKUR taraf\u0131ndan \u00f6nceki y\u0131llarda TYP kapsam\u0131nda e\u011fitim ve sertifikasyon vererek Bakanl\u0131\u011f\u0131n\u0131z nezdinde istihdam\u0131 sa\u011flanan ve say\u0131lar\u0131 30 bini bulan tecr\u00fcbeli g\u00fcvenlik g\u00f6revlilerinin bu y\u0131l da istihdam edilmesi ve istihdam say\u0131s\u0131n\u0131n art\u0131r\u0131lmas\u0131yla birlikte art\u0131k ge\u00e7ici olarak de\u011fil s\u00fcrekli s\u00f6zle\u015fme ile istihdam edilme talepleri s\u00f6z konusu olup, zaman kaybetmeden bu taleplerinin dikkate al\u0131narak gerekli d\u00fczenlemenin yap\u0131lmas\u0131 gerekmektedir. Okul ve \u00e7evresinin korunmas\u0131, ba\u015fta \u00e7ocuklar\u0131m\u0131z olmak \u00fczere \u00f6\u011fretmenlerimizin de g\u00fcvenli\u011fi a\u00e7\u0131s\u0131ndan \u00e7ok \u00f6nemli olup kesinlikle tasarruf konusu olamaz. Bu durum maalesef ak\u0131llara okullar\u0131m\u0131z\u0131n, \u00e7ocuklar\u0131m\u0131z\u0131n g\u00fcvenli\u011fi yeterince sa\u011flanabiliyor mu sorusunu getirmektedir. \u00c7ocuklar\u0131m\u0131z\u0131 g\u00f6n\u00fcl rahatl\u0131\u011f\u0131yla okullar\u0131na g\u00f6nderebilmeliyiz.\u201d dedi.<\/p>\n<p>Milletvekili Ar\u0131, \u00c7al\u0131\u015fma ve Sosyal G\u00fcvenlik Bakan\u0131 ile Milli E\u011fitim Bakan\u0131na cevaplamas\u0131 istemiyle verdi\u011fi yaz\u0131l\u0131 soru \u00f6nergeleriyle de konuyu meclis g\u00fcndemine ta\u015f\u0131d\u0131.<\/p>\n","protected":false},"excerpt":{"rendered":"<p>\u0130\u015eKUR\u2019un Toplum Yarar\u0131na Program (TYP) kapsam\u0131nda Milli E\u011fitim Bakanl\u0131\u011f\u0131na \u00a0ba\u011fl\u0131 resmi okullarda istihdam edilmek \u00fczere ger\u00e7ekle\u015ftirdi\u011fi \u00f6zel g\u00fcvenlik g\u00f6revlisi al\u0131m\u0131n\u0131n bu y\u0131l tasarruf tedbirlerine tak\u0131larak baz\u0131 illerimizde hi\u00e7 yap\u0131lmad\u0131\u011f\u0131 baz\u0131 illerimizde de \u00f6nceki y\u0131llara nazaran \u00e7ok daha az say\u0131da yap\u0131ld\u0131\u011f\u0131na dair haberler oldu\u011funu s\u00f6yleyen TBMM Plan ve B\u00fct\u00e7e Komisyonu \u00fcyesi CHP Antalya Milletvekili Av.Cavit Ar\u0131,\u00a0 [&hellip;]<\/p>\n","protected":false},"author":1,"featured_media":23052,"comment_status":"closed","ping_status":"open","sticky":false,"template":"","format":"standard","meta":[],"categories":[52,35],"tags":[],"amp_enabled":true,"_links":{"self":[{"href":"https:\/\/chpantalya.com\/index.php?rest_route=\/wp\/v2\/posts\/23057"}],"collection":[{"href":"https:\/\/chpantalya.com\/index.php?rest_route=\/wp\/v2\/posts"}],"about":[{"href":"https:\/\/chpantalya.com\/index.php?rest_route=\/wp\/v2\/types\/post"}],"author":[{"embeddable":true,"href":"https:\/\/chpantalya.com\/index.php?rest_route=\/wp\/v2\/users\/1"}],"replies":[{"embeddable":true,"href":"https:\/\/chpantalya.com\/index.php?rest_route=%2Fwp%2Fv2%2Fcomments&post=23057"}],"version-history":[{"count":0,"href":"https:\/\/chpantalya.com\/index.php?rest_route=\/wp\/v2\/posts\/23057\/revisions"}],"wp:featuredmedia":[{"embeddable":true,"href":"https:\/\/chpantalya.com\/index.php?rest_route=\/wp\/v2\/media\/23052"}],"wp:attachment":[{"href":"https:\/\/chpantalya.com\/index.php?rest_route=%2Fwp%2Fv2%2Fmedia&parent=23057"}],"wp:term":[{"taxonomy":"category","embeddable":true,"href":"https:\/\/chpantalya.com\/index.php?rest_route=%2Fwp%2Fv2%2Fcategories&post=23057"},{"taxonomy":"post_tag","embeddable":true,"href":"https:\/\/chpantalya.com\/index.php?rest_route=%2Fwp%2Fv2%2Ftags&post=23057"}],"curies":[{"name":"wp","href":"https:\/\/api.w.org\/{rel}","templated":true}]}}