{"id":23461,"date":"2021-11-25T14:05:01","date_gmt":"2021-11-25T11:05:01","guid":{"rendered":"http:\/\/chpantalya.com\/?p=23461"},"modified":"2021-11-25T14:05:50","modified_gmt":"2021-11-25T11:05:50","slug":"23461","status":"publish","type":"post","link":"https:\/\/chpantalya.com\/?p=23461","title":{"rendered":"\u0130STANBUL S\u00d6ZLE\u015eMES\u0130\u2019NDEN VAZGE\u00c7M\u0130YORUZ!"},"content":{"rendered":"<p>25 Kas\u0131m Kad\u0131na Y\u00f6nelik \u015eiddete Kar\u015f\u0131 Uluslararas\u0131 M\u00fccadele G\u00fcn\u00fc, g\u00fcc\u00fcn\u00fc \u00fc\u00e7 k\u0131z karde\u015fin bir diktat\u00f6re kar\u015f\u0131 verdi\u011fi onurlu m\u00fccadeleden al\u0131yor.<\/p>\n<p>Tarihe \u201cMirabel Karde\u015fler\u201d olarak ge\u00e7en bu \u00fc\u00e7 kad\u0131n; \u00fclkelerinde demokrasiyi savunduklar\u0131 i\u00e7in vatan haini ilan edildiler ve defalarca hapse at\u0131ld\u0131lar. Bir\u00a025 Kas\u0131m g\u00fcn\u00fc,\u00a0Mirabel karde\u015flerin arabas\u0131n\u0131 yolda durduran diktat\u00f6r\u00fcn yanda\u015flar\u0131, karde\u015flere \u00f6nce tecav\u00fcz etti sonra da \u00f6ld\u00fcr\u00fcp u\u00e7urumdan a\u015fa\u011f\u0131 att\u0131. Vah\u015fice katledilmeden \u00f6nce\u00a0Maria Mirabel\u2019in \u015f\u00f6yle demi\u015fti: \u201cBelki bize en yak\u0131n \u015fey \u00f6l\u00fcm ancak bu beni korkutmuyor. Hakl\u0131 olan her \u015fey i\u00e7in sava\u015fmaya devam edece\u011fiz!\u201d<\/p>\n<p>61 y\u0131l \u00f6nce canlar\u0131yla bedel \u00f6deyen bu cesur ve onurlu kad\u0131nlar\u0131n m\u00fccadelesi, bug\u00fcn de bizlerin omuzlar\u0131nda y\u00fckseliyor. Bu bilin\u00e7le, d\u00fcnyaya ve \u00fclkemize demokrasiyi, adaleti ve e\u015fitli\u011fi getirmek i\u00e7in var g\u00fcc\u00fcm\u00fczle \u00e7al\u0131\u015f\u0131yoruz. Cumhuriyet Halk Partisi Kad\u0131n Kollar\u0131 olarak, bir yandan \u00f6rg\u00fctl\u00fc g\u00fcc\u00fcm\u00fcz\u00fc artt\u0131r\u0131rken, di\u011fer yandan d\u00fcnyadaki ve T\u00fcrkiye\u2019deki kad\u0131n hareketine ses kat\u0131yor, m\u00fccadeleyi birlikte b\u00fcy\u00fct\u00fcyoruz.<\/p>\n<p>\u00dclkemiz demokrasiden uzakla\u015ft\u0131k\u00e7a, kad\u0131na y\u00f6nelik \u015fiddet h\u0131z kesmeden devam ediyor. Kad\u0131nlar s\u0131rf kad\u0131n olduklar\u0131 i\u00e7in \u00f6ld\u00fcr\u00fcl\u00fcyor, \u015fiddete u\u011fruyor. 11 g\u00fcn \u00f6nce Ba\u015fak Cengiz\u2019i samuray k\u0131l\u0131c\u0131yla katleden katil Can G\u00f6ktu\u011f Boz; &#8220;Birini \u00f6ld\u00fcrmeyi planlad\u0131m, kad\u0131n direnemez diye onu \u00f6ld\u00fcrd\u00fcm&#8221; demi\u015fti.<\/p>\n<p>Bizler, en temel hakk\u0131m\u0131z olan ya\u015fam hakk\u0131m\u0131za sahip \u00e7\u0131kmak i\u00e7in direniyoruz. Kad\u0131nlar\u0131n can simidi olan \u0130stanbul S\u00f6zle\u015fmesi\u2019nden bir gece yar\u0131s\u0131, tek adam\u0131n karar\u0131yla \u00e7\u0131k\u0131lmas\u0131n\u0131 asla kabul etmiyoruz! \u0130lk se\u00e7imlerde kad\u0131n d\u00fc\u015fman\u0131 zihniyeti sand\u0131\u011fa g\u00f6mece\u011fiz ve Genel Ba\u015fkan\u0131m\u0131z Say\u0131n Kemal K\u0131l\u0131\u00e7daro\u011flu\u2019nun s\u00f6z verdi\u011fi gibi ilk bir hafta i\u00e7inde \u0130stanbul S\u00f6zle\u015fmesi\u2019ni yeniden y\u00fcr\u00fcrl\u00fc\u011fe koyaca\u011f\u0131z.<\/p>\n<p>Cumhuriyet Halk Partisi olarak,\u00a0\u00a0ge\u00e7en y\u0131l s\u00f6zle\u015fmenin bir maddesini hayata ge\u00e7irdik ve Genel Merkezimizde \u201cAlo \u015eiddet\u201d hatt\u0131 kurduk. Ya\u015fam en temel hakt\u0131r diyerek projemize \u201cYa\u015famHak\u201d ad\u0131n\u0131 verdik. 444 82 85 numaral\u0131 hatt\u0131m\u0131z\u0131 arayan t\u00fcm \u015fiddet ma\u011fduru kad\u0131n ve \u00e7ocuklara, 7\/24 \u00fccretsiz destek hizmetleri verdik ve vermeye devam ediyoruz. Projemiz kanal\u0131yla \u015funu daha net g\u00f6r\u00fcyoruz: \u0130stanbul S\u00f6zle\u015fmesi\u2019nin fesih karar\u0131ndan sonra iletilen \u015fiddet vakalar\u0131nda art\u0131\u015f var.<\/p>\n<p><b>E\u011fer \u0130stanbul S\u00f6zle\u015fmesi y\u00fcr\u00fcrl\u00fckte olsayd\u0131 ve uygulansayd\u0131;<\/b>\u00a0\u015fiddet uygulayan bir\u00e7ok fail cayd\u0131r\u0131c\u0131 cezalar alacakt\u0131. \u0130mza tarihinden bu yana \u00f6ld\u00fcr\u00fclen binlerce kad\u0131n bug\u00fcn hayatta olacakt\u0131, katiller \u201cyatar\u0131m \u00fc\u00e7 be\u015f ay, \u00e7\u0131kar\u0131m\u201d rahatl\u0131\u011f\u0131yla hareket etmeyecekti. \u00c7ocu\u011fa y\u00f6nelik cinsel istismarda bulunanlar, delil yetersizli\u011fi gerek\u00e7esi ile tahliye edilmeyecekti. S\u00fcreli nafaka ve aile hukukunda arabuluculuk gibi konular tart\u0131\u015fmaya bile a\u00e7\u0131lmayacakt\u0131. S\u00f6zle\u015fme her g\u00fcn a\u015f\u0131nd\u0131r\u0131lmaya \u00e7al\u0131\u015f\u0131lan haklar\u0131m\u0131za koruyucu kalkan olacakt\u0131.<\/p>\n<p>Bu s\u00fcre\u00e7te, hakk\u0131nda uzakla\u015ft\u0131rma karar\u0131 bulunan bir\u00e7ok erkek, k\u0131z karde\u015flerimizi hayattan kopard\u0131. Nermin U. d\u00f6rt y\u0131l \u00f6nce bo\u015fand\u0131\u011f\u0131 Mahir A.\u2019ye y\u00f6nelik \u201cbeni \u00f6ld\u00fcrecek&#8221; diyerek koruma karar\u0131 istedi\u011fi karakoldan d\u00f6nerken, sokakta ayn\u0131 erkek taraf\u0131ndan \u00f6ld\u00fcr\u00fcld\u00fc.<\/p>\n<p>Sivas\u2019ta ya\u015fayan 8 \u00e7ocuk annesi 60 ya\u015f\u0131ndaki\u00a0Mevl\u00fcde Parlak, yemek yapmad\u0131\u011f\u0131 bahanesiyle evli oldu\u011fu Rahmi Parlak taraf\u0131ndan \u00f6ld\u00fcr\u00fcld\u00fc.<\/p>\n<p>\u0130stanbul\u2019da ya\u015fayan 32 ya\u015f\u0131nda 2\u00a0 \u00e7ocuk annesi\u00a0Ulviye Ava\u011f, ikinci e\u015f olma teklifini reddetti\u011fi bahanesiyle Mehmet Demir taraf\u0131ndan \u00f6ld\u00fcr\u00fcld\u00fc.<\/p>\n<p>56 ya\u015f\u0131ndaki\u00a0Behiye \u00c7ak\u0131r bo\u015fanma a\u015famas\u0131nda oldu\u011fu Ali \u00c7ak\u0131r taraf\u0131ndan \u201c500 TL nafaka istedi\u011fi\u201d bahanesiyle \u00f6ld\u00fcr\u00fcld\u00fc.<\/p>\n<p>TRT sanat\u00e7\u0131s\u0131 Hatice Ka\u00e7maz&#8217;\u0131 15 b\u0131\u00e7ak darbesiyle katleden Orhan Munis\u2019e \u201ca\u015f\u0131r\u0131 sevgi\u201dden \u00f6ld\u00fcrd\u00fc\u011f\u00fc gerek\u00e7esiyle \u201ctutku indirimi\u201d uyguland\u0131.<\/p>\n<p>Katiller, cinayeti i\u015flemeden \u00f6nce nas\u0131l ceza indirimi alacaklar\u0131na ili\u015fkin internet aramas\u0131 yapt\u0131lar. Yarg\u0131lan\u0131rken bahanelerin arkas\u0131na s\u0131\u011f\u0131nd\u0131lar. \u00d6nceki yarg\u0131 kararlar\u0131ndan cesaret ald\u0131lar!<\/p>\n<p>\u200b<\/p>\n<p>De\u011ferli Bas\u0131n Mensuplar\u0131,<\/p>\n<p>Bu \u00f6l\u00fcmlerin ve \u015fiddetin sebebi uygulanan politikalar de\u011filmi\u015f gibi,\u00a0AKP S\u00f6zc\u00fcs\u00fc \u00d6mer \u00c7elik \u00e7\u0131km\u0131\u015f &#8220;Toplumsal olarak kad\u0131n cinayetlerine kar\u015f\u0131 seferber olmam\u0131z\u0131n vakti gelmi\u015ftir ve dahi ge\u00e7mektedir\u201d diyor. G\u00fcnayd\u0131n! Sanki 19 y\u0131ld\u0131r iktidarda olan onlar de\u011fil. AKP iktidar\u0131nda kad\u0131na y\u00f6nelik ekonomik \u015fiddet de artt\u0131; \u00e7al\u0131\u015fabilir n\u00fcfustaki her 3 kad\u0131ndan ikisi i\u015fsiz. Her iki kad\u0131ndan biri kay\u0131t d\u0131\u015f\u0131 \u00e7al\u0131\u015f\u0131yor. Kad\u0131nlar e\u015fit i\u015fe e\u015fit \u00fccret alm\u0131yor. Bizlere, ne giyece\u011fimizden, ka\u00e7 \u00e7ocuk do\u011furaca\u011f\u0131m\u0131za kadar dayat\u0131lan bir hayat reva g\u00f6r\u00fcld\u00fc.<\/p>\n<p>Bizler, AKP\u2019nin kad\u0131n cinayetlerini \u201cf\u0131trat\u201d ve \u201ckader\u201d s\u00f6ylemine mahkum etti\u011finizi unutmuyoruz.<\/p>\n<p>De\u011ferli Bas\u0131n Emek\u00e7ileri<\/p>\n<p>Genel Ba\u015fkan\u0131m\u0131z Say\u0131n Kemal K\u0131l\u0131\u00e7daro\u011flu, iktidara geldi\u011fimizdeki yol haritam\u0131z\u0131 \u201cAlt\u0131 Ayda Alt\u0131 Kolayl\u0131k\u201d ba\u015fl\u0131\u011f\u0131yla a\u00e7\u0131klad\u0131.<\/p>\n<p>\u0130ktidara geldi\u011fimizde ilk alt\u0131 ayda ne mi yapaca\u011f\u0131z?<\/p>\n<p>1-KADINA Y\u00d6NEL\u0130K \u015e\u0130DDETLE M\u00dcCADELEM\u0130Z DERHAL BA\u015eLAYACAK<\/p>\n<p>Kad\u0131na \u015fiddet davalar\u0131 i\u00e7in \u00d6zel Yetkili Mahkemeler ve Yarg\u0131tay\u2019da ayr\u0131 bir ceza dairesi kuraca\u011f\u0131z. H\u00e2kim ve savc\u0131lar ile t\u00fcm adli makam \u00e7al\u0131\u015fanlar\u0131 kad\u0131na \u015fiddet konusunda \u00f6zel e\u011fitim alacak. Her polis karakolunda i\u00e7inde en az bir kad\u0131n polisin yer ald\u0131\u011f\u0131 ev i\u00e7i \u015fiddet konusunda e\u011fitim alm\u0131\u015f ekipler olu\u015fturaca\u011f\u0131z. \u015eiddet bildiriminin aile hekimleri taraf\u0131ndan da yap\u0131lmas\u0131 i\u00e7in, polis ve aile hekimi aras\u0131nda bir ileti\u015fim kanal\u0131 olu\u015fturaca\u011f\u0131z. Kad\u0131nlara \u015fiddet uygulayanlar\u0131n iyi hal indiriminden yararlanmas\u0131na izin vermeyece\u011fiz. \u0130\u015f yerinde veya evde, her nerede olursa olsun kad\u0131na y\u00f6nelik psikolojik ve ekonomik \u015fiddet ile ayr\u0131mc\u0131l\u0131k da fiziki \u015fiddetle ayn\u0131 kapsama al\u0131narak su\u00e7 say\u0131lacak. \u0130ktidar\u0131m\u0131zda kad\u0131nlar, adaleti ve g\u00fcvenli\u011fi sosyal medyada aramak zorunda kalmayacak.<\/p>\n<p>2- A\u0130LE DESTEKLER\u0130 S\u0130GORTASINI HAYATA GE\u00c7\u0130RECE\u011e\u0130Z<\/p>\n<p>1971 y\u0131l\u0131ndan beri yasala\u015ft\u0131r\u0131lmayan Aile Destekleri Sigortas\u0131 ile ev kad\u0131nlar\u0131n\u0131n sosyal g\u00fcvence meselesini \u00e7\u00f6zece\u011fiz. Hane geliri asgari \u00fccretin alt\u0131nda olan aileler i\u00e7in Aile Destekleri Sigortas\u0131\u2019ndan mali destek sa\u011flayaca\u011f\u0131z. Bu destekleri, hanedeki kad\u0131n ad\u0131na bankada a\u00e7\u0131lan hesaba yat\u0131raca\u011f\u0131z.<\/p>\n<p>3- KADIN \u0130ST\u0130HDAMINI ARTTIRACA\u011eIZ<\/p>\n<p>\u201cEV KADINLARINA \u0130\u015e, EVE A\u015e\u201d sa\u011flayaca\u011f\u0131z. \u00c7al\u0131\u015fmak isteyen ev kad\u0131nlar\u0131na destek olaca\u011f\u0131z. KOB\u0130\u2019ler arac\u0131l\u0131\u011f\u0131yla yar\u0131 zamanl\u0131 kad\u0131n istihdam\u0131n\u0131 artt\u0131raca\u011f\u0131z. Ev kad\u0131nlar\u0131na istihdam sa\u011flayan KOB\u0130\u2019lere, Aile Destekleri Sigortas\u0131 kapsam\u0131nda maa\u015f ve vergi deste\u011fi verece\u011fiz. Ev kad\u0131nlar\u0131n\u0131n devlet memuriyetine al\u0131nmas\u0131n\u0131 te\u015fvik edece\u011fiz. Kamudaki y\u00f6netim kademeleri i\u00e7in en az y\u00fczde 35 kad\u0131n kotas\u0131 uygulayaca\u011f\u0131z. Y\u00f6netim kademelerinde y\u00fczde 35 veya \u00fczerinde kad\u0131n \u00e7al\u0131\u015fan\u0131 olan \u00f6zel sekt\u00f6r \u015firketlerine, vergi te\u015fviki verece\u011fiz.<\/p>\n<p>4-BO\u015eANAN KADINLAR \u0130\u00c7\u0130N \u201cYEN\u0130 BA\u015eLANGI\u00c7LAR FONU\u201d OLU\u015eTURACA\u011eIZ<\/p>\n<p>E\u015finden bo\u015fanan kad\u0131nlara, Aile Destekleri Sigortas\u0131 kapsam\u0131nda kuraca\u011f\u0131m\u0131z Yeni Ba\u015flang\u0131\u00e7lar Fonu ile ta\u015f\u0131nma ve ev kurma deste\u011fi verece\u011fiz. Kad\u0131n \u00e7al\u0131\u015fm\u0131yorsa, istihdama kat\u0131lmalar\u0131 i\u00e7in belediyeler taraf\u0131ndan e\u011fitim ve i\u015f bulma deste\u011fi verece\u011fiz. \u0130ktidar\u0131m\u0131zda kad\u0131nlar kimseye muhta\u00e7 olmadan hayatlar\u0131n\u0131 s\u00fcrd\u00fcrecekler.<\/p>\n<p>5-DO\u011eUM \u0130ZN\u0130 UYGULAMASINI GEL\u0130\u015eT\u0130RECE\u011e\u0130Z<\/p>\n<p>Do\u011fum iznine ayr\u0131lm\u0131\u015f ve kanuni s\u00fcre i\u00e7inde i\u015fine d\u00f6nememi\u015f veya i\u015finden ayr\u0131lmak zorunda kalm\u0131\u015f kad\u0131nlar, yeniden i\u015f hayat\u0131na d\u00f6nmek istediklerinde pozitif ayr\u0131mc\u0131l\u0131k uygulamalar\u0131ndan yararlanacaklar.<\/p>\n<p>6-G\u00dc\u00c7L\u00dc B\u0130R KADIN SA\u011eLI\u011eI PROGRAMINI BA\u015eLATACA\u011eIZ<\/p>\n<p>Kad\u0131nlar\u0131n sa\u011fl\u0131k, bak\u0131m ve hijyen konusundaki en b\u00fcy\u00fck g\u00fcvencesi devlet olacak. Ergenlik \u00e7a\u011f\u0131na giren k\u0131z \u00e7ocuklar\u0131n\u0131n sa\u011fl\u0131k harcamalar\u0131 \u00fccretsiz olacak. Rahim kanserini \u00f6nleyen HPV a\u015f\u0131s\u0131 da dahil olmak \u00fczere t\u00fcm \u00f6nleyici sa\u011fl\u0131k harcamalar\u0131 devlet taraf\u0131ndan \u00fccretsiz olarak kar\u015f\u0131lanacak.<\/p>\n<p>De\u011ferli bas\u0131n mensuplar\u0131,<\/p>\n<p>Bug\u00fcn Cumhuriyet Halk Partisi Kad\u0131n Kollar\u0131 olarak 81 ilden e\u015f zamanl\u0131 olarak hayk\u0131r\u0131yoruz:<\/p>\n<p>Geliyor Gelmekte Olan\u2026<\/p>\n<p>\u200b<\/p>\n\r\n                <style type=\"text\/css\">\r\n                    \r\n                    #tdi_1  .td-doubleSlider-2 .td-item1 {\r\n                        background: url(https:\/\/chpantalya.com\/wp-content\/uploads\/2021\/11\/kad\u0131n-kollar\u0131-1-160x120.jpg) 0 0 no-repeat;\r\n                    }\r\n                    #tdi_1  .td-doubleSlider-2 .td-item2 {\r\n                        background: url(https:\/\/chpantalya.com\/wp-content\/uploads\/2021\/11\/kad\u0131n-kollar\u0131-2-160x120.jpg) 0 0 no-repeat;\r\n                    }\r\n                    #tdi_1  .td-doubleSlider-2 .td-item3 {\r\n                        background: url(https:\/\/chpantalya.com\/wp-content\/uploads\/2021\/11\/kad\u0131n-kollar\u0131-3-160x120.jpg) 0 0 no-repeat;\r\n                    }\r\n                    #tdi_1  .td-doubleSlider-2 .td-item4 {\r\n                        background: url(https:\/\/chpantalya.com\/wp-content\/uploads\/2021\/11\/kad\u0131n-kollar\u0131-4-160x120.jpg) 0 0 no-repeat;\r\n                    }\r\n                    #tdi_1  .td-doubleSlider-2 .td-item5 {\r\n                        background: url(https:\/\/chpantalya.com\/wp-content\/uploads\/2021\/11\/kad\u0131n-kollar\u0131-5-160x120.jpg) 0 0 no-repeat;\r\n                    }\r\n                    #tdi_1  .td-doubleSlider-2 .td-item6 {\r\n                        background: url(https:\/\/chpantalya.com\/wp-content\/uploads\/2021\/11\/kad\u0131n-kollar\u0131-6-160x120.jpg) 0 0 no-repeat;\r\n                    }\r\n                <\/style>\r\n\r\n                <div id=\"tdi_1\" class=\"td-gallery td-slide-on-2-columns\">\r\n                    <div class=\"post_td_gallery\">\r\n                        <div class=\"td-gallery-slide-top\">\r\n                           <div class=\"td-gallery-title\"><\/div>\r\n\r\n                            <div class=\"td-gallery-controls-wrapper\">\r\n                                <div class=\"td-gallery-slide-count\"><span class=\"td-gallery-slide-item-focus\">1<\/span> - 6<\/div>\r\n                                <div class=\"td-gallery-slide-prev-next-but\">\r\n                                    <i class = \"td-icon-left doubleSliderPrevButton\"><\/i>\r\n                                    <i class = \"td-icon-right doubleSliderNextButton\"><\/i>\r\n                                <\/div>\r\n                            <\/div>\r\n                        <\/div>\r\n\r\n                        <div class = \"td-doubleSlider-1 \">\r\n                            <div class = \"td-slider\">\r\n                                \r\n                    <div class = \"td-slide-item td-item1\">\r\n                        <figure class=\"td-slide-galery-figure td-slide-popup-gallery\">\r\n                            <a class=\"slide-gallery-image-link\" href=\"https:\/\/chpantalya.com\/wp-content\/uploads\/2021\/11\/kad\u0131n-kollar\u0131-1.jpg\" title=\"kad\u0131n kollar\u0131 (1)\"  data-caption=\"\"  data-description=\"\">\r\n                                <img src=\"https:\/\/chpantalya.com\/wp-content\/uploads\/2021\/11\/kad\u0131n-kollar\u0131-1-631x420.jpg\" srcset=\"https:\/\/chpantalya.com\/wp-content\/uploads\/2021\/11\/kad\u0131n-kollar\u0131-1-631x420.jpg 420w, https:\/\/chpantalya.com\/wp-content\/uploads\/2021\/11\/kad\u0131n-kollar\u0131-1.jpg 840w\" sizes=\"(-webkit-min-device-pixel-ratio: 2) 840px, (min-resolution: 192dpi) 840px, 420px\" alt=\"\">\r\n                            <\/a>\r\n                            \r\n                        <\/figure>\r\n                    <\/div>\r\n                    <div class = \"td-slide-item td-item2\">\r\n                        <figure class=\"td-slide-galery-figure td-slide-popup-gallery\">\r\n                            <a class=\"slide-gallery-image-link\" href=\"https:\/\/chpantalya.com\/wp-content\/uploads\/2021\/11\/kad\u0131n-kollar\u0131-2.jpg\" title=\"kad\u0131n kollar\u0131 (2)\"  data-caption=\"\"  data-description=\"\">\r\n                                <img src=\"https:\/\/chpantalya.com\/wp-content\/uploads\/2021\/11\/kad\u0131n-kollar\u0131-2-631x420.jpg\" srcset=\"https:\/\/chpantalya.com\/wp-content\/uploads\/2021\/11\/kad\u0131n-kollar\u0131-2-631x420.jpg 420w, https:\/\/chpantalya.com\/wp-content\/uploads\/2021\/11\/kad\u0131n-kollar\u0131-2.jpg 840w\" sizes=\"(-webkit-min-device-pixel-ratio: 2) 840px, (min-resolution: 192dpi) 840px, 420px\" alt=\"\">\r\n                            <\/a>\r\n                            \r\n                        <\/figure>\r\n                    <\/div>\r\n                    <div class = \"td-slide-item td-item3\">\r\n                        <figure class=\"td-slide-galery-figure td-slide-popup-gallery\">\r\n                            <a class=\"slide-gallery-image-link\" href=\"https:\/\/chpantalya.com\/wp-content\/uploads\/2021\/11\/kad\u0131n-kollar\u0131-3.jpg\" title=\"kad\u0131n kollar\u0131 (3)\"  data-caption=\"\"  data-description=\"\">\r\n                                <img src=\"https:\/\/chpantalya.com\/wp-content\/uploads\/2021\/11\/kad\u0131n-kollar\u0131-3-631x420.jpg\" srcset=\"https:\/\/chpantalya.com\/wp-content\/uploads\/2021\/11\/kad\u0131n-kollar\u0131-3-631x420.jpg 420w, https:\/\/chpantalya.com\/wp-content\/uploads\/2021\/11\/kad\u0131n-kollar\u0131-3.jpg 840w\" sizes=\"(-webkit-min-device-pixel-ratio: 2) 840px, (min-resolution: 192dpi) 840px, 420px\" alt=\"\">\r\n                            <\/a>\r\n                            \r\n                        <\/figure>\r\n                    <\/div>\r\n                    <div class = \"td-slide-item td-item4\">\r\n                        <figure class=\"td-slide-galery-figure td-slide-popup-gallery\">\r\n                            <a class=\"slide-gallery-image-link\" href=\"https:\/\/chpantalya.com\/wp-content\/uploads\/2021\/11\/kad\u0131n-kollar\u0131-4.jpg\" title=\"kad\u0131n kollar\u0131 (4)\"  data-caption=\"\"  data-description=\"\">\r\n                                <img src=\"https:\/\/chpantalya.com\/wp-content\/uploads\/2021\/11\/kad\u0131n-kollar\u0131-4-631x420.jpg\" srcset=\"https:\/\/chpantalya.com\/wp-content\/uploads\/2021\/11\/kad\u0131n-kollar\u0131-4-631x420.jpg 420w, https:\/\/chpantalya.com\/wp-content\/uploads\/2021\/11\/kad\u0131n-kollar\u0131-4.jpg 840w\" sizes=\"(-webkit-min-device-pixel-ratio: 2) 840px, (min-resolution: 192dpi) 840px, 420px\" alt=\"\">\r\n                            <\/a>\r\n                            \r\n                        <\/figure>\r\n                    <\/div>\r\n                    <div class = \"td-slide-item td-item5\">\r\n                        <figure class=\"td-slide-galery-figure td-slide-popup-gallery\">\r\n                            <a class=\"slide-gallery-image-link\" href=\"https:\/\/chpantalya.com\/wp-content\/uploads\/2021\/11\/kad\u0131n-kollar\u0131-5.jpg\" title=\"kad\u0131n kollar\u0131 (5)\"  data-caption=\"\"  data-description=\"\">\r\n                                <img src=\"https:\/\/chpantalya.com\/wp-content\/uploads\/2021\/11\/kad\u0131n-kollar\u0131-5-631x420.jpg\" srcset=\"https:\/\/chpantalya.com\/wp-content\/uploads\/2021\/11\/kad\u0131n-kollar\u0131-5-631x420.jpg 420w, https:\/\/chpantalya.com\/wp-content\/uploads\/2021\/11\/kad\u0131n-kollar\u0131-5.jpg 840w\" sizes=\"(-webkit-min-device-pixel-ratio: 2) 840px, (min-resolution: 192dpi) 840px, 420px\" alt=\"\">\r\n                            <\/a>\r\n                            \r\n                        <\/figure>\r\n                    <\/div>\r\n                    <div class = \"td-slide-item td-item6\">\r\n                        <figure class=\"td-slide-galery-figure td-slide-popup-gallery\">\r\n                            <a class=\"slide-gallery-image-link\" href=\"https:\/\/chpantalya.com\/wp-content\/uploads\/2021\/11\/kad\u0131n-kollar\u0131-6.jpg\" title=\"kad\u0131n kollar\u0131 (6)\"  data-caption=\"\"  data-description=\"\">\r\n                                <img src=\"https:\/\/chpantalya.com\/wp-content\/uploads\/2021\/11\/kad\u0131n-kollar\u0131-6-631x420.jpg\" srcset=\"https:\/\/chpantalya.com\/wp-content\/uploads\/2021\/11\/kad\u0131n-kollar\u0131-6-631x420.jpg 420w, https:\/\/chpantalya.com\/wp-content\/uploads\/2021\/11\/kad\u0131n-kollar\u0131-6.jpg 840w\" sizes=\"(-webkit-min-device-pixel-ratio: 2) 840px, (min-resolution: 192dpi) 840px, 420px\" alt=\"\">\r\n                            <\/a>\r\n                            \r\n                        <\/figure>\r\n                    <\/div>\r\n                            <\/div>\r\n                        <\/div>\r\n\r\n                        <div class = \"td-doubleSlider-2\">\r\n                            <div class = \"td-slider\">\r\n                                \r\n                    <div class = \"td-button td-item1\">\r\n                        <div class = \"td-border\"><\/div>\r\n                    <\/div>\r\n                    <div class = \"td-button td-item2\">\r\n                        <div class = \"td-border\"><\/div>\r\n                    <\/div>\r\n                    <div class = \"td-button td-item3\">\r\n                        <div class = \"td-border\"><\/div>\r\n                    <\/div>\r\n                    <div class = \"td-button td-item4\">\r\n                        <div class = \"td-border\"><\/div>\r\n                    <\/div>\r\n                    <div class = \"td-button td-item5\">\r\n                        <div class = \"td-border\"><\/div>\r\n                    <\/div>\r\n                    <div class = \"td-button td-item6\">\r\n                        <div class = \"td-border\"><\/div>\r\n                    <\/div>\r\n                            <\/div>\r\n                        <\/div>\r\n\r\n                    <\/div>\r\n\r\n                <\/div>\r\n                \n","protected":false},"excerpt":{"rendered":"<p>25 Kas\u0131m Kad\u0131na Y\u00f6nelik \u015eiddete Kar\u015f\u0131 Uluslararas\u0131 M\u00fccadele G\u00fcn\u00fc, g\u00fcc\u00fcn\u00fc \u00fc\u00e7 k\u0131z karde\u015fin bir diktat\u00f6re kar\u015f\u0131 verdi\u011fi onurlu m\u00fccadeleden al\u0131yor. Tarihe \u201cMirabel Karde\u015fler\u201d olarak ge\u00e7en bu \u00fc\u00e7 kad\u0131n; \u00fclkelerinde demokrasiyi savunduklar\u0131 i\u00e7in vatan haini ilan edildiler ve defalarca hapse at\u0131ld\u0131lar. Bir\u00a025 Kas\u0131m g\u00fcn\u00fc,\u00a0Mirabel karde\u015flerin arabas\u0131n\u0131 yolda durduran diktat\u00f6r\u00fcn yanda\u015flar\u0131, karde\u015flere \u00f6nce tecav\u00fcz etti sonra da [&hellip;]<\/p>\n","protected":false},"author":1,"featured_media":23466,"comment_status":"closed","ping_status":"open","sticky":false,"template":"","format":"standard","meta":[],"categories":[49],"tags":[],"amp_enabled":true,"_links":{"self":[{"href":"https:\/\/chpantalya.com\/index.php?rest_route=\/wp\/v2\/posts\/23461"}],"collection":[{"href":"https:\/\/chpantalya.com\/index.php?rest_route=\/wp\/v2\/posts"}],"about":[{"href":"https:\/\/chpantalya.com\/index.php?rest_route=\/wp\/v2\/types\/post"}],"author":[{"embeddable":true,"href":"https:\/\/chpantalya.com\/index.php?rest_route=\/wp\/v2\/users\/1"}],"replies":[{"embeddable":true,"href":"https:\/\/chpantalya.com\/index.php?rest_route=%2Fwp%2Fv2%2Fcomments&post=23461"}],"version-history":[{"count":0,"href":"https:\/\/chpantalya.com\/index.php?rest_route=\/wp\/v2\/posts\/23461\/revisions"}],"wp:featuredmedia":[{"embeddable":true,"href":"https:\/\/chpantalya.com\/index.php?rest_route=\/wp\/v2\/media\/23466"}],"wp:attachment":[{"href":"https:\/\/chpantalya.com\/index.php?rest_route=%2Fwp%2Fv2%2Fmedia&parent=23461"}],"wp:term":[{"taxonomy":"category","embeddable":true,"href":"https:\/\/chpantalya.com\/index.php?rest_route=%2Fwp%2Fv2%2Fcategories&post=23461"},{"taxonomy":"post_tag","embeddable":true,"href":"https:\/\/chpantalya.com\/index.php?rest_route=%2Fwp%2Fv2%2Ftags&post=23461"}],"curies":[{"name":"wp","href":"https:\/\/api.w.org\/{rel}","templated":true}]}}