{"id":23509,"date":"2021-12-03T17:18:00","date_gmt":"2021-12-03T14:18:00","guid":{"rendered":"http:\/\/chpantalya.com\/?p=23509"},"modified":"2021-12-11T11:47:49","modified_gmt":"2021-12-11T08:47:49","slug":"2022de-kamuya-kac-engelli-vatandasimizin-atamasi-yapilacaktir","status":"publish","type":"post","link":"https:\/\/chpantalya.com\/?p=23509","title":{"rendered":"2022\u2019DE KAMUYA KA\u00c7 ENGELL\u0130 VATANDA\u015eIMIZIN ATAMASI YAPILACAKTIR?"},"content":{"rendered":"<p>CHP Antalya Milletvekili ve TBMM Adalet Komisyonu \u00dcyesi Rafet Zeybek 3 Aral\u0131k D\u00fcnya Engelliler G\u00fcn\u00fc kapsam\u0131nda Antalya\u2019dan Ankara\u2019ya gelen Hasta ve Engelliler ile Yak\u0131nlar\u0131 Haklar\u0131 Derne\u011fi \u00fcyeleri ile T\u00fcrkiye B\u00fcy\u00fck Millet Meclisi\u2019nde bir araya geldi.<\/p>\n<p>CHP\u2019li Zeybek ve beraberindeki heyet daha sonras\u0131nda Cumhuriyet Halk Partisi Genel Merkezi\u2019nde, CHP Kad\u0131n Kollar\u0131 Genel Ba\u015fkan\u0131 Aylin Nazl\u0131aka ve Kad\u0131n Kollar\u0131 MYK \u00dcyesi Aliye Ersever\u2019le birlikte bir toplant\u0131 ger\u00e7ekle\u015ftirdi. Bu toplant\u0131da dernek \u00fcyelerine, CHP\u2019nin engellilerin \u00e7al\u0131\u015fma hayat\u0131na kat\u0131l\u0131m\u0131, engelli ayl\u0131klar\u0131, sa\u011fl\u0131k ve e\u011fitim alan\u0131nda yapaca\u011f\u0131 d\u00fczenlemeler ile eri\u015filebilirlik ve y\u00f6netimde engelli vatanda\u015flar\u0131m\u0131za y\u00f6nelik \u00e7al\u0131\u015fma ve politikalar\u0131 aktar\u0131ld\u0131.<\/p>\n<p><strong>2022\u2019DE KAMUYA KA\u00c7 ENGELL\u0130 VATANDA\u015eIMIZIN ATAMASI YAPILACAKTIR? &nbsp;<\/strong><\/p>\n<p>CHP Antalya Milletvekili Zeybek ayr\u0131ca engelli haklar\u0131 konusunda Aile ve Sosyal Hizmetler Bakan\u0131 Derya Yan\u0131k ve \u00c7al\u0131\u015fma ve Sosyal G\u00fcvenlik Bakan\u0131 Vedat Bilgin\u2019in cevaplamas\u0131 istemiyle iki soru \u00f6nergesi verdi. CHP\u2019li Zeybek verdi\u011fi soru \u00f6nergelerinde engelli vatanda\u015flar\u0131m\u0131za kamuda ayr\u0131lan istihdam oran\u0131, \u00f6n\u00fcm\u00fczdeki y\u0131l kamuya al\u0131nacak engelli personel say\u0131s\u0131n\u0131,&nbsp; pandemi s\u00fcrecinde \u0130\u015eKUR\u2019a ba\u015fvuran engelli vatanda\u015f say\u0131s\u0131 ile s\u00fcrekli ertelenen kamuya ait t\u00fcm yap\u0131, yol ve alanlardaki engellilerin eri\u015filebilirlik \u00e7al\u0131\u015fmalar\u0131n\u0131n hangi a\u015famada oldu\u011fu sorular\u0131na yer verdir.<\/p>\n<p><strong>ENGELL\u0130 VATANDA\u015eLARIMIZ, ENGELLEN\u0130YOR<\/strong><\/p>\n<p>CHP\u2019li Zeybek verdi\u011fi soru \u00f6nergeleri ve 3 Aral\u0131k D\u00fcnya Engelliler G\u00fcn\u00fc i\u00e7in yapt\u0131\u011f\u0131 a\u00e7\u0131klamada ise \u015fu ifadeleri kulland\u0131:<\/p>\n<p>\u201cEngelli vatanda\u015flar\u0131m\u0131z ve yak\u0131nlar\u0131 i\u00e7in \u00e7\u00f6z\u00fcm bekleyen \u00e7ok acil sorunlar var, bu sorunlar mevcut siyasi iktidar taraf\u0131ndan \u00e7\u00f6z\u00fclmek yerine s\u00fcrekli ertelenmektedir. Engelli vatanda\u015flar\u0131m\u0131z sa\u011fl\u0131k, sosyal haklar, istihdam ve eri\u015filebilirlik talep ediyor, her 3 Aral\u0131k\u2019ta tekrar hat\u0131rlanan ama sonras\u0131nda unutulan bu sorunlar\u0131n \u00e7\u00f6z\u00fcm\u00fc mevcut iktidarla olmayaca\u011f\u0131 art\u0131k g\u00f6r\u00fclmektedir. Engelli vatanda\u015flar\u0131m\u0131z, engelli olman\u0131n verdi\u011fi zorluklarla de\u011fil, engellenmenin verdi\u011fi zorluklarla m\u00fccadele ediyorlar. Engelli yurtta\u015flar\u0131m\u0131z\u0131n istekleri do\u011frultusunda, sosyal hayat\u0131n t\u00fcm alanlar\u0131nda eri\u015filebilir bir ya\u015fam sunulmas\u0131 i\u00e7in m\u00fccadele etmeye devam edece\u011fiz.\u201d<\/p>\n\r\n                <style type=\"text\/css\">\r\n                    \r\n                    #tdi_1  .td-doubleSlider-2 .td-item1 {\r\n                        background: url(https:\/\/chpantalya.com\/wp-content\/uploads\/2021\/12\/Rafet-Zeybek-Heyad-CHP-Genel-Merkezi-160x120.jpeg) 0 0 no-repeat;\r\n                    }\r\n                    #tdi_1  .td-doubleSlider-2 .td-item2 {\r\n                        background: url(https:\/\/chpantalya.com\/wp-content\/uploads\/2021\/12\/Rafet-Zeybek-Heyad-TBMM-160x120.jpg) 0 0 no-repeat;\r\n                    }\r\n                <\/style>\r\n\r\n                <div id=\"tdi_1\" class=\"td-gallery td-slide-on-2-columns\">\r\n                    <div class=\"post_td_gallery\">\r\n                        <div class=\"td-gallery-slide-top\">\r\n                           <div class=\"td-gallery-title\"><\/div>\r\n\r\n                            <div class=\"td-gallery-controls-wrapper\">\r\n                                <div class=\"td-gallery-slide-count\"><span class=\"td-gallery-slide-item-focus\">1<\/span> - 2<\/div>\r\n                                <div class=\"td-gallery-slide-prev-next-but\">\r\n                                    <i class = \"td-icon-left doubleSliderPrevButton\"><\/i>\r\n                                    <i class = \"td-icon-right doubleSliderNextButton\"><\/i>\r\n                                <\/div>\r\n                            <\/div>\r\n                        <\/div>\r\n\r\n                        <div class = \"td-doubleSlider-1 \">\r\n                            <div class = \"td-slider\">\r\n                                \r\n                    <div class = \"td-slide-item td-item1\">\r\n                        <figure class=\"td-slide-galery-figure td-slide-popup-gallery\">\r\n                            <a class=\"slide-gallery-image-link\" href=\"https:\/\/chpantalya.com\/wp-content\/uploads\/2021\/12\/Rafet-Zeybek-Heyad-CHP-Genel-Merkezi.jpeg\" title=\"Rafet Zeybek Heyad CHP Genel Merkezi\"  data-caption=\"\"  data-description=\"\">\r\n                                <img src=\"https:\/\/chpantalya.com\/wp-content\/uploads\/2021\/12\/Rafet-Zeybek-Heyad-CHP-Genel-Merkezi-560x420.jpeg\" srcset=\"https:\/\/chpantalya.com\/wp-content\/uploads\/2021\/12\/Rafet-Zeybek-Heyad-CHP-Genel-Merkezi-560x420.jpeg 420w, https:\/\/chpantalya.com\/wp-content\/uploads\/2021\/12\/Rafet-Zeybek-Heyad-CHP-Genel-Merkezi-1120x840.jpeg 840w\" sizes=\"(-webkit-min-device-pixel-ratio: 2) 840px, (min-resolution: 192dpi) 840px, 420px\" alt=\"\">\r\n                            <\/a>\r\n                            \r\n                        <\/figure>\r\n                    <\/div>\r\n                    <div class = \"td-slide-item td-item2\">\r\n                        <figure class=\"td-slide-galery-figure td-slide-popup-gallery\">\r\n                            <a class=\"slide-gallery-image-link\" href=\"https:\/\/chpantalya.com\/wp-content\/uploads\/2021\/12\/Rafet-Zeybek-Heyad-TBMM.jpg\" title=\"Rafet Zeybek Heyad TBMM\"  data-caption=\"\"  data-description=\"\">\r\n                                <img src=\"https:\/\/chpantalya.com\/wp-content\/uploads\/2021\/12\/Rafet-Zeybek-Heyad-TBMM-1136x420.jpg\" srcset=\"https:\/\/chpantalya.com\/wp-content\/uploads\/2021\/12\/Rafet-Zeybek-Heyad-TBMM-1136x420.jpg 420w, https:\/\/chpantalya.com\/wp-content\/uploads\/2021\/12\/Rafet-Zeybek-Heyad-TBMM.jpg 840w\" sizes=\"(-webkit-min-device-pixel-ratio: 2) 840px, (min-resolution: 192dpi) 840px, 420px\" alt=\"\">\r\n                            <\/a>\r\n                            \r\n                        <\/figure>\r\n                    <\/div>\r\n                            <\/div>\r\n                        <\/div>\r\n\r\n                        <div class = \"td-doubleSlider-2\">\r\n                            <div class = \"td-slider\">\r\n                                \r\n                    <div class = \"td-button td-item1\">\r\n                        <div class = \"td-border\"><\/div>\r\n                    <\/div>\r\n                    <div class = \"td-button td-item2\">\r\n                        <div class = \"td-border\"><\/div>\r\n                    <\/div>\r\n                            <\/div>\r\n                        <\/div>\r\n\r\n                    <\/div>\r\n\r\n                <\/div>\r\n                \n","protected":false},"excerpt":{"rendered":"<p>CHP Antalya Milletvekili ve TBMM Adalet Komisyonu \u00dcyesi Rafet Zeybek 3 Aral\u0131k D\u00fcnya Engelliler G\u00fcn\u00fc kapsam\u0131nda Antalya\u2019dan Ankara\u2019ya gelen Hasta ve Engelliler ile Yak\u0131nlar\u0131 Haklar\u0131 Derne\u011fi \u00fcyeleri ile T\u00fcrkiye B\u00fcy\u00fck Millet Meclisi\u2019nde bir araya geldi. CHP\u2019li Zeybek ve beraberindeki heyet daha sonras\u0131nda Cumhuriyet Halk Partisi Genel Merkezi\u2019nde, CHP Kad\u0131n Kollar\u0131 Genel Ba\u015fkan\u0131 Aylin Nazl\u0131aka ve [&hellip;]<\/p>\n","protected":false},"author":1,"featured_media":23433,"comment_status":"closed","ping_status":"open","sticky":false,"template":"","format":"standard","meta":[],"categories":[35,62],"tags":[],"amp_enabled":true,"_links":{"self":[{"href":"https:\/\/chpantalya.com\/index.php?rest_route=\/wp\/v2\/posts\/23509"}],"collection":[{"href":"https:\/\/chpantalya.com\/index.php?rest_route=\/wp\/v2\/posts"}],"about":[{"href":"https:\/\/chpantalya.com\/index.php?rest_route=\/wp\/v2\/types\/post"}],"author":[{"embeddable":true,"href":"https:\/\/chpantalya.com\/index.php?rest_route=\/wp\/v2\/users\/1"}],"replies":[{"embeddable":true,"href":"https:\/\/chpantalya.com\/index.php?rest_route=%2Fwp%2Fv2%2Fcomments&post=23509"}],"version-history":[{"count":0,"href":"https:\/\/chpantalya.com\/index.php?rest_route=\/wp\/v2\/posts\/23509\/revisions"}],"wp:featuredmedia":[{"embeddable":true,"href":"https:\/\/chpantalya.com\/index.php?rest_route=\/wp\/v2\/media\/23433"}],"wp:attachment":[{"href":"https:\/\/chpantalya.com\/index.php?rest_route=%2Fwp%2Fv2%2Fmedia&parent=23509"}],"wp:term":[{"taxonomy":"category","embeddable":true,"href":"https:\/\/chpantalya.com\/index.php?rest_route=%2Fwp%2Fv2%2Fcategories&post=23509"},{"taxonomy":"post_tag","embeddable":true,"href":"https:\/\/chpantalya.com\/index.php?rest_route=%2Fwp%2Fv2%2Ftags&post=23509"}],"curies":[{"name":"wp","href":"https:\/\/api.w.org\/{rel}","templated":true}]}}